{"id":652,"date":"2026-03-16T11:02:23","date_gmt":"2026-03-16T10:02:23","guid":{"rendered":"https:\/\/snes53.fr\/?p=652"},"modified":"2026-03-16T11:02:23","modified_gmt":"2026-03-16T10:02:23","slug":"compte-rendu-du-csa-d-du-lundi-16-mars-2026","status":"publish","type":"post","link":"https:\/\/snes53.fr\/index.php\/2026\/03\/16\/compte-rendu-du-csa-d-du-lundi-16-mars-2026\/","title":{"rendered":"Compte-rendu du CSA-D du lundi 16 mars 2026"},"content":{"rendered":"\n<p>Ce lundi 16 mars se tenait le Comit\u00e9 Social d&rsquo;Administration D\u00e9partemental \u00e0 la DSDEN de la Mayenne. <\/p>\n\n\n\n<p>A l&rsquo;ordre du jour les questions de l&rsquo;\u00e9volution de la carte des formations dans le d\u00e9partement et les cr\u00e9ations et suppressions de postes \u00e0 la rentr\u00e9e 2026-2027<\/p>\n\n\n\n<ul class=\"wp-block-list\">\n<li><strong>Evolution de la carte des formations dans le d\u00e9partement (pour information)<\/strong><\/li>\n<\/ul>\n\n\n\n<p>La DSDEN a pr\u00e9sent\u00e9 l&rsquo;\u00e9volution de la carte des formations suivante aux organisations repr\u00e9sentatives des personnels : <\/p>\n\n\n\n<figure class=\"wp-block-table\"><table class=\"has-fixed-layout\"><tbody><tr><td>LP Pierre et Marie Curie &#8211; Ch\u00e2teau Gontier<\/td><td>Ouverture d&rsquo;un bac pro m\u00e9tiers de la s\u00e9curit\u00e9 (18 places)<\/td><\/tr><tr><td>LP Robert Buron &#8211; Laval<\/td><td>Ouverture certificat sp\u00e9cialisation m\u00e9tiers du bar (12 places)<br>Ouverture d&rsquo;un certificat sp\u00e9cialisation p\u00e2tisserie de boutique (12 places)<br>Ouverture BTS m\u00e9tiers de la mode &#8211; v\u00eatements (12 places)<\/td><\/tr><tr><td>Coll\u00e8ge Jacques Monod &#8211; Laval<\/td><td>Ouverture section sportive gymnastique artistique<\/td><\/tr><tr><td>Lyc\u00e9e Douanier Rousseau &#8211; Laval<\/td><td>Ouverture sport \u00e9tude tennis de table<\/td><\/tr><tr><td>Coll\u00e8ge Emmanuel de Martonne &#8211; Laval<\/td><td>Fermeture LCE Espagnol<br>Ouverture LCE anglais<\/td><\/tr><tr><td>Coll\u00e8ge Misedon &#8211; Port Brillet<\/td><td>Ouverture LCE anglais<\/td><\/tr><\/tbody><\/table><\/figure>\n\n\n\n<p>Des pr\u00e9cisions ont \u00e9t\u00e9 apport\u00e9es par la DSDEN concernant la section sportive \u00e0 Jacques Monod, qui \u00e9tait d\u00e9j\u00e0 existante mais pas officiellement sur le papier, d&rsquo;o\u00f9 l&rsquo;ouverture annonc\u00e9e ce jour. <\/p>\n\n\n\n<p>Une question de la FSU a port\u00e9 sur le bac pro m\u00e9tiers de la s\u00e9curit\u00e9 : est-ce qu&rsquo;il fera suite au CAP agent de s\u00e9curit\u00e9 de la MFR ? La DSDEN nous a r\u00e9pondu que ce bac pro est ouvert pour capter les 3e dans cette formation <\/p>\n\n\n\n<ul class=\"wp-block-list\">\n<li><strong>Cr\u00e9ations\/suppressions de postes rentr\u00e9e 2026-2027<\/strong><\/li>\n<\/ul>\n\n\n\n<p>La DSDEN nous a ensuite pr\u00e9sent\u00e9 le document de travail sur les cr\u00e9ations et suppressions de postes \u00e0 la rentr\u00e9e scolaire prochaine. <\/p>\n\n\n\n<p>Pour le coll\u00e8ge, on a 12 suppressions (dont 5 mesures de carte scolaire) pour 5 cr\u00e9ations. Voici les mesures de carte scolaire pr\u00e9sent\u00e9es en coll\u00e8ge : <\/p>\n\n\n\n<figure class=\"wp-block-table\"><table class=\"has-fixed-layout\"><tbody><tr><td>Coll\u00e8ge Jules Ferry &#8211; Mayenne<\/td><td>Mesure de carte scolaire en lettres modernes<\/td><\/tr><tr><td>Coll\u00e8ge le Grand Champ &#8211; Grez en Bou\u00e8re<\/td><td>Mesure de carte scolaire en lettres modernes<\/td><\/tr><tr><td>Coll\u00e8ge Jean Rostand &#8211; Ch\u00e2teau Gontier<\/td><td>Mesure de carte scolaire en anglais<\/td><\/tr><tr><td>Coll\u00e8ge Paul Langevin &#8211; Evron<\/td><td>Mesure de carte scolaire en Histoire-g\u00e9ographie EMC<\/td><\/tr><tr><td>Coll\u00e8ge les Avaloirs &#8211; Pr\u00e9 en Pail<\/td><td>Mesure de carte scolaire en math\u00e9matiques<\/td><\/tr><\/tbody><\/table><\/figure>\n\n\n\n<p>Et les cr\u00e9ations de poste en coll\u00e8ge : <\/p>\n\n\n\n<figure class=\"wp-block-table\"><table class=\"has-fixed-layout\"><tbody><tr><td>Coll\u00e8ge Alain Gerbault (REP+) &#8211; Laval<\/td><td>Lettres modernes (poste SPEA : certification th\u00e9\u00e2tre pour les classes CHAT)<\/td><\/tr><tr><td>Coll\u00e8ge Alain Gerbault (REP+) &#8211; Laval<\/td><td>Anglais<\/td><\/tr><tr><td>Coll\u00e8ge Alain Gerbault (REP+) &#8211; Laval<\/td><td>Physique &#8211; Chimie<\/td><\/tr><tr><td>Coll\u00e8ge Jean Rostand &#8211; Ch\u00e2teau Gontier<\/td><td>Poste ULIS (plac\u00e9 sur HGEMC mais ouvert toutes disciplines)<\/td><\/tr><tr><td>Coll\u00e8ge B\u00e9atrix de G\u00e2vre &#8211; Montsurs<\/td><td>Poste ULIS (plac\u00e9 sur HGEMC mais ouvert toutes disciplines)<\/td><\/tr><\/tbody><\/table><\/figure>\n\n\n\n<p>Pour les lyc\u00e9es, on compte au total 12 suppressions de poste (dont 2 mesures de carte scolaire) : <\/p>\n\n\n\n<figure class=\"wp-block-table\"><table class=\"has-fixed-layout\"><tbody><tr><td>Lyc\u00e9e Lavoisier &#8211; Mayenne<\/td><td>Mesure de carte scolaire en philosophie<\/td><\/tr><tr><td>Lyc\u00e9e Lavoisier &#8211; Mayenne<\/td><td>Mesure de carte scolaire en SES<\/td><\/tr><\/tbody><\/table><\/figure>\n\n\n\n<p>La FSU a \u00e9mit des inqui\u00e9tudes sur ces deux derni\u00e8res mesures de carte scolaire, car ce sont des mati\u00e8res enseign\u00e9es qu&rsquo;en lyc\u00e9e et difficile de retrouver un poste. La DSDEN nous a r\u00e9pondu qu&rsquo;en SES, il y aurait un poste disponible sur Laval. Par contre, en philosophie, la DSDEN est plus inqui\u00e8te car il n&rsquo;y a pas assez d&rsquo;heures postes dans le d\u00e9partement par rapport au nombre de coll\u00e8gues. La situation sera donc \u00e0 surveiller pour cette personne. <\/p>\n\n\n\n<p>La FSU, avec l&rsquo;UNSA, a aussi \u00e9voqu\u00e9 la mesure de carte scolaire \u00e0 Evron, qui tombe sur une personne avec une situation personnelle complexe, surtout si elle devait aller loin. La DSDEN a not\u00e9 cela et sera vigilante pour cette personne afin de lui trouver un poste dans le nord Mayenne. <\/p>\n\n\n\n<p>Pour les cr\u00e9ations de poste, la FSU a pos\u00e9 la question sur le poste SPEA en lettres modernes \u00e0 Alain Gerbault. La certification th\u00e9\u00e2tre n&rsquo;est pas une certification que beaucoup de coll\u00e8gues ont, donc quid si personne ne postule sur le poste SPEA ? La DSDEN nous a r\u00e9pondu qu&rsquo;ils affecteraient une personne \u00e0 titre provisoire l&rsquo;an prochain, et qu&rsquo;ils esp\u00e9rent quand m\u00eame une candidature lors du prochain mouvement intra. <\/p>\n\n\n\n<p>Pour le poste \u00e0 Montsurs en ULIS, il y a une cr\u00e9ation car il y a une augmentation du nombre d&rsquo;\u00e9l\u00e8ves notifi\u00e9s ULIS second degr\u00e9 dans le d\u00e9partement. Cela explique le besoin d&rsquo;une cr\u00e9ation d&rsquo;une ULIS au sein du coll\u00e8ge B\u00e9atrix de G\u00e2vre. Le poste est fl\u00e9ch\u00e9 sur l&rsquo;histoire-g\u00e9ographie, mais comme depuis des ann\u00e9es, le rectorat de Nantes fl\u00e8che sur une discipline mais le poste ULIS est bien ouvert \u00e0 tout coll\u00e8gue de n&rsquo;importe quelle discipline. <\/p>\n\n\n\n<p><strong>R\u00e9sultat du vote : 0 pour \/ 2 abstentions (UNSA) \/ 8 contre (FSU\/CGT\/FO)<\/strong><\/p>\n","protected":false},"excerpt":{"rendered":"<p>Ce lundi 16 mars se tenait le Comit\u00e9 Social d&rsquo;Administration D\u00e9partemental \u00e0 la DSDEN de la Mayenne. A l&rsquo;ordre du jour les questions de l&rsquo;\u00e9volution de la carte des formations dans le d\u00e9partement et les cr\u00e9ations et suppressions de postes \u00e0 la rentr\u00e9e 2026-2027 La DSDEN a pr\u00e9sent\u00e9 l&rsquo;\u00e9volution de la carte des formations suivante [&hellip;]<\/p>\n","protected":false},"author":1,"featured_media":261,"comment_status":"closed","ping_status":"open","sticky":false,"template":"","format":"standard","meta":{"footnotes":""},"categories":[5,9],"tags":[],"class_list":["post-652","post","type-post","status-publish","format-standard","has-post-thumbnail","hentry","category-actualites","category-csa-d"],"yoast_head":"<!-- This site is optimized with the Yoast SEO plugin v25.3.1 - https:\/\/yoast.com\/wordpress\/plugins\/seo\/ -->\n<title>Compte-rendu du CSA-D du lundi 16 mars 2026 - SNES-FSU 53 - 1er syndicat du second degr\u00e9 de la Mayenne<\/title>\n<meta name=\"robots\" content=\"index, follow, max-snippet:-1, max-image-preview:large, max-video-preview:-1\" \/>\n<link rel=\"canonical\" href=\"https:\/\/snes53.fr\/index.php\/2026\/03\/16\/compte-rendu-du-csa-d-du-lundi-16-mars-2026\/\" \/>\n<meta property=\"og:locale\" content=\"fr_FR\" \/>\n<meta property=\"og:type\" content=\"article\" \/>\n<meta property=\"og:title\" content=\"Compte-rendu du CSA-D du lundi 16 mars 2026 - SNES-FSU 53 - 1er syndicat du second degr\u00e9 de la Mayenne\" \/>\n<meta property=\"og:description\" content=\"Ce lundi 16 mars se tenait le Comit\u00e9 Social d&rsquo;Administration D\u00e9partemental \u00e0 la DSDEN de la Mayenne. A l&rsquo;ordre du jour les questions de l&rsquo;\u00e9volution de la carte des formations dans le d\u00e9partement et les cr\u00e9ations et suppressions de postes \u00e0 la rentr\u00e9e 2026-2027 La DSDEN a pr\u00e9sent\u00e9 l&rsquo;\u00e9volution de la carte des formations suivante [&hellip;]\" \/>\n<meta property=\"og:url\" content=\"https:\/\/snes53.fr\/index.php\/2026\/03\/16\/compte-rendu-du-csa-d-du-lundi-16-mars-2026\/\" \/>\n<meta property=\"og:site_name\" content=\"SNES-FSU 53 - 1er syndicat du second degr\u00e9 de la Mayenne\" \/>\n<meta property=\"article:published_time\" content=\"2026-03-16T10:02:23+00:00\" \/>\n<meta property=\"og:image\" content=\"https:\/\/snes53.fr\/wp-content\/uploads\/2025\/01\/csa_3.jpg\" \/>\n\t<meta property=\"og:image:width\" content=\"277\" \/>\n\t<meta property=\"og:image:height\" content=\"182\" \/>\n\t<meta property=\"og:image:type\" content=\"image\/jpeg\" \/>\n<meta name=\"author\" content=\"SNES FSU 53\" \/>\n<meta name=\"twitter:card\" content=\"summary_large_image\" \/>\n<meta name=\"twitter:label1\" content=\"\u00c9crit par\" \/>\n\t<meta name=\"twitter:data1\" content=\"SNES FSU 53\" \/>\n\t<meta name=\"twitter:label2\" content=\"Dur\u00e9e de lecture estim\u00e9e\" \/>\n\t<meta name=\"twitter:data2\" content=\"4 minutes\" \/>\n<script type=\"application\/ld+json\" class=\"yoast-schema-graph\">{\"@context\":\"https:\/\/schema.org\",\"@graph\":[{\"@type\":\"Article\",\"@id\":\"https:\/\/snes53.fr\/index.php\/2026\/03\/16\/compte-rendu-du-csa-d-du-lundi-16-mars-2026\/#article\",\"isPartOf\":{\"@id\":\"https:\/\/snes53.fr\/index.php\/2026\/03\/16\/compte-rendu-du-csa-d-du-lundi-16-mars-2026\/\"},\"author\":{\"name\":\"SNES FSU 53\",\"@id\":\"https:\/\/snes53.fr\/#\/schema\/person\/42a254727ba896c9c6e12c398c9a7fe1\"},\"headline\":\"Compte-rendu du CSA-D du lundi 16 mars 2026\",\"datePublished\":\"2026-03-16T10:02:23+00:00\",\"mainEntityOfPage\":{\"@id\":\"https:\/\/snes53.fr\/index.php\/2026\/03\/16\/compte-rendu-du-csa-d-du-lundi-16-mars-2026\/\"},\"wordCount\":842,\"publisher\":{\"@id\":\"https:\/\/snes53.fr\/#organization\"},\"image\":{\"@id\":\"https:\/\/snes53.fr\/index.php\/2026\/03\/16\/compte-rendu-du-csa-d-du-lundi-16-mars-2026\/#primaryimage\"},\"thumbnailUrl\":\"https:\/\/snes53.fr\/wp-content\/uploads\/2025\/01\/csa_3.jpg\",\"articleSection\":[\"Actualit\u00e9s\",\"CSA-D\"],\"inLanguage\":\"fr-FR\"},{\"@type\":\"WebPage\",\"@id\":\"https:\/\/snes53.fr\/index.php\/2026\/03\/16\/compte-rendu-du-csa-d-du-lundi-16-mars-2026\/\",\"url\":\"https:\/\/snes53.fr\/index.php\/2026\/03\/16\/compte-rendu-du-csa-d-du-lundi-16-mars-2026\/\",\"name\":\"Compte-rendu du CSA-D du lundi 16 mars 2026 - SNES-FSU 53 - 1er syndicat du second degr\u00e9 de la Mayenne\",\"isPartOf\":{\"@id\":\"https:\/\/snes53.fr\/#website\"},\"primaryImageOfPage\":{\"@id\":\"https:\/\/snes53.fr\/index.php\/2026\/03\/16\/compte-rendu-du-csa-d-du-lundi-16-mars-2026\/#primaryimage\"},\"image\":{\"@id\":\"https:\/\/snes53.fr\/index.php\/2026\/03\/16\/compte-rendu-du-csa-d-du-lundi-16-mars-2026\/#primaryimage\"},\"thumbnailUrl\":\"https:\/\/snes53.fr\/wp-content\/uploads\/2025\/01\/csa_3.jpg\",\"datePublished\":\"2026-03-16T10:02:23+00:00\",\"breadcrumb\":{\"@id\":\"https:\/\/snes53.fr\/index.php\/2026\/03\/16\/compte-rendu-du-csa-d-du-lundi-16-mars-2026\/#breadcrumb\"},\"inLanguage\":\"fr-FR\",\"potentialAction\":[{\"@type\":\"ReadAction\",\"target\":[\"https:\/\/snes53.fr\/index.php\/2026\/03\/16\/compte-rendu-du-csa-d-du-lundi-16-mars-2026\/\"]}]},{\"@type\":\"ImageObject\",\"inLanguage\":\"fr-FR\",\"@id\":\"https:\/\/snes53.fr\/index.php\/2026\/03\/16\/compte-rendu-du-csa-d-du-lundi-16-mars-2026\/#primaryimage\",\"url\":\"https:\/\/snes53.fr\/wp-content\/uploads\/2025\/01\/csa_3.jpg\",\"contentUrl\":\"https:\/\/snes53.fr\/wp-content\/uploads\/2025\/01\/csa_3.jpg\",\"width\":277,\"height\":182},{\"@type\":\"BreadcrumbList\",\"@id\":\"https:\/\/snes53.fr\/index.php\/2026\/03\/16\/compte-rendu-du-csa-d-du-lundi-16-mars-2026\/#breadcrumb\",\"itemListElement\":[{\"@type\":\"ListItem\",\"position\":1,\"name\":\"Accueil\",\"item\":\"https:\/\/snes53.fr\/\"},{\"@type\":\"ListItem\",\"position\":2,\"name\":\"Compte-rendu du CSA-D du lundi 16 mars 2026\"}]},{\"@type\":\"WebSite\",\"@id\":\"https:\/\/snes53.fr\/#website\",\"url\":\"https:\/\/snes53.fr\/\",\"name\":\"SNES-FSU 53\",\"description\":\"\",\"publisher\":{\"@id\":\"https:\/\/snes53.fr\/#organization\"},\"potentialAction\":[{\"@type\":\"SearchAction\",\"target\":{\"@type\":\"EntryPoint\",\"urlTemplate\":\"https:\/\/snes53.fr\/?s={search_term_string}\"},\"query-input\":{\"@type\":\"PropertyValueSpecification\",\"valueRequired\":true,\"valueName\":\"search_term_string\"}}],\"inLanguage\":\"fr-FR\"},{\"@type\":\"Organization\",\"@id\":\"https:\/\/snes53.fr\/#organization\",\"name\":\"SNES-FSU 53\",\"url\":\"https:\/\/snes53.fr\/\",\"logo\":{\"@type\":\"ImageObject\",\"inLanguage\":\"fr-FR\",\"@id\":\"https:\/\/snes53.fr\/#\/schema\/logo\/image\/\",\"url\":\"https:\/\/snes53.fr\/wp-content\/uploads\/2024\/07\/cropped-logo-snes-53-v2-3.png\",\"contentUrl\":\"https:\/\/snes53.fr\/wp-content\/uploads\/2024\/07\/cropped-logo-snes-53-v2-3.png\",\"width\":944,\"height\":831,\"caption\":\"SNES-FSU 53\"},\"image\":{\"@id\":\"https:\/\/snes53.fr\/#\/schema\/logo\/image\/\"}},{\"@type\":\"Person\",\"@id\":\"https:\/\/snes53.fr\/#\/schema\/person\/42a254727ba896c9c6e12c398c9a7fe1\",\"name\":\"SNES FSU 53\",\"image\":{\"@type\":\"ImageObject\",\"inLanguage\":\"fr-FR\",\"@id\":\"https:\/\/snes53.fr\/#\/schema\/person\/image\/\",\"url\":\"https:\/\/secure.gravatar.com\/avatar\/f07ff49cdac1b172208417959738d5d1fce2e5ff8a35952ea50e41b0f5cbf932?s=96&d=mm&r=g\",\"contentUrl\":\"https:\/\/secure.gravatar.com\/avatar\/f07ff49cdac1b172208417959738d5d1fce2e5ff8a35952ea50e41b0f5cbf932?s=96&d=mm&r=g\",\"caption\":\"SNES FSU 53\"},\"sameAs\":[\"http:\/\/snes53.fr\"],\"url\":\"https:\/\/snes53.fr\/index.php\/author\/admin9881\/\"}]}<\/script>\n<!-- \/ Yoast SEO plugin. -->","yoast_head_json":{"title":"Compte-rendu du CSA-D du lundi 16 mars 2026 - SNES-FSU 53 - 1er syndicat du second degr\u00e9 de la Mayenne","robots":{"index":"index","follow":"follow","max-snippet":"max-snippet:-1","max-image-preview":"max-image-preview:large","max-video-preview":"max-video-preview:-1"},"canonical":"https:\/\/snes53.fr\/index.php\/2026\/03\/16\/compte-rendu-du-csa-d-du-lundi-16-mars-2026\/","og_locale":"fr_FR","og_type":"article","og_title":"Compte-rendu du CSA-D du lundi 16 mars 2026 - SNES-FSU 53 - 1er syndicat du second degr\u00e9 de la Mayenne","og_description":"Ce lundi 16 mars se tenait le Comit\u00e9 Social d&rsquo;Administration D\u00e9partemental \u00e0 la DSDEN de la Mayenne. A l&rsquo;ordre du jour les questions de l&rsquo;\u00e9volution de la carte des formations dans le d\u00e9partement et les cr\u00e9ations et suppressions de postes \u00e0 la rentr\u00e9e 2026-2027 La DSDEN a pr\u00e9sent\u00e9 l&rsquo;\u00e9volution de la carte des formations suivante [&hellip;]","og_url":"https:\/\/snes53.fr\/index.php\/2026\/03\/16\/compte-rendu-du-csa-d-du-lundi-16-mars-2026\/","og_site_name":"SNES-FSU 53 - 1er syndicat du second degr\u00e9 de la Mayenne","article_published_time":"2026-03-16T10:02:23+00:00","og_image":[{"width":277,"height":182,"url":"https:\/\/snes53.fr\/wp-content\/uploads\/2025\/01\/csa_3.jpg","type":"image\/jpeg"}],"author":"SNES FSU 53","twitter_card":"summary_large_image","twitter_misc":{"\u00c9crit par":"SNES FSU 53","Dur\u00e9e de lecture estim\u00e9e":"4 minutes"},"schema":{"@context":"https:\/\/schema.org","@graph":[{"@type":"Article","@id":"https:\/\/snes53.fr\/index.php\/2026\/03\/16\/compte-rendu-du-csa-d-du-lundi-16-mars-2026\/#article","isPartOf":{"@id":"https:\/\/snes53.fr\/index.php\/2026\/03\/16\/compte-rendu-du-csa-d-du-lundi-16-mars-2026\/"},"author":{"name":"SNES FSU 53","@id":"https:\/\/snes53.fr\/#\/schema\/person\/42a254727ba896c9c6e12c398c9a7fe1"},"headline":"Compte-rendu du CSA-D du lundi 16 mars 2026","datePublished":"2026-03-16T10:02:23+00:00","mainEntityOfPage":{"@id":"https:\/\/snes53.fr\/index.php\/2026\/03\/16\/compte-rendu-du-csa-d-du-lundi-16-mars-2026\/"},"wordCount":842,"publisher":{"@id":"https:\/\/snes53.fr\/#organization"},"image":{"@id":"https:\/\/snes53.fr\/index.php\/2026\/03\/16\/compte-rendu-du-csa-d-du-lundi-16-mars-2026\/#primaryimage"},"thumbnailUrl":"https:\/\/snes53.fr\/wp-content\/uploads\/2025\/01\/csa_3.jpg","articleSection":["Actualit\u00e9s","CSA-D"],"inLanguage":"fr-FR"},{"@type":"WebPage","@id":"https:\/\/snes53.fr\/index.php\/2026\/03\/16\/compte-rendu-du-csa-d-du-lundi-16-mars-2026\/","url":"https:\/\/snes53.fr\/index.php\/2026\/03\/16\/compte-rendu-du-csa-d-du-lundi-16-mars-2026\/","name":"Compte-rendu du CSA-D du lundi 16 mars 2026 - SNES-FSU 53 - 1er syndicat du second degr\u00e9 de la Mayenne","isPartOf":{"@id":"https:\/\/snes53.fr\/#website"},"primaryImageOfPage":{"@id":"https:\/\/snes53.fr\/index.php\/2026\/03\/16\/compte-rendu-du-csa-d-du-lundi-16-mars-2026\/#primaryimage"},"image":{"@id":"https:\/\/snes53.fr\/index.php\/2026\/03\/16\/compte-rendu-du-csa-d-du-lundi-16-mars-2026\/#primaryimage"},"thumbnailUrl":"https:\/\/snes53.fr\/wp-content\/uploads\/2025\/01\/csa_3.jpg","datePublished":"2026-03-16T10:02:23+00:00","breadcrumb":{"@id":"https:\/\/snes53.fr\/index.php\/2026\/03\/16\/compte-rendu-du-csa-d-du-lundi-16-mars-2026\/#breadcrumb"},"inLanguage":"fr-FR","potentialAction":[{"@type":"ReadAction","target":["https:\/\/snes53.fr\/index.php\/2026\/03\/16\/compte-rendu-du-csa-d-du-lundi-16-mars-2026\/"]}]},{"@type":"ImageObject","inLanguage":"fr-FR","@id":"https:\/\/snes53.fr\/index.php\/2026\/03\/16\/compte-rendu-du-csa-d-du-lundi-16-mars-2026\/#primaryimage","url":"https:\/\/snes53.fr\/wp-content\/uploads\/2025\/01\/csa_3.jpg","contentUrl":"https:\/\/snes53.fr\/wp-content\/uploads\/2025\/01\/csa_3.jpg","width":277,"height":182},{"@type":"BreadcrumbList","@id":"https:\/\/snes53.fr\/index.php\/2026\/03\/16\/compte-rendu-du-csa-d-du-lundi-16-mars-2026\/#breadcrumb","itemListElement":[{"@type":"ListItem","position":1,"name":"Accueil","item":"https:\/\/snes53.fr\/"},{"@type":"ListItem","position":2,"name":"Compte-rendu du CSA-D du lundi 16 mars 2026"}]},{"@type":"WebSite","@id":"https:\/\/snes53.fr\/#website","url":"https:\/\/snes53.fr\/","name":"SNES-FSU 53","description":"","publisher":{"@id":"https:\/\/snes53.fr\/#organization"},"potentialAction":[{"@type":"SearchAction","target":{"@type":"EntryPoint","urlTemplate":"https:\/\/snes53.fr\/?s={search_term_string}"},"query-input":{"@type":"PropertyValueSpecification","valueRequired":true,"valueName":"search_term_string"}}],"inLanguage":"fr-FR"},{"@type":"Organization","@id":"https:\/\/snes53.fr\/#organization","name":"SNES-FSU 53","url":"https:\/\/snes53.fr\/","logo":{"@type":"ImageObject","inLanguage":"fr-FR","@id":"https:\/\/snes53.fr\/#\/schema\/logo\/image\/","url":"https:\/\/snes53.fr\/wp-content\/uploads\/2024\/07\/cropped-logo-snes-53-v2-3.png","contentUrl":"https:\/\/snes53.fr\/wp-content\/uploads\/2024\/07\/cropped-logo-snes-53-v2-3.png","width":944,"height":831,"caption":"SNES-FSU 53"},"image":{"@id":"https:\/\/snes53.fr\/#\/schema\/logo\/image\/"}},{"@type":"Person","@id":"https:\/\/snes53.fr\/#\/schema\/person\/42a254727ba896c9c6e12c398c9a7fe1","name":"SNES FSU 53","image":{"@type":"ImageObject","inLanguage":"fr-FR","@id":"https:\/\/snes53.fr\/#\/schema\/person\/image\/","url":"https:\/\/secure.gravatar.com\/avatar\/f07ff49cdac1b172208417959738d5d1fce2e5ff8a35952ea50e41b0f5cbf932?s=96&d=mm&r=g","contentUrl":"https:\/\/secure.gravatar.com\/avatar\/f07ff49cdac1b172208417959738d5d1fce2e5ff8a35952ea50e41b0f5cbf932?s=96&d=mm&r=g","caption":"SNES FSU 53"},"sameAs":["http:\/\/snes53.fr"],"url":"https:\/\/snes53.fr\/index.php\/author\/admin9881\/"}]}},"_links":{"self":[{"href":"https:\/\/snes53.fr\/index.php\/wp-json\/wp\/v2\/posts\/652","targetHints":{"allow":["GET"]}}],"collection":[{"href":"https:\/\/snes53.fr\/index.php\/wp-json\/wp\/v2\/posts"}],"about":[{"href":"https:\/\/snes53.fr\/index.php\/wp-json\/wp\/v2\/types\/post"}],"author":[{"embeddable":true,"href":"https:\/\/snes53.fr\/index.php\/wp-json\/wp\/v2\/users\/1"}],"replies":[{"embeddable":true,"href":"https:\/\/snes53.fr\/index.php\/wp-json\/wp\/v2\/comments?post=652"}],"version-history":[{"count":1,"href":"https:\/\/snes53.fr\/index.php\/wp-json\/wp\/v2\/posts\/652\/revisions"}],"predecessor-version":[{"id":653,"href":"https:\/\/snes53.fr\/index.php\/wp-json\/wp\/v2\/posts\/652\/revisions\/653"}],"wp:featuredmedia":[{"embeddable":true,"href":"https:\/\/snes53.fr\/index.php\/wp-json\/wp\/v2\/media\/261"}],"wp:attachment":[{"href":"https:\/\/snes53.fr\/index.php\/wp-json\/wp\/v2\/media?parent=652"}],"wp:term":[{"taxonomy":"category","embeddable":true,"href":"https:\/\/snes53.fr\/index.php\/wp-json\/wp\/v2\/categories?post=652"},{"taxonomy":"post_tag","embeddable":true,"href":"https:\/\/snes53.fr\/index.php\/wp-json\/wp\/v2\/tags?post=652"}],"curies":[{"name":"wp","href":"https:\/\/api.w.org\/{rel}","templated":true}]}}