{"id":610,"date":"2026-01-28T20:46:03","date_gmt":"2026-01-28T19:46:03","guid":{"rendered":"https:\/\/snes53.fr\/?p=610"},"modified":"2026-01-29T06:59:14","modified_gmt":"2026-01-29T05:59:14","slug":"rentree-2026-99-etp-dans-lacademie-de-nantes-cest-non","status":"publish","type":"post","link":"https:\/\/snes53.fr\/index.php\/2026\/01\/28\/rentree-2026-99-etp-dans-lacademie-de-nantes-cest-non\/","title":{"rendered":"Rentr\u00e9e 2026 : -99 ETP dans l&rsquo;acad\u00e9mie de Nantes, c&rsquo;est NON !"},"content":{"rendered":"\n<p>Le minist\u00e8re de l&rsquo;Education nationale a tenu son Comit\u00e9 Social d&rsquo;Administration (CSA-MEN) lundi dernier, pour donner ses pr\u00e9visions de rentr\u00e9e pour septembre 2026.<\/p>\n\n\n\n<p>Grand moment de cafouillage, car au d\u00e9part, il a \u00e9t\u00e9 annonc\u00e9 1803 ETP (Equivalent Temps Plein) supprim\u00e9s pour la rentr\u00e9e. Le SNES-FSU est intervenu pour r\u00e9tablir les bons chiffres, d\u00e9sormais, ce sont 1365 postes en moins. <\/p>\n\n\n\n<p>Dans l&rsquo;acad\u00e9mie de Nantes, le CSA-A a eu lieu mardi 27 janvier, mais avec les mauvais chiffres (-120 ETP pr\u00e9vus). D\u00e9sormais, on parle de 99 ETP en moins pour la rentr\u00e9e (avant d&rsquo;\u00e9ventuels ajustements qui auront lieu en fin de semaine). <\/p>\n\n\n\n<p class=\"has-white-color has-vivid-red-background-color has-text-color has-background has-link-color wp-elements-ab370e95e9fa4307ee10f85d244ef2cf\"><strong>En Mayenne, nous aurions &#8211; 15 ETP en coll\u00e8ge et &#8211; 2 ETP en lyc\u00e9e, soit -17 ETP au total pour 228 \u00e9l\u00e8ves en moins. <\/strong><br>On sait aussi que le coll\u00e8ge Alain Gerbault de Laval fait partie de la liste des <a href=\"https:\/\/www.snes.edu\/article\/800-colleges-la-matrice-dune-reforme-manageriale\/\">800 coll\u00e8ges en progr\u00e8s<\/a>, qui n&rsquo;est qu&rsquo;une \u00e9ni\u00e8me r\u00e9forme de n\u00e9o-management et de surveillance des pratiques p\u00e9dagogiques (dont le SNES a fait un article que vous pourrez lire en <a href=\"https:\/\/www.snes.edu\/article\/800-colleges-la-matrice-dune-reforme-manageriale\/\">cliquant ici<\/a>)<\/p>\n\n\n\n<p>Bref, que cela soit 120 ETP en moins ou 99, ce sont des suppressions innaceptables pour nous, le SNES-FSU ! Le pr\u00e9texte de la baisse d\u00e9mographique devrait permettre de r\u00e9duire le nombre d&rsquo;\u00e9l\u00e8ves par classe (car nous avons les classes les plus charg\u00e9es de l&rsquo;UE). Aucun poste de CPE ne sera cr\u00e9\u00e9 et trop peu de postes d&rsquo;AESH seront mis en place. Bref, la destruction de l&rsquo;Education nationale et des \u00e9coles publiques est toujours en marche dans la macronie ! <\/p>\n\n\n\n<p>Dans ces conditions, nous avons d\u00e9cid\u00e9, avec FO, de ne pas si\u00e9ger demain, jeudi 29 janvier, au CSA-D\u00e9partemental. Les documents de travail (c&rsquo;est \u00e0 dire les DHG du d\u00e9partement) n&rsquo;ont toujours pas \u00e9t\u00e9 communiqu\u00e9s aux syndicats (peu \u00e9tonnant car les chiffres ne sont toujours pas stabilis\u00e9s au niveau acad\u00e9mique), et nous refusons ces destructions d&#8217;emplois en masse. De toute mani\u00e8re, comme le rectorat pr\u00e9voie encore des r\u00e9unions cette semaine sur les DHG, les CSA-D sont g\u00eal\u00e9s et ne pourront se tenir. Le prochain CSA-D aura lieu le 6 f\u00e9vrier prochain (date de repli pr\u00e9vu dans le calendrier). Vous trouverez, ci-dessous, la d\u00e9claration commune FSU-FO.<\/p>\n\n\n\n<div data-wp-interactive=\"core\/file\" class=\"wp-block-file\"><object data-wp-bind--hidden=\"!state.hasPdfPreview\" hidden class=\"wp-block-file__embed\" data=\"https:\/\/snes53.fr\/wp-content\/uploads\/2026\/01\/Communique-FSU-FO.pdf\" type=\"application\/pdf\" style=\"width:100%;height:600px\" aria-label=\"Contenu embarqu\u00e9 Communique\u0301 FSU FO.\"><\/object><a id=\"wp-block-file--media-3f579ef0-fa09-4344-b138-879b96229bdd\" href=\"https:\/\/snes53.fr\/wp-content\/uploads\/2026\/01\/Communique-FSU-FO.pdf\">Communique\u0301 FSU FO<\/a><a href=\"https:\/\/snes53.fr\/wp-content\/uploads\/2026\/01\/Communique-FSU-FO.pdf\" class=\"wp-block-file__button wp-element-button\" download aria-describedby=\"wp-block-file--media-3f579ef0-fa09-4344-b138-879b96229bdd\">T\u00e9l\u00e9charger<\/a><\/div>\n","protected":false},"excerpt":{"rendered":"<p>Le minist\u00e8re de l&rsquo;Education nationale a tenu son Comit\u00e9 Social d&rsquo;Administration (CSA-MEN) lundi dernier, pour donner ses pr\u00e9visions de rentr\u00e9e pour septembre 2026. Grand moment de cafouillage, car au d\u00e9part, il a \u00e9t\u00e9 annonc\u00e9 1803 ETP (Equivalent Temps Plein) supprim\u00e9s pour la rentr\u00e9e. Le SNES-FSU est intervenu pour r\u00e9tablir les bons chiffres, d\u00e9sormais, ce sont [&hellip;]<\/p>\n","protected":false},"author":1,"featured_media":616,"comment_status":"closed","ping_status":"open","sticky":false,"template":"","format":"standard","meta":{"footnotes":""},"categories":[5,9],"tags":[],"class_list":["post-610","post","type-post","status-publish","format-standard","has-post-thumbnail","hentry","category-actualites","category-csa-d"],"yoast_head":"<!-- This site is optimized with the Yoast SEO plugin v25.3.1 - https:\/\/yoast.com\/wordpress\/plugins\/seo\/ -->\n<title>Rentr\u00e9e 2026 : -99 ETP dans l&#039;acad\u00e9mie de Nantes, c&#039;est NON ! - SNES-FSU 53 - 1er syndicat du second degr\u00e9 de la Mayenne<\/title>\n<meta name=\"robots\" content=\"index, follow, max-snippet:-1, max-image-preview:large, max-video-preview:-1\" \/>\n<link rel=\"canonical\" href=\"https:\/\/snes53.fr\/index.php\/2026\/01\/28\/rentree-2026-99-etp-dans-lacademie-de-nantes-cest-non\/\" \/>\n<meta property=\"og:locale\" content=\"fr_FR\" \/>\n<meta property=\"og:type\" content=\"article\" \/>\n<meta property=\"og:title\" content=\"Rentr\u00e9e 2026 : -99 ETP dans l&#039;acad\u00e9mie de Nantes, c&#039;est NON ! - SNES-FSU 53 - 1er syndicat du second degr\u00e9 de la Mayenne\" \/>\n<meta property=\"og:description\" content=\"Le minist\u00e8re de l&rsquo;Education nationale a tenu son Comit\u00e9 Social d&rsquo;Administration (CSA-MEN) lundi dernier, pour donner ses pr\u00e9visions de rentr\u00e9e pour septembre 2026. Grand moment de cafouillage, car au d\u00e9part, il a \u00e9t\u00e9 annonc\u00e9 1803 ETP (Equivalent Temps Plein) supprim\u00e9s pour la rentr\u00e9e. Le SNES-FSU est intervenu pour r\u00e9tablir les bons chiffres, d\u00e9sormais, ce sont [&hellip;]\" \/>\n<meta property=\"og:url\" content=\"https:\/\/snes53.fr\/index.php\/2026\/01\/28\/rentree-2026-99-etp-dans-lacademie-de-nantes-cest-non\/\" \/>\n<meta property=\"og:site_name\" content=\"SNES-FSU 53 - 1er syndicat du second degr\u00e9 de la Mayenne\" \/>\n<meta property=\"article:published_time\" content=\"2026-01-28T19:46:03+00:00\" \/>\n<meta property=\"article:modified_time\" content=\"2026-01-29T05:59:14+00:00\" \/>\n<meta property=\"og:image\" content=\"https:\/\/snes53.fr\/wp-content\/uploads\/2026\/01\/Capture-decran-2026-01-29-a-06.53.25-e1769666051994.png\" \/>\n\t<meta property=\"og:image:width\" content=\"600\" \/>\n\t<meta property=\"og:image:height\" content=\"566\" \/>\n\t<meta property=\"og:image:type\" content=\"image\/png\" \/>\n<meta name=\"author\" content=\"SNES FSU 53\" \/>\n<meta name=\"twitter:card\" content=\"summary_large_image\" \/>\n<meta name=\"twitter:label1\" content=\"\u00c9crit par\" \/>\n\t<meta name=\"twitter:data1\" content=\"SNES FSU 53\" \/>\n\t<meta name=\"twitter:label2\" content=\"Dur\u00e9e de lecture estim\u00e9e\" \/>\n\t<meta name=\"twitter:data2\" content=\"3 minutes\" \/>\n<script type=\"application\/ld+json\" class=\"yoast-schema-graph\">{\"@context\":\"https:\/\/schema.org\",\"@graph\":[{\"@type\":\"Article\",\"@id\":\"https:\/\/snes53.fr\/index.php\/2026\/01\/28\/rentree-2026-99-etp-dans-lacademie-de-nantes-cest-non\/#article\",\"isPartOf\":{\"@id\":\"https:\/\/snes53.fr\/index.php\/2026\/01\/28\/rentree-2026-99-etp-dans-lacademie-de-nantes-cest-non\/\"},\"author\":{\"name\":\"SNES FSU 53\",\"@id\":\"https:\/\/snes53.fr\/#\/schema\/person\/42a254727ba896c9c6e12c398c9a7fe1\"},\"headline\":\"Rentr\u00e9e 2026 : -99 ETP dans l&rsquo;acad\u00e9mie de Nantes, c&rsquo;est NON !\",\"datePublished\":\"2026-01-28T19:46:03+00:00\",\"dateModified\":\"2026-01-29T05:59:14+00:00\",\"mainEntityOfPage\":{\"@id\":\"https:\/\/snes53.fr\/index.php\/2026\/01\/28\/rentree-2026-99-etp-dans-lacademie-de-nantes-cest-non\/\"},\"wordCount\":414,\"publisher\":{\"@id\":\"https:\/\/snes53.fr\/#organization\"},\"image\":{\"@id\":\"https:\/\/snes53.fr\/index.php\/2026\/01\/28\/rentree-2026-99-etp-dans-lacademie-de-nantes-cest-non\/#primaryimage\"},\"thumbnailUrl\":\"https:\/\/snes53.fr\/wp-content\/uploads\/2026\/01\/Capture-decran-2026-01-29-a-06.53.25-e1769666051994.png\",\"articleSection\":[\"Actualit\u00e9s\",\"CSA-D\"],\"inLanguage\":\"fr-FR\"},{\"@type\":\"WebPage\",\"@id\":\"https:\/\/snes53.fr\/index.php\/2026\/01\/28\/rentree-2026-99-etp-dans-lacademie-de-nantes-cest-non\/\",\"url\":\"https:\/\/snes53.fr\/index.php\/2026\/01\/28\/rentree-2026-99-etp-dans-lacademie-de-nantes-cest-non\/\",\"name\":\"Rentr\u00e9e 2026 : -99 ETP dans l'acad\u00e9mie de Nantes, c'est NON ! - SNES-FSU 53 - 1er syndicat du second degr\u00e9 de la Mayenne\",\"isPartOf\":{\"@id\":\"https:\/\/snes53.fr\/#website\"},\"primaryImageOfPage\":{\"@id\":\"https:\/\/snes53.fr\/index.php\/2026\/01\/28\/rentree-2026-99-etp-dans-lacademie-de-nantes-cest-non\/#primaryimage\"},\"image\":{\"@id\":\"https:\/\/snes53.fr\/index.php\/2026\/01\/28\/rentree-2026-99-etp-dans-lacademie-de-nantes-cest-non\/#primaryimage\"},\"thumbnailUrl\":\"https:\/\/snes53.fr\/wp-content\/uploads\/2026\/01\/Capture-decran-2026-01-29-a-06.53.25-e1769666051994.png\",\"datePublished\":\"2026-01-28T19:46:03+00:00\",\"dateModified\":\"2026-01-29T05:59:14+00:00\",\"breadcrumb\":{\"@id\":\"https:\/\/snes53.fr\/index.php\/2026\/01\/28\/rentree-2026-99-etp-dans-lacademie-de-nantes-cest-non\/#breadcrumb\"},\"inLanguage\":\"fr-FR\",\"potentialAction\":[{\"@type\":\"ReadAction\",\"target\":[\"https:\/\/snes53.fr\/index.php\/2026\/01\/28\/rentree-2026-99-etp-dans-lacademie-de-nantes-cest-non\/\"]}]},{\"@type\":\"ImageObject\",\"inLanguage\":\"fr-FR\",\"@id\":\"https:\/\/snes53.fr\/index.php\/2026\/01\/28\/rentree-2026-99-etp-dans-lacademie-de-nantes-cest-non\/#primaryimage\",\"url\":\"https:\/\/snes53.fr\/wp-content\/uploads\/2026\/01\/Capture-decran-2026-01-29-a-06.53.25-e1769666051994.png\",\"contentUrl\":\"https:\/\/snes53.fr\/wp-content\/uploads\/2026\/01\/Capture-decran-2026-01-29-a-06.53.25-e1769666051994.png\",\"width\":600,\"height\":566},{\"@type\":\"BreadcrumbList\",\"@id\":\"https:\/\/snes53.fr\/index.php\/2026\/01\/28\/rentree-2026-99-etp-dans-lacademie-de-nantes-cest-non\/#breadcrumb\",\"itemListElement\":[{\"@type\":\"ListItem\",\"position\":1,\"name\":\"Accueil\",\"item\":\"https:\/\/snes53.fr\/\"},{\"@type\":\"ListItem\",\"position\":2,\"name\":\"Rentr\u00e9e 2026 : -99 ETP dans l&rsquo;acad\u00e9mie de Nantes, c&rsquo;est NON !\"}]},{\"@type\":\"WebSite\",\"@id\":\"https:\/\/snes53.fr\/#website\",\"url\":\"https:\/\/snes53.fr\/\",\"name\":\"SNES-FSU 53\",\"description\":\"\",\"publisher\":{\"@id\":\"https:\/\/snes53.fr\/#organization\"},\"potentialAction\":[{\"@type\":\"SearchAction\",\"target\":{\"@type\":\"EntryPoint\",\"urlTemplate\":\"https:\/\/snes53.fr\/?s={search_term_string}\"},\"query-input\":{\"@type\":\"PropertyValueSpecification\",\"valueRequired\":true,\"valueName\":\"search_term_string\"}}],\"inLanguage\":\"fr-FR\"},{\"@type\":\"Organization\",\"@id\":\"https:\/\/snes53.fr\/#organization\",\"name\":\"SNES-FSU 53\",\"url\":\"https:\/\/snes53.fr\/\",\"logo\":{\"@type\":\"ImageObject\",\"inLanguage\":\"fr-FR\",\"@id\":\"https:\/\/snes53.fr\/#\/schema\/logo\/image\/\",\"url\":\"https:\/\/snes53.fr\/wp-content\/uploads\/2024\/07\/cropped-logo-snes-53-v2-3.png\",\"contentUrl\":\"https:\/\/snes53.fr\/wp-content\/uploads\/2024\/07\/cropped-logo-snes-53-v2-3.png\",\"width\":944,\"height\":831,\"caption\":\"SNES-FSU 53\"},\"image\":{\"@id\":\"https:\/\/snes53.fr\/#\/schema\/logo\/image\/\"}},{\"@type\":\"Person\",\"@id\":\"https:\/\/snes53.fr\/#\/schema\/person\/42a254727ba896c9c6e12c398c9a7fe1\",\"name\":\"SNES FSU 53\",\"image\":{\"@type\":\"ImageObject\",\"inLanguage\":\"fr-FR\",\"@id\":\"https:\/\/snes53.fr\/#\/schema\/person\/image\/\",\"url\":\"https:\/\/secure.gravatar.com\/avatar\/f07ff49cdac1b172208417959738d5d1fce2e5ff8a35952ea50e41b0f5cbf932?s=96&d=mm&r=g\",\"contentUrl\":\"https:\/\/secure.gravatar.com\/avatar\/f07ff49cdac1b172208417959738d5d1fce2e5ff8a35952ea50e41b0f5cbf932?s=96&d=mm&r=g\",\"caption\":\"SNES FSU 53\"},\"sameAs\":[\"http:\/\/snes53.fr\"],\"url\":\"https:\/\/snes53.fr\/index.php\/author\/admin9881\/\"}]}<\/script>\n<!-- \/ Yoast SEO plugin. -->","yoast_head_json":{"title":"Rentr\u00e9e 2026 : -99 ETP dans l'acad\u00e9mie de Nantes, c'est NON ! - SNES-FSU 53 - 1er syndicat du second degr\u00e9 de la Mayenne","robots":{"index":"index","follow":"follow","max-snippet":"max-snippet:-1","max-image-preview":"max-image-preview:large","max-video-preview":"max-video-preview:-1"},"canonical":"https:\/\/snes53.fr\/index.php\/2026\/01\/28\/rentree-2026-99-etp-dans-lacademie-de-nantes-cest-non\/","og_locale":"fr_FR","og_type":"article","og_title":"Rentr\u00e9e 2026 : -99 ETP dans l'acad\u00e9mie de Nantes, c'est NON ! - SNES-FSU 53 - 1er syndicat du second degr\u00e9 de la Mayenne","og_description":"Le minist\u00e8re de l&rsquo;Education nationale a tenu son Comit\u00e9 Social d&rsquo;Administration (CSA-MEN) lundi dernier, pour donner ses pr\u00e9visions de rentr\u00e9e pour septembre 2026. Grand moment de cafouillage, car au d\u00e9part, il a \u00e9t\u00e9 annonc\u00e9 1803 ETP (Equivalent Temps Plein) supprim\u00e9s pour la rentr\u00e9e. Le SNES-FSU est intervenu pour r\u00e9tablir les bons chiffres, d\u00e9sormais, ce sont [&hellip;]","og_url":"https:\/\/snes53.fr\/index.php\/2026\/01\/28\/rentree-2026-99-etp-dans-lacademie-de-nantes-cest-non\/","og_site_name":"SNES-FSU 53 - 1er syndicat du second degr\u00e9 de la Mayenne","article_published_time":"2026-01-28T19:46:03+00:00","article_modified_time":"2026-01-29T05:59:14+00:00","og_image":[{"width":600,"height":566,"url":"https:\/\/snes53.fr\/wp-content\/uploads\/2026\/01\/Capture-decran-2026-01-29-a-06.53.25-e1769666051994.png","type":"image\/png"}],"author":"SNES FSU 53","twitter_card":"summary_large_image","twitter_misc":{"\u00c9crit par":"SNES FSU 53","Dur\u00e9e de lecture estim\u00e9e":"3 minutes"},"schema":{"@context":"https:\/\/schema.org","@graph":[{"@type":"Article","@id":"https:\/\/snes53.fr\/index.php\/2026\/01\/28\/rentree-2026-99-etp-dans-lacademie-de-nantes-cest-non\/#article","isPartOf":{"@id":"https:\/\/snes53.fr\/index.php\/2026\/01\/28\/rentree-2026-99-etp-dans-lacademie-de-nantes-cest-non\/"},"author":{"name":"SNES FSU 53","@id":"https:\/\/snes53.fr\/#\/schema\/person\/42a254727ba896c9c6e12c398c9a7fe1"},"headline":"Rentr\u00e9e 2026 : -99 ETP dans l&rsquo;acad\u00e9mie de Nantes, c&rsquo;est NON !","datePublished":"2026-01-28T19:46:03+00:00","dateModified":"2026-01-29T05:59:14+00:00","mainEntityOfPage":{"@id":"https:\/\/snes53.fr\/index.php\/2026\/01\/28\/rentree-2026-99-etp-dans-lacademie-de-nantes-cest-non\/"},"wordCount":414,"publisher":{"@id":"https:\/\/snes53.fr\/#organization"},"image":{"@id":"https:\/\/snes53.fr\/index.php\/2026\/01\/28\/rentree-2026-99-etp-dans-lacademie-de-nantes-cest-non\/#primaryimage"},"thumbnailUrl":"https:\/\/snes53.fr\/wp-content\/uploads\/2026\/01\/Capture-decran-2026-01-29-a-06.53.25-e1769666051994.png","articleSection":["Actualit\u00e9s","CSA-D"],"inLanguage":"fr-FR"},{"@type":"WebPage","@id":"https:\/\/snes53.fr\/index.php\/2026\/01\/28\/rentree-2026-99-etp-dans-lacademie-de-nantes-cest-non\/","url":"https:\/\/snes53.fr\/index.php\/2026\/01\/28\/rentree-2026-99-etp-dans-lacademie-de-nantes-cest-non\/","name":"Rentr\u00e9e 2026 : -99 ETP dans l'acad\u00e9mie de Nantes, c'est NON ! - SNES-FSU 53 - 1er syndicat du second degr\u00e9 de la Mayenne","isPartOf":{"@id":"https:\/\/snes53.fr\/#website"},"primaryImageOfPage":{"@id":"https:\/\/snes53.fr\/index.php\/2026\/01\/28\/rentree-2026-99-etp-dans-lacademie-de-nantes-cest-non\/#primaryimage"},"image":{"@id":"https:\/\/snes53.fr\/index.php\/2026\/01\/28\/rentree-2026-99-etp-dans-lacademie-de-nantes-cest-non\/#primaryimage"},"thumbnailUrl":"https:\/\/snes53.fr\/wp-content\/uploads\/2026\/01\/Capture-decran-2026-01-29-a-06.53.25-e1769666051994.png","datePublished":"2026-01-28T19:46:03+00:00","dateModified":"2026-01-29T05:59:14+00:00","breadcrumb":{"@id":"https:\/\/snes53.fr\/index.php\/2026\/01\/28\/rentree-2026-99-etp-dans-lacademie-de-nantes-cest-non\/#breadcrumb"},"inLanguage":"fr-FR","potentialAction":[{"@type":"ReadAction","target":["https:\/\/snes53.fr\/index.php\/2026\/01\/28\/rentree-2026-99-etp-dans-lacademie-de-nantes-cest-non\/"]}]},{"@type":"ImageObject","inLanguage":"fr-FR","@id":"https:\/\/snes53.fr\/index.php\/2026\/01\/28\/rentree-2026-99-etp-dans-lacademie-de-nantes-cest-non\/#primaryimage","url":"https:\/\/snes53.fr\/wp-content\/uploads\/2026\/01\/Capture-decran-2026-01-29-a-06.53.25-e1769666051994.png","contentUrl":"https:\/\/snes53.fr\/wp-content\/uploads\/2026\/01\/Capture-decran-2026-01-29-a-06.53.25-e1769666051994.png","width":600,"height":566},{"@type":"BreadcrumbList","@id":"https:\/\/snes53.fr\/index.php\/2026\/01\/28\/rentree-2026-99-etp-dans-lacademie-de-nantes-cest-non\/#breadcrumb","itemListElement":[{"@type":"ListItem","position":1,"name":"Accueil","item":"https:\/\/snes53.fr\/"},{"@type":"ListItem","position":2,"name":"Rentr\u00e9e 2026 : -99 ETP dans l&rsquo;acad\u00e9mie de Nantes, c&rsquo;est NON !"}]},{"@type":"WebSite","@id":"https:\/\/snes53.fr\/#website","url":"https:\/\/snes53.fr\/","name":"SNES-FSU 53","description":"","publisher":{"@id":"https:\/\/snes53.fr\/#organization"},"potentialAction":[{"@type":"SearchAction","target":{"@type":"EntryPoint","urlTemplate":"https:\/\/snes53.fr\/?s={search_term_string}"},"query-input":{"@type":"PropertyValueSpecification","valueRequired":true,"valueName":"search_term_string"}}],"inLanguage":"fr-FR"},{"@type":"Organization","@id":"https:\/\/snes53.fr\/#organization","name":"SNES-FSU 53","url":"https:\/\/snes53.fr\/","logo":{"@type":"ImageObject","inLanguage":"fr-FR","@id":"https:\/\/snes53.fr\/#\/schema\/logo\/image\/","url":"https:\/\/snes53.fr\/wp-content\/uploads\/2024\/07\/cropped-logo-snes-53-v2-3.png","contentUrl":"https:\/\/snes53.fr\/wp-content\/uploads\/2024\/07\/cropped-logo-snes-53-v2-3.png","width":944,"height":831,"caption":"SNES-FSU 53"},"image":{"@id":"https:\/\/snes53.fr\/#\/schema\/logo\/image\/"}},{"@type":"Person","@id":"https:\/\/snes53.fr\/#\/schema\/person\/42a254727ba896c9c6e12c398c9a7fe1","name":"SNES FSU 53","image":{"@type":"ImageObject","inLanguage":"fr-FR","@id":"https:\/\/snes53.fr\/#\/schema\/person\/image\/","url":"https:\/\/secure.gravatar.com\/avatar\/f07ff49cdac1b172208417959738d5d1fce2e5ff8a35952ea50e41b0f5cbf932?s=96&d=mm&r=g","contentUrl":"https:\/\/secure.gravatar.com\/avatar\/f07ff49cdac1b172208417959738d5d1fce2e5ff8a35952ea50e41b0f5cbf932?s=96&d=mm&r=g","caption":"SNES FSU 53"},"sameAs":["http:\/\/snes53.fr"],"url":"https:\/\/snes53.fr\/index.php\/author\/admin9881\/"}]}},"_links":{"self":[{"href":"https:\/\/snes53.fr\/index.php\/wp-json\/wp\/v2\/posts\/610","targetHints":{"allow":["GET"]}}],"collection":[{"href":"https:\/\/snes53.fr\/index.php\/wp-json\/wp\/v2\/posts"}],"about":[{"href":"https:\/\/snes53.fr\/index.php\/wp-json\/wp\/v2\/types\/post"}],"author":[{"embeddable":true,"href":"https:\/\/snes53.fr\/index.php\/wp-json\/wp\/v2\/users\/1"}],"replies":[{"embeddable":true,"href":"https:\/\/snes53.fr\/index.php\/wp-json\/wp\/v2\/comments?post=610"}],"version-history":[{"count":4,"href":"https:\/\/snes53.fr\/index.php\/wp-json\/wp\/v2\/posts\/610\/revisions"}],"predecessor-version":[{"id":620,"href":"https:\/\/snes53.fr\/index.php\/wp-json\/wp\/v2\/posts\/610\/revisions\/620"}],"wp:featuredmedia":[{"embeddable":true,"href":"https:\/\/snes53.fr\/index.php\/wp-json\/wp\/v2\/media\/616"}],"wp:attachment":[{"href":"https:\/\/snes53.fr\/index.php\/wp-json\/wp\/v2\/media?parent=610"}],"wp:term":[{"taxonomy":"category","embeddable":true,"href":"https:\/\/snes53.fr\/index.php\/wp-json\/wp\/v2\/categories?post=610"},{"taxonomy":"post_tag","embeddable":true,"href":"https:\/\/snes53.fr\/index.php\/wp-json\/wp\/v2\/tags?post=610"}],"curies":[{"name":"wp","href":"https:\/\/api.w.org\/{rel}","templated":true}]}}