{"id":604,"date":"2026-01-25T16:29:16","date_gmt":"2026-01-25T15:29:16","guid":{"rendered":"https:\/\/snes53.fr\/?p=604"},"modified":"2026-01-25T16:29:18","modified_gmt":"2026-01-25T15:29:18","slug":"non-a-la-suppression-du-poste-dinfirmiere-a-grez-en-bouere","status":"publish","type":"post","link":"https:\/\/snes53.fr\/index.php\/2026\/01\/25\/non-a-la-suppression-du-poste-dinfirmiere-a-grez-en-bouere\/","title":{"rendered":"Non \u00e0 la suppression du poste d&rsquo;infirmi\u00e8re \u00e0 Grez en Bou\u00e8re"},"content":{"rendered":"\n<p>Mardi 20 janvier dernier, nous avons appris la suppression du poste d&rsquo;infirmi\u00e8re du coll\u00e8ge le Grand Champ de Grez en Bou\u00e8re. Cette d\u00e9cision avait \u00e9t\u00e9 d\u00e9cid\u00e9e l&rsquo;an dernier en CSA postes infirmi\u00e8res, car le rectorat de Nantes souhaitait r\u00e9cup\u00e9rer le moyen provisoire qui avait \u00e9t\u00e9 mis \u00e0 disposition du d\u00e9partement de la Mayenne (sous pr\u00e9texte de la baisse d\u00e9mographique). <\/p>\n\n\n\n<p>Cette annonce a \u00e9t\u00e9 faite en r\u00e9union pl\u00e9ini\u00e8re. La coll\u00e8gue infirmi\u00e8re a donc appris la suppression de son poste devant toutes ses coll\u00e8gues, sans rendez-vous pr\u00e9alable. La direction acad\u00e9mique a clairement  manqu\u00e9 d&rsquo;humanit\u00e9 dans cette annonce brutale, ce qui a bien s\u00fbr choqu\u00e9 l&rsquo;ensemble des coll\u00e8gues pr\u00e9sents.<\/p>\n\n\n\n<p>D\u00e8s mardi, avec nos correspondants locaux mais aussi nos secr\u00e9taires d\u00e9partementaux, nous sommes all\u00e9s \u00e0 la rencontre des \u00e9quipes, de l&rsquo;infirmi\u00e8re (qui \u00e9tait sous le choc, moins de 24h apr\u00e8s l&rsquo;annonce) et de la direction, pour pr\u00e9parer d&rsquo;\u00e9ventuelles actions coll\u00e9giales (en incluant les parents et les \u00e9lus locaux).<\/p>\n\n\n\n<p>Mais alors que nous pr\u00e9parions cette action, en lien \u00e9troit avec le coll\u00e8ge, nous avons \u00e9t\u00e9 surpris, vendredi, du mail d&rsquo;une autre organisation syndicale, appelant \u00e0 une manifestation le mardi 27 janvier \u00e0 17h devant le coll\u00e8ge. Tout ceci n&rsquo;est qu&rsquo;une <strong>tentative de r\u00e9cup\u00e9ration syndicale<\/strong>, <strong>tr\u00e8s mal v\u00e9cue par l&rsquo;infirmi\u00e8re en question, la direction du coll\u00e8ge et les \u00e9quipes<\/strong>, car cette manifestation est faite dans une pr\u00e9cipitation telle qu&rsquo;il est tr\u00e8s difficile de r\u00e9unir tous les parents et les \u00e9lus locaux. <strong>Cette organisation syndicale, une nouvelle fois, ne fait que de la communication et non de l&rsquo;action syndicale concr\u00e8te. De l&rsquo;affichage au lieu de l&rsquo;accompagnement syndical.<\/strong> Car \u00e0 ce moment pr\u00e9cis, l&rsquo;infirmi\u00e8re sera accompagn\u00e9e pour un rendez-vous \u00e0 la DSDEN par une coll\u00e8gue du SNICS-FSU, ce qui rendra sa pr\u00e9sence et par l\u00e0 m\u00eame tout \u00e9change avec la communaut\u00e9 mobilis\u00e9e impossible. En cons\u00e9quence, les m\u00e9dias ne pourront pas rencontrer les deux coll\u00e8gues infirmi\u00e8res concern\u00e9es. <strong>Tout cela aurait pu \u00eatre \u00e9vit\u00e9 si une autre organisation syndicale n&rsquo;avait pas agi dans une pr\u00e9cipitation irr\u00e9fl\u00e9chie et univoque. <\/strong><\/p>\n\n\n\n<p>Le SNES-FSU 53, elle, a pos\u00e9e une HIS dans la semaine au coll\u00e8ge (initialement pr\u00e9vue pour pr\u00e9parer cette mobilisation) et le SNES-FSU 53 a demand\u00e9 une audience aupr\u00e8s du DASEN. Voil\u00e0 toute la diff\u00e9rence entre de l&rsquo;affichage et de l&rsquo;accompagnement (que fait le SNES-FSU 53 au quotidien pour tous les coll\u00e8gues du d\u00e9partement).<\/p>\n\n\n\n<p class=\"has-white-color has-vivid-green-cyan-background-color has-text-color has-background has-link-color wp-elements-60e74660bbf8f9d897cca5a2db111884\"><strong>Dont acte, la FSU sera pr\u00e9sente le mardi 27 janvier prochain \u00e0 17h devant le coll\u00e8ge le Grand Champ de Grez en Bou\u00e8re, pour d\u00e9noncer cette suppression. <\/strong>Et nous continuerons \u00e0 accompagner la coll\u00e8gue et le coll\u00e8ge avec d&rsquo;autres actions, en travaillant avec elles et eux sur le terrain. <\/p>\n","protected":false},"excerpt":{"rendered":"<p>Mardi 20 janvier dernier, nous avons appris la suppression du poste d&rsquo;infirmi\u00e8re du coll\u00e8ge le Grand Champ de Grez en Bou\u00e8re. Cette d\u00e9cision avait \u00e9t\u00e9 d\u00e9cid\u00e9e l&rsquo;an dernier en CSA postes infirmi\u00e8res, car le rectorat de Nantes souhaitait r\u00e9cup\u00e9rer le moyen provisoire qui avait \u00e9t\u00e9 mis \u00e0 disposition du d\u00e9partement de la Mayenne (sous pr\u00e9texte [&hellip;]<\/p>\n","protected":false},"author":1,"featured_media":607,"comment_status":"closed","ping_status":"open","sticky":false,"template":"","format":"standard","meta":{"footnotes":""},"categories":[5],"tags":[],"class_list":["post-604","post","type-post","status-publish","format-standard","has-post-thumbnail","hentry","category-actualites"],"yoast_head":"<!-- This site is optimized with the Yoast SEO plugin v25.3.1 - https:\/\/yoast.com\/wordpress\/plugins\/seo\/ -->\n<title>Non \u00e0 la suppression du poste d&#039;infirmi\u00e8re \u00e0 Grez en Bou\u00e8re - SNES-FSU 53 - 1er syndicat du second degr\u00e9 de la Mayenne<\/title>\n<meta name=\"robots\" content=\"index, follow, max-snippet:-1, max-image-preview:large, max-video-preview:-1\" \/>\n<link rel=\"canonical\" href=\"https:\/\/snes53.fr\/index.php\/2026\/01\/25\/non-a-la-suppression-du-poste-dinfirmiere-a-grez-en-bouere\/\" \/>\n<meta property=\"og:locale\" content=\"fr_FR\" \/>\n<meta property=\"og:type\" content=\"article\" \/>\n<meta property=\"og:title\" content=\"Non \u00e0 la suppression du poste d&#039;infirmi\u00e8re \u00e0 Grez en Bou\u00e8re - SNES-FSU 53 - 1er syndicat du second degr\u00e9 de la Mayenne\" \/>\n<meta property=\"og:description\" content=\"Mardi 20 janvier dernier, nous avons appris la suppression du poste d&rsquo;infirmi\u00e8re du coll\u00e8ge le Grand Champ de Grez en Bou\u00e8re. Cette d\u00e9cision avait \u00e9t\u00e9 d\u00e9cid\u00e9e l&rsquo;an dernier en CSA postes infirmi\u00e8res, car le rectorat de Nantes souhaitait r\u00e9cup\u00e9rer le moyen provisoire qui avait \u00e9t\u00e9 mis \u00e0 disposition du d\u00e9partement de la Mayenne (sous pr\u00e9texte [&hellip;]\" \/>\n<meta property=\"og:url\" content=\"https:\/\/snes53.fr\/index.php\/2026\/01\/25\/non-a-la-suppression-du-poste-dinfirmiere-a-grez-en-bouere\/\" \/>\n<meta property=\"og:site_name\" content=\"SNES-FSU 53 - 1er syndicat du second degr\u00e9 de la Mayenne\" \/>\n<meta property=\"article:published_time\" content=\"2026-01-25T15:29:16+00:00\" \/>\n<meta property=\"article:modified_time\" content=\"2026-01-25T15:29:18+00:00\" \/>\n<meta property=\"og:image\" content=\"https:\/\/snes53.fr\/wp-content\/uploads\/2026\/01\/grez-en-bouere-e1769344213374.jpeg\" \/>\n\t<meta property=\"og:image:width\" content=\"500\" \/>\n\t<meta property=\"og:image:height\" content=\"128\" \/>\n\t<meta property=\"og:image:type\" content=\"image\/jpeg\" \/>\n<meta name=\"author\" content=\"SNES FSU 53\" \/>\n<meta name=\"twitter:card\" content=\"summary_large_image\" \/>\n<meta name=\"twitter:label1\" content=\"\u00c9crit par\" \/>\n\t<meta name=\"twitter:data1\" content=\"SNES FSU 53\" \/>\n\t<meta name=\"twitter:label2\" content=\"Dur\u00e9e de lecture estim\u00e9e\" \/>\n\t<meta name=\"twitter:data2\" content=\"3 minutes\" \/>\n<script type=\"application\/ld+json\" class=\"yoast-schema-graph\">{\"@context\":\"https:\/\/schema.org\",\"@graph\":[{\"@type\":\"Article\",\"@id\":\"https:\/\/snes53.fr\/index.php\/2026\/01\/25\/non-a-la-suppression-du-poste-dinfirmiere-a-grez-en-bouere\/#article\",\"isPartOf\":{\"@id\":\"https:\/\/snes53.fr\/index.php\/2026\/01\/25\/non-a-la-suppression-du-poste-dinfirmiere-a-grez-en-bouere\/\"},\"author\":{\"name\":\"SNES FSU 53\",\"@id\":\"https:\/\/snes53.fr\/#\/schema\/person\/42a254727ba896c9c6e12c398c9a7fe1\"},\"headline\":\"Non \u00e0 la suppression du poste d&rsquo;infirmi\u00e8re \u00e0 Grez en Bou\u00e8re\",\"datePublished\":\"2026-01-25T15:29:16+00:00\",\"dateModified\":\"2026-01-25T15:29:18+00:00\",\"mainEntityOfPage\":{\"@id\":\"https:\/\/snes53.fr\/index.php\/2026\/01\/25\/non-a-la-suppression-du-poste-dinfirmiere-a-grez-en-bouere\/\"},\"wordCount\":521,\"publisher\":{\"@id\":\"https:\/\/snes53.fr\/#organization\"},\"image\":{\"@id\":\"https:\/\/snes53.fr\/index.php\/2026\/01\/25\/non-a-la-suppression-du-poste-dinfirmiere-a-grez-en-bouere\/#primaryimage\"},\"thumbnailUrl\":\"https:\/\/snes53.fr\/wp-content\/uploads\/2026\/01\/grez-en-bouere-e1769344213374.jpeg\",\"articleSection\":[\"Actualit\u00e9s\"],\"inLanguage\":\"fr-FR\"},{\"@type\":\"WebPage\",\"@id\":\"https:\/\/snes53.fr\/index.php\/2026\/01\/25\/non-a-la-suppression-du-poste-dinfirmiere-a-grez-en-bouere\/\",\"url\":\"https:\/\/snes53.fr\/index.php\/2026\/01\/25\/non-a-la-suppression-du-poste-dinfirmiere-a-grez-en-bouere\/\",\"name\":\"Non \u00e0 la suppression du poste d'infirmi\u00e8re \u00e0 Grez en Bou\u00e8re - SNES-FSU 53 - 1er syndicat du second degr\u00e9 de la Mayenne\",\"isPartOf\":{\"@id\":\"https:\/\/snes53.fr\/#website\"},\"primaryImageOfPage\":{\"@id\":\"https:\/\/snes53.fr\/index.php\/2026\/01\/25\/non-a-la-suppression-du-poste-dinfirmiere-a-grez-en-bouere\/#primaryimage\"},\"image\":{\"@id\":\"https:\/\/snes53.fr\/index.php\/2026\/01\/25\/non-a-la-suppression-du-poste-dinfirmiere-a-grez-en-bouere\/#primaryimage\"},\"thumbnailUrl\":\"https:\/\/snes53.fr\/wp-content\/uploads\/2026\/01\/grez-en-bouere-e1769344213374.jpeg\",\"datePublished\":\"2026-01-25T15:29:16+00:00\",\"dateModified\":\"2026-01-25T15:29:18+00:00\",\"breadcrumb\":{\"@id\":\"https:\/\/snes53.fr\/index.php\/2026\/01\/25\/non-a-la-suppression-du-poste-dinfirmiere-a-grez-en-bouere\/#breadcrumb\"},\"inLanguage\":\"fr-FR\",\"potentialAction\":[{\"@type\":\"ReadAction\",\"target\":[\"https:\/\/snes53.fr\/index.php\/2026\/01\/25\/non-a-la-suppression-du-poste-dinfirmiere-a-grez-en-bouere\/\"]}]},{\"@type\":\"ImageObject\",\"inLanguage\":\"fr-FR\",\"@id\":\"https:\/\/snes53.fr\/index.php\/2026\/01\/25\/non-a-la-suppression-du-poste-dinfirmiere-a-grez-en-bouere\/#primaryimage\",\"url\":\"https:\/\/snes53.fr\/wp-content\/uploads\/2026\/01\/grez-en-bouere-e1769344213374.jpeg\",\"contentUrl\":\"https:\/\/snes53.fr\/wp-content\/uploads\/2026\/01\/grez-en-bouere-e1769344213374.jpeg\",\"width\":500,\"height\":128},{\"@type\":\"BreadcrumbList\",\"@id\":\"https:\/\/snes53.fr\/index.php\/2026\/01\/25\/non-a-la-suppression-du-poste-dinfirmiere-a-grez-en-bouere\/#breadcrumb\",\"itemListElement\":[{\"@type\":\"ListItem\",\"position\":1,\"name\":\"Accueil\",\"item\":\"https:\/\/snes53.fr\/\"},{\"@type\":\"ListItem\",\"position\":2,\"name\":\"Non \u00e0 la suppression du poste d&rsquo;infirmi\u00e8re \u00e0 Grez en Bou\u00e8re\"}]},{\"@type\":\"WebSite\",\"@id\":\"https:\/\/snes53.fr\/#website\",\"url\":\"https:\/\/snes53.fr\/\",\"name\":\"SNES-FSU 53\",\"description\":\"\",\"publisher\":{\"@id\":\"https:\/\/snes53.fr\/#organization\"},\"potentialAction\":[{\"@type\":\"SearchAction\",\"target\":{\"@type\":\"EntryPoint\",\"urlTemplate\":\"https:\/\/snes53.fr\/?s={search_term_string}\"},\"query-input\":{\"@type\":\"PropertyValueSpecification\",\"valueRequired\":true,\"valueName\":\"search_term_string\"}}],\"inLanguage\":\"fr-FR\"},{\"@type\":\"Organization\",\"@id\":\"https:\/\/snes53.fr\/#organization\",\"name\":\"SNES-FSU 53\",\"url\":\"https:\/\/snes53.fr\/\",\"logo\":{\"@type\":\"ImageObject\",\"inLanguage\":\"fr-FR\",\"@id\":\"https:\/\/snes53.fr\/#\/schema\/logo\/image\/\",\"url\":\"https:\/\/snes53.fr\/wp-content\/uploads\/2024\/07\/cropped-logo-snes-53-v2-3.png\",\"contentUrl\":\"https:\/\/snes53.fr\/wp-content\/uploads\/2024\/07\/cropped-logo-snes-53-v2-3.png\",\"width\":944,\"height\":831,\"caption\":\"SNES-FSU 53\"},\"image\":{\"@id\":\"https:\/\/snes53.fr\/#\/schema\/logo\/image\/\"}},{\"@type\":\"Person\",\"@id\":\"https:\/\/snes53.fr\/#\/schema\/person\/42a254727ba896c9c6e12c398c9a7fe1\",\"name\":\"SNES FSU 53\",\"image\":{\"@type\":\"ImageObject\",\"inLanguage\":\"fr-FR\",\"@id\":\"https:\/\/snes53.fr\/#\/schema\/person\/image\/\",\"url\":\"https:\/\/secure.gravatar.com\/avatar\/f07ff49cdac1b172208417959738d5d1fce2e5ff8a35952ea50e41b0f5cbf932?s=96&d=mm&r=g\",\"contentUrl\":\"https:\/\/secure.gravatar.com\/avatar\/f07ff49cdac1b172208417959738d5d1fce2e5ff8a35952ea50e41b0f5cbf932?s=96&d=mm&r=g\",\"caption\":\"SNES FSU 53\"},\"sameAs\":[\"http:\/\/snes53.fr\"],\"url\":\"https:\/\/snes53.fr\/index.php\/author\/admin9881\/\"}]}<\/script>\n<!-- \/ Yoast SEO plugin. -->","yoast_head_json":{"title":"Non \u00e0 la suppression du poste d'infirmi\u00e8re \u00e0 Grez en Bou\u00e8re - SNES-FSU 53 - 1er syndicat du second degr\u00e9 de la Mayenne","robots":{"index":"index","follow":"follow","max-snippet":"max-snippet:-1","max-image-preview":"max-image-preview:large","max-video-preview":"max-video-preview:-1"},"canonical":"https:\/\/snes53.fr\/index.php\/2026\/01\/25\/non-a-la-suppression-du-poste-dinfirmiere-a-grez-en-bouere\/","og_locale":"fr_FR","og_type":"article","og_title":"Non \u00e0 la suppression du poste d'infirmi\u00e8re \u00e0 Grez en Bou\u00e8re - SNES-FSU 53 - 1er syndicat du second degr\u00e9 de la Mayenne","og_description":"Mardi 20 janvier dernier, nous avons appris la suppression du poste d&rsquo;infirmi\u00e8re du coll\u00e8ge le Grand Champ de Grez en Bou\u00e8re. Cette d\u00e9cision avait \u00e9t\u00e9 d\u00e9cid\u00e9e l&rsquo;an dernier en CSA postes infirmi\u00e8res, car le rectorat de Nantes souhaitait r\u00e9cup\u00e9rer le moyen provisoire qui avait \u00e9t\u00e9 mis \u00e0 disposition du d\u00e9partement de la Mayenne (sous pr\u00e9texte [&hellip;]","og_url":"https:\/\/snes53.fr\/index.php\/2026\/01\/25\/non-a-la-suppression-du-poste-dinfirmiere-a-grez-en-bouere\/","og_site_name":"SNES-FSU 53 - 1er syndicat du second degr\u00e9 de la Mayenne","article_published_time":"2026-01-25T15:29:16+00:00","article_modified_time":"2026-01-25T15:29:18+00:00","og_image":[{"width":500,"height":128,"url":"https:\/\/snes53.fr\/wp-content\/uploads\/2026\/01\/grez-en-bouere-e1769344213374.jpeg","type":"image\/jpeg"}],"author":"SNES FSU 53","twitter_card":"summary_large_image","twitter_misc":{"\u00c9crit par":"SNES FSU 53","Dur\u00e9e de lecture estim\u00e9e":"3 minutes"},"schema":{"@context":"https:\/\/schema.org","@graph":[{"@type":"Article","@id":"https:\/\/snes53.fr\/index.php\/2026\/01\/25\/non-a-la-suppression-du-poste-dinfirmiere-a-grez-en-bouere\/#article","isPartOf":{"@id":"https:\/\/snes53.fr\/index.php\/2026\/01\/25\/non-a-la-suppression-du-poste-dinfirmiere-a-grez-en-bouere\/"},"author":{"name":"SNES FSU 53","@id":"https:\/\/snes53.fr\/#\/schema\/person\/42a254727ba896c9c6e12c398c9a7fe1"},"headline":"Non \u00e0 la suppression du poste d&rsquo;infirmi\u00e8re \u00e0 Grez en Bou\u00e8re","datePublished":"2026-01-25T15:29:16+00:00","dateModified":"2026-01-25T15:29:18+00:00","mainEntityOfPage":{"@id":"https:\/\/snes53.fr\/index.php\/2026\/01\/25\/non-a-la-suppression-du-poste-dinfirmiere-a-grez-en-bouere\/"},"wordCount":521,"publisher":{"@id":"https:\/\/snes53.fr\/#organization"},"image":{"@id":"https:\/\/snes53.fr\/index.php\/2026\/01\/25\/non-a-la-suppression-du-poste-dinfirmiere-a-grez-en-bouere\/#primaryimage"},"thumbnailUrl":"https:\/\/snes53.fr\/wp-content\/uploads\/2026\/01\/grez-en-bouere-e1769344213374.jpeg","articleSection":["Actualit\u00e9s"],"inLanguage":"fr-FR"},{"@type":"WebPage","@id":"https:\/\/snes53.fr\/index.php\/2026\/01\/25\/non-a-la-suppression-du-poste-dinfirmiere-a-grez-en-bouere\/","url":"https:\/\/snes53.fr\/index.php\/2026\/01\/25\/non-a-la-suppression-du-poste-dinfirmiere-a-grez-en-bouere\/","name":"Non \u00e0 la suppression du poste d'infirmi\u00e8re \u00e0 Grez en Bou\u00e8re - SNES-FSU 53 - 1er syndicat du second degr\u00e9 de la Mayenne","isPartOf":{"@id":"https:\/\/snes53.fr\/#website"},"primaryImageOfPage":{"@id":"https:\/\/snes53.fr\/index.php\/2026\/01\/25\/non-a-la-suppression-du-poste-dinfirmiere-a-grez-en-bouere\/#primaryimage"},"image":{"@id":"https:\/\/snes53.fr\/index.php\/2026\/01\/25\/non-a-la-suppression-du-poste-dinfirmiere-a-grez-en-bouere\/#primaryimage"},"thumbnailUrl":"https:\/\/snes53.fr\/wp-content\/uploads\/2026\/01\/grez-en-bouere-e1769344213374.jpeg","datePublished":"2026-01-25T15:29:16+00:00","dateModified":"2026-01-25T15:29:18+00:00","breadcrumb":{"@id":"https:\/\/snes53.fr\/index.php\/2026\/01\/25\/non-a-la-suppression-du-poste-dinfirmiere-a-grez-en-bouere\/#breadcrumb"},"inLanguage":"fr-FR","potentialAction":[{"@type":"ReadAction","target":["https:\/\/snes53.fr\/index.php\/2026\/01\/25\/non-a-la-suppression-du-poste-dinfirmiere-a-grez-en-bouere\/"]}]},{"@type":"ImageObject","inLanguage":"fr-FR","@id":"https:\/\/snes53.fr\/index.php\/2026\/01\/25\/non-a-la-suppression-du-poste-dinfirmiere-a-grez-en-bouere\/#primaryimage","url":"https:\/\/snes53.fr\/wp-content\/uploads\/2026\/01\/grez-en-bouere-e1769344213374.jpeg","contentUrl":"https:\/\/snes53.fr\/wp-content\/uploads\/2026\/01\/grez-en-bouere-e1769344213374.jpeg","width":500,"height":128},{"@type":"BreadcrumbList","@id":"https:\/\/snes53.fr\/index.php\/2026\/01\/25\/non-a-la-suppression-du-poste-dinfirmiere-a-grez-en-bouere\/#breadcrumb","itemListElement":[{"@type":"ListItem","position":1,"name":"Accueil","item":"https:\/\/snes53.fr\/"},{"@type":"ListItem","position":2,"name":"Non \u00e0 la suppression du poste d&rsquo;infirmi\u00e8re \u00e0 Grez en Bou\u00e8re"}]},{"@type":"WebSite","@id":"https:\/\/snes53.fr\/#website","url":"https:\/\/snes53.fr\/","name":"SNES-FSU 53","description":"","publisher":{"@id":"https:\/\/snes53.fr\/#organization"},"potentialAction":[{"@type":"SearchAction","target":{"@type":"EntryPoint","urlTemplate":"https:\/\/snes53.fr\/?s={search_term_string}"},"query-input":{"@type":"PropertyValueSpecification","valueRequired":true,"valueName":"search_term_string"}}],"inLanguage":"fr-FR"},{"@type":"Organization","@id":"https:\/\/snes53.fr\/#organization","name":"SNES-FSU 53","url":"https:\/\/snes53.fr\/","logo":{"@type":"ImageObject","inLanguage":"fr-FR","@id":"https:\/\/snes53.fr\/#\/schema\/logo\/image\/","url":"https:\/\/snes53.fr\/wp-content\/uploads\/2024\/07\/cropped-logo-snes-53-v2-3.png","contentUrl":"https:\/\/snes53.fr\/wp-content\/uploads\/2024\/07\/cropped-logo-snes-53-v2-3.png","width":944,"height":831,"caption":"SNES-FSU 53"},"image":{"@id":"https:\/\/snes53.fr\/#\/schema\/logo\/image\/"}},{"@type":"Person","@id":"https:\/\/snes53.fr\/#\/schema\/person\/42a254727ba896c9c6e12c398c9a7fe1","name":"SNES FSU 53","image":{"@type":"ImageObject","inLanguage":"fr-FR","@id":"https:\/\/snes53.fr\/#\/schema\/person\/image\/","url":"https:\/\/secure.gravatar.com\/avatar\/f07ff49cdac1b172208417959738d5d1fce2e5ff8a35952ea50e41b0f5cbf932?s=96&d=mm&r=g","contentUrl":"https:\/\/secure.gravatar.com\/avatar\/f07ff49cdac1b172208417959738d5d1fce2e5ff8a35952ea50e41b0f5cbf932?s=96&d=mm&r=g","caption":"SNES FSU 53"},"sameAs":["http:\/\/snes53.fr"],"url":"https:\/\/snes53.fr\/index.php\/author\/admin9881\/"}]}},"_links":{"self":[{"href":"https:\/\/snes53.fr\/index.php\/wp-json\/wp\/v2\/posts\/604","targetHints":{"allow":["GET"]}}],"collection":[{"href":"https:\/\/snes53.fr\/index.php\/wp-json\/wp\/v2\/posts"}],"about":[{"href":"https:\/\/snes53.fr\/index.php\/wp-json\/wp\/v2\/types\/post"}],"author":[{"embeddable":true,"href":"https:\/\/snes53.fr\/index.php\/wp-json\/wp\/v2\/users\/1"}],"replies":[{"embeddable":true,"href":"https:\/\/snes53.fr\/index.php\/wp-json\/wp\/v2\/comments?post=604"}],"version-history":[{"count":4,"href":"https:\/\/snes53.fr\/index.php\/wp-json\/wp\/v2\/posts\/604\/revisions"}],"predecessor-version":[{"id":609,"href":"https:\/\/snes53.fr\/index.php\/wp-json\/wp\/v2\/posts\/604\/revisions\/609"}],"wp:featuredmedia":[{"embeddable":true,"href":"https:\/\/snes53.fr\/index.php\/wp-json\/wp\/v2\/media\/607"}],"wp:attachment":[{"href":"https:\/\/snes53.fr\/index.php\/wp-json\/wp\/v2\/media?parent=604"}],"wp:term":[{"taxonomy":"category","embeddable":true,"href":"https:\/\/snes53.fr\/index.php\/wp-json\/wp\/v2\/categories?post=604"},{"taxonomy":"post_tag","embeddable":true,"href":"https:\/\/snes53.fr\/index.php\/wp-json\/wp\/v2\/tags?post=604"}],"curies":[{"name":"wp","href":"https:\/\/api.w.org\/{rel}","templated":true}]}}