{"id":589,"date":"2026-01-06T09:07:07","date_gmt":"2026-01-06T08:07:07","guid":{"rendered":"https:\/\/snes53.fr\/?p=589"},"modified":"2026-01-06T09:07:55","modified_gmt":"2026-01-06T08:07:55","slug":"neige-et-froid-dans-les-etablissements-scolaires","status":"publish","type":"post","link":"https:\/\/snes53.fr\/index.php\/2026\/01\/06\/neige-et-froid-dans-les-etablissements-scolaires\/","title":{"rendered":"Neige et froid dans les \u00e9tablissements scolaires."},"content":{"rendered":"\n<p>Depuis la fin d&rsquo;apr\u00e8s-midi du lundi 5 janvier, la neige a fait son apparition dans le d\u00e9partement de la Mayenne. Ce mardi 6, elle est toujours pr\u00e9sente, avec du verglas et il y a un risque aussi pour le mercredi 7 janvier. <\/p>\n\n\n\n<ul class=\"wp-block-list\">\n<li><strong>Circulation sur la neige : soyez prudents avant toute chose<\/strong><\/li>\n<\/ul>\n\n\n\n<p>La prudence est de mise en cas de neige. Si vous \u00eates dans l&rsquo;impossibilit\u00e9 de vous d\u00e9placer sans risque jusqu&rsquo;\u00e0 votre coll\u00e8ge ou lyc\u00e9e, pr\u00e9venez votre direction de cette impossibilit\u00e9. La plupart du temps, les directions sont compr\u00e9hensives. Dans le cas o\u00f9 votre direction insisterait pour venir, vous pourrez rappeler \u00e0 cette derni\u00e8re que si quoi que ce soit arrive sur votre trajet entre votre domicile et votre \u00e9tablissement, cela comptera comme un accident de travail (car le trajet est pris en compte dans la d\u00e9finition de l&rsquo;accident de travail) et que le rectorat devra prendre en charge tous les frais. Et vous pourrez rappeler \u00e0 votre direction que ce sont eux qui ont pris la responsabilit\u00e9 de vous d\u00e9placer en toute conscience. Cela peut faire r\u00e9fl\u00e9chir certain.e.s (et sinon, pr\u00e9venez votre section d\u00e9partementale de toute urgence pour que nous agissions pour vous)<\/p>\n\n\n\n<ul class=\"wp-block-list\">\n<li><strong>Froid dans les classes <\/strong><\/li>\n<\/ul>\n\n\n\n<p>Il se peut, dans certains \u00e9tablissements, qu&rsquo;une chaudi\u00e8re d\u00e9fectueuse ou allum\u00e9e trop tard, ait pu vous faire ressentir quelques frissons \u00e0 vous et \u00e0 vos \u00e9l\u00e8ves. <\/p>\n\n\n\n<p>Les textes de lois ne donnent aucune obligation pour ce qui est des temp\u00e9ratures \u00e0 avoir dans les bureaux ou les classes, juste des recommandations (<a href=\"https:\/\/emea01.safelinks.protection.outlook.com\/?url=https%3A%2F%2Fsnes.us11.list-manage.com%2Ftrack%2Fclick%3Fu%3Deab5c1564b93888001d4a16d9%26id%3D3dc7ad5a95%26e%3Da17f69adc7&amp;data=05%7C02%7C%7C4f9f534a825b4446373908de4cf61e7c%7C84df9e7fe9f640afb435aaaaaaaaaaaa%7C1%7C0%7C639032817111439014%7CUnknown%7CTWFpbGZsb3d8eyJFbXB0eU1hcGkiOnRydWUsIlYiOiIwLjAuMDAwMCIsIlAiOiJXaW4zMiIsIkFOIjoiTWFpbCIsIldUIjoyfQ%3D%3D%7C0%7C%7C%7C&amp;sdata=Xh0qLTm6SpCE61bjNYnr7OJwv1RZC2i1lIa4Xtt7Dqo%3D&amp;reserved=0\">lien vers l&rsquo;article du SNES \u00e0 ce sujet<\/a>). <\/p>\n\n\n\n<p>N\u00e9anmoins, il vous est possible de signaler dans le registre RSST (disponible sur le portail ARENA) tout probl\u00e8me li\u00e9 \u00e0 la temp\u00e9rature dans votre classe. L&#8217;employeur (donc votre chef d&rsquo;\u00e9tablissement) a pour obligation de trouver une solution et de vous r\u00e9pondre. Plus il y aura de signalements, plus le SNES-FSU pourra peser dans la balance en F3SCT pour que l&rsquo;Etat agisse enfin dans la r\u00e9novation thermique de nos \u00e9tablissements vieillissants. <\/p>\n","protected":false},"excerpt":{"rendered":"<p>Depuis la fin d&rsquo;apr\u00e8s-midi du lundi 5 janvier, la neige a fait son apparition dans le d\u00e9partement de la Mayenne. Ce mardi 6, elle est toujours pr\u00e9sente, avec du verglas et il y a un risque aussi pour le mercredi 7 janvier. La prudence est de mise en cas de neige. Si vous \u00eates dans [&hellip;]<\/p>\n","protected":false},"author":1,"featured_media":591,"comment_status":"closed","ping_status":"open","sticky":false,"template":"","format":"standard","meta":{"footnotes":""},"categories":[5,8],"tags":[],"class_list":["post-589","post","type-post","status-publish","format-standard","has-post-thumbnail","hentry","category-actualites","category-f3sct-ex-chsct"],"yoast_head":"<!-- This site is optimized with the Yoast SEO plugin v25.3.1 - https:\/\/yoast.com\/wordpress\/plugins\/seo\/ -->\n<title>Neige et froid dans les \u00e9tablissements scolaires. - SNES-FSU 53 - 1er syndicat du second degr\u00e9 de la Mayenne<\/title>\n<meta name=\"robots\" content=\"index, follow, max-snippet:-1, max-image-preview:large, max-video-preview:-1\" \/>\n<link rel=\"canonical\" href=\"https:\/\/snes53.fr\/index.php\/2026\/01\/06\/neige-et-froid-dans-les-etablissements-scolaires\/\" \/>\n<meta property=\"og:locale\" content=\"fr_FR\" \/>\n<meta property=\"og:type\" content=\"article\" \/>\n<meta property=\"og:title\" content=\"Neige et froid dans les \u00e9tablissements scolaires. - SNES-FSU 53 - 1er syndicat du second degr\u00e9 de la Mayenne\" \/>\n<meta property=\"og:description\" content=\"Depuis la fin d&rsquo;apr\u00e8s-midi du lundi 5 janvier, la neige a fait son apparition dans le d\u00e9partement de la Mayenne. Ce mardi 6, elle est toujours pr\u00e9sente, avec du verglas et il y a un risque aussi pour le mercredi 7 janvier. La prudence est de mise en cas de neige. Si vous \u00eates dans [&hellip;]\" \/>\n<meta property=\"og:url\" content=\"https:\/\/snes53.fr\/index.php\/2026\/01\/06\/neige-et-froid-dans-les-etablissements-scolaires\/\" \/>\n<meta property=\"og:site_name\" content=\"SNES-FSU 53 - 1er syndicat du second degr\u00e9 de la Mayenne\" \/>\n<meta property=\"article:published_time\" content=\"2026-01-06T08:07:07+00:00\" \/>\n<meta property=\"article:modified_time\" content=\"2026-01-06T08:07:55+00:00\" \/>\n<meta property=\"og:image\" content=\"https:\/\/snes53.fr\/wp-content\/uploads\/2026\/01\/froid-etablissements-4-e1767686866880.png\" \/>\n\t<meta property=\"og:image:width\" content=\"600\" \/>\n\t<meta property=\"og:image:height\" content=\"420\" \/>\n\t<meta property=\"og:image:type\" content=\"image\/png\" \/>\n<meta name=\"author\" content=\"SNES FSU 53\" \/>\n<meta name=\"twitter:card\" content=\"summary_large_image\" \/>\n<meta name=\"twitter:label1\" content=\"\u00c9crit par\" \/>\n\t<meta name=\"twitter:data1\" content=\"SNES FSU 53\" \/>\n\t<meta name=\"twitter:label2\" content=\"Dur\u00e9e de lecture estim\u00e9e\" \/>\n\t<meta name=\"twitter:data2\" content=\"2 minutes\" \/>\n<script type=\"application\/ld+json\" class=\"yoast-schema-graph\">{\"@context\":\"https:\/\/schema.org\",\"@graph\":[{\"@type\":\"Article\",\"@id\":\"https:\/\/snes53.fr\/index.php\/2026\/01\/06\/neige-et-froid-dans-les-etablissements-scolaires\/#article\",\"isPartOf\":{\"@id\":\"https:\/\/snes53.fr\/index.php\/2026\/01\/06\/neige-et-froid-dans-les-etablissements-scolaires\/\"},\"author\":{\"name\":\"SNES FSU 53\",\"@id\":\"https:\/\/snes53.fr\/#\/schema\/person\/42a254727ba896c9c6e12c398c9a7fe1\"},\"headline\":\"Neige et froid dans les \u00e9tablissements scolaires.\",\"datePublished\":\"2026-01-06T08:07:07+00:00\",\"dateModified\":\"2026-01-06T08:07:55+00:00\",\"mainEntityOfPage\":{\"@id\":\"https:\/\/snes53.fr\/index.php\/2026\/01\/06\/neige-et-froid-dans-les-etablissements-scolaires\/\"},\"wordCount\":360,\"publisher\":{\"@id\":\"https:\/\/snes53.fr\/#organization\"},\"image\":{\"@id\":\"https:\/\/snes53.fr\/index.php\/2026\/01\/06\/neige-et-froid-dans-les-etablissements-scolaires\/#primaryimage\"},\"thumbnailUrl\":\"https:\/\/snes53.fr\/wp-content\/uploads\/2026\/01\/froid-etablissements-4-e1767686866880.png\",\"articleSection\":[\"Actualit\u00e9s\",\"F3SCT (ex CHSCT)\"],\"inLanguage\":\"fr-FR\"},{\"@type\":\"WebPage\",\"@id\":\"https:\/\/snes53.fr\/index.php\/2026\/01\/06\/neige-et-froid-dans-les-etablissements-scolaires\/\",\"url\":\"https:\/\/snes53.fr\/index.php\/2026\/01\/06\/neige-et-froid-dans-les-etablissements-scolaires\/\",\"name\":\"Neige et froid dans les \u00e9tablissements scolaires. - SNES-FSU 53 - 1er syndicat du second degr\u00e9 de la Mayenne\",\"isPartOf\":{\"@id\":\"https:\/\/snes53.fr\/#website\"},\"primaryImageOfPage\":{\"@id\":\"https:\/\/snes53.fr\/index.php\/2026\/01\/06\/neige-et-froid-dans-les-etablissements-scolaires\/#primaryimage\"},\"image\":{\"@id\":\"https:\/\/snes53.fr\/index.php\/2026\/01\/06\/neige-et-froid-dans-les-etablissements-scolaires\/#primaryimage\"},\"thumbnailUrl\":\"https:\/\/snes53.fr\/wp-content\/uploads\/2026\/01\/froid-etablissements-4-e1767686866880.png\",\"datePublished\":\"2026-01-06T08:07:07+00:00\",\"dateModified\":\"2026-01-06T08:07:55+00:00\",\"breadcrumb\":{\"@id\":\"https:\/\/snes53.fr\/index.php\/2026\/01\/06\/neige-et-froid-dans-les-etablissements-scolaires\/#breadcrumb\"},\"inLanguage\":\"fr-FR\",\"potentialAction\":[{\"@type\":\"ReadAction\",\"target\":[\"https:\/\/snes53.fr\/index.php\/2026\/01\/06\/neige-et-froid-dans-les-etablissements-scolaires\/\"]}]},{\"@type\":\"ImageObject\",\"inLanguage\":\"fr-FR\",\"@id\":\"https:\/\/snes53.fr\/index.php\/2026\/01\/06\/neige-et-froid-dans-les-etablissements-scolaires\/#primaryimage\",\"url\":\"https:\/\/snes53.fr\/wp-content\/uploads\/2026\/01\/froid-etablissements-4-e1767686866880.png\",\"contentUrl\":\"https:\/\/snes53.fr\/wp-content\/uploads\/2026\/01\/froid-etablissements-4-e1767686866880.png\",\"width\":600,\"height\":420},{\"@type\":\"BreadcrumbList\",\"@id\":\"https:\/\/snes53.fr\/index.php\/2026\/01\/06\/neige-et-froid-dans-les-etablissements-scolaires\/#breadcrumb\",\"itemListElement\":[{\"@type\":\"ListItem\",\"position\":1,\"name\":\"Accueil\",\"item\":\"https:\/\/snes53.fr\/\"},{\"@type\":\"ListItem\",\"position\":2,\"name\":\"Neige et froid dans les \u00e9tablissements scolaires.\"}]},{\"@type\":\"WebSite\",\"@id\":\"https:\/\/snes53.fr\/#website\",\"url\":\"https:\/\/snes53.fr\/\",\"name\":\"SNES-FSU 53\",\"description\":\"\",\"publisher\":{\"@id\":\"https:\/\/snes53.fr\/#organization\"},\"potentialAction\":[{\"@type\":\"SearchAction\",\"target\":{\"@type\":\"EntryPoint\",\"urlTemplate\":\"https:\/\/snes53.fr\/?s={search_term_string}\"},\"query-input\":{\"@type\":\"PropertyValueSpecification\",\"valueRequired\":true,\"valueName\":\"search_term_string\"}}],\"inLanguage\":\"fr-FR\"},{\"@type\":\"Organization\",\"@id\":\"https:\/\/snes53.fr\/#organization\",\"name\":\"SNES-FSU 53\",\"url\":\"https:\/\/snes53.fr\/\",\"logo\":{\"@type\":\"ImageObject\",\"inLanguage\":\"fr-FR\",\"@id\":\"https:\/\/snes53.fr\/#\/schema\/logo\/image\/\",\"url\":\"https:\/\/snes53.fr\/wp-content\/uploads\/2024\/07\/cropped-logo-snes-53-v2-3.png\",\"contentUrl\":\"https:\/\/snes53.fr\/wp-content\/uploads\/2024\/07\/cropped-logo-snes-53-v2-3.png\",\"width\":944,\"height\":831,\"caption\":\"SNES-FSU 53\"},\"image\":{\"@id\":\"https:\/\/snes53.fr\/#\/schema\/logo\/image\/\"}},{\"@type\":\"Person\",\"@id\":\"https:\/\/snes53.fr\/#\/schema\/person\/42a254727ba896c9c6e12c398c9a7fe1\",\"name\":\"SNES FSU 53\",\"image\":{\"@type\":\"ImageObject\",\"inLanguage\":\"fr-FR\",\"@id\":\"https:\/\/snes53.fr\/#\/schema\/person\/image\/\",\"url\":\"https:\/\/secure.gravatar.com\/avatar\/f07ff49cdac1b172208417959738d5d1fce2e5ff8a35952ea50e41b0f5cbf932?s=96&d=mm&r=g\",\"contentUrl\":\"https:\/\/secure.gravatar.com\/avatar\/f07ff49cdac1b172208417959738d5d1fce2e5ff8a35952ea50e41b0f5cbf932?s=96&d=mm&r=g\",\"caption\":\"SNES FSU 53\"},\"sameAs\":[\"http:\/\/snes53.fr\"],\"url\":\"https:\/\/snes53.fr\/index.php\/author\/admin9881\/\"}]}<\/script>\n<!-- \/ Yoast SEO plugin. -->","yoast_head_json":{"title":"Neige et froid dans les \u00e9tablissements scolaires. - SNES-FSU 53 - 1er syndicat du second degr\u00e9 de la Mayenne","robots":{"index":"index","follow":"follow","max-snippet":"max-snippet:-1","max-image-preview":"max-image-preview:large","max-video-preview":"max-video-preview:-1"},"canonical":"https:\/\/snes53.fr\/index.php\/2026\/01\/06\/neige-et-froid-dans-les-etablissements-scolaires\/","og_locale":"fr_FR","og_type":"article","og_title":"Neige et froid dans les \u00e9tablissements scolaires. - SNES-FSU 53 - 1er syndicat du second degr\u00e9 de la Mayenne","og_description":"Depuis la fin d&rsquo;apr\u00e8s-midi du lundi 5 janvier, la neige a fait son apparition dans le d\u00e9partement de la Mayenne. Ce mardi 6, elle est toujours pr\u00e9sente, avec du verglas et il y a un risque aussi pour le mercredi 7 janvier. La prudence est de mise en cas de neige. Si vous \u00eates dans [&hellip;]","og_url":"https:\/\/snes53.fr\/index.php\/2026\/01\/06\/neige-et-froid-dans-les-etablissements-scolaires\/","og_site_name":"SNES-FSU 53 - 1er syndicat du second degr\u00e9 de la Mayenne","article_published_time":"2026-01-06T08:07:07+00:00","article_modified_time":"2026-01-06T08:07:55+00:00","og_image":[{"width":600,"height":420,"url":"https:\/\/snes53.fr\/wp-content\/uploads\/2026\/01\/froid-etablissements-4-e1767686866880.png","type":"image\/png"}],"author":"SNES FSU 53","twitter_card":"summary_large_image","twitter_misc":{"\u00c9crit par":"SNES FSU 53","Dur\u00e9e de lecture estim\u00e9e":"2 minutes"},"schema":{"@context":"https:\/\/schema.org","@graph":[{"@type":"Article","@id":"https:\/\/snes53.fr\/index.php\/2026\/01\/06\/neige-et-froid-dans-les-etablissements-scolaires\/#article","isPartOf":{"@id":"https:\/\/snes53.fr\/index.php\/2026\/01\/06\/neige-et-froid-dans-les-etablissements-scolaires\/"},"author":{"name":"SNES FSU 53","@id":"https:\/\/snes53.fr\/#\/schema\/person\/42a254727ba896c9c6e12c398c9a7fe1"},"headline":"Neige et froid dans les \u00e9tablissements scolaires.","datePublished":"2026-01-06T08:07:07+00:00","dateModified":"2026-01-06T08:07:55+00:00","mainEntityOfPage":{"@id":"https:\/\/snes53.fr\/index.php\/2026\/01\/06\/neige-et-froid-dans-les-etablissements-scolaires\/"},"wordCount":360,"publisher":{"@id":"https:\/\/snes53.fr\/#organization"},"image":{"@id":"https:\/\/snes53.fr\/index.php\/2026\/01\/06\/neige-et-froid-dans-les-etablissements-scolaires\/#primaryimage"},"thumbnailUrl":"https:\/\/snes53.fr\/wp-content\/uploads\/2026\/01\/froid-etablissements-4-e1767686866880.png","articleSection":["Actualit\u00e9s","F3SCT (ex CHSCT)"],"inLanguage":"fr-FR"},{"@type":"WebPage","@id":"https:\/\/snes53.fr\/index.php\/2026\/01\/06\/neige-et-froid-dans-les-etablissements-scolaires\/","url":"https:\/\/snes53.fr\/index.php\/2026\/01\/06\/neige-et-froid-dans-les-etablissements-scolaires\/","name":"Neige et froid dans les \u00e9tablissements scolaires. - SNES-FSU 53 - 1er syndicat du second degr\u00e9 de la Mayenne","isPartOf":{"@id":"https:\/\/snes53.fr\/#website"},"primaryImageOfPage":{"@id":"https:\/\/snes53.fr\/index.php\/2026\/01\/06\/neige-et-froid-dans-les-etablissements-scolaires\/#primaryimage"},"image":{"@id":"https:\/\/snes53.fr\/index.php\/2026\/01\/06\/neige-et-froid-dans-les-etablissements-scolaires\/#primaryimage"},"thumbnailUrl":"https:\/\/snes53.fr\/wp-content\/uploads\/2026\/01\/froid-etablissements-4-e1767686866880.png","datePublished":"2026-01-06T08:07:07+00:00","dateModified":"2026-01-06T08:07:55+00:00","breadcrumb":{"@id":"https:\/\/snes53.fr\/index.php\/2026\/01\/06\/neige-et-froid-dans-les-etablissements-scolaires\/#breadcrumb"},"inLanguage":"fr-FR","potentialAction":[{"@type":"ReadAction","target":["https:\/\/snes53.fr\/index.php\/2026\/01\/06\/neige-et-froid-dans-les-etablissements-scolaires\/"]}]},{"@type":"ImageObject","inLanguage":"fr-FR","@id":"https:\/\/snes53.fr\/index.php\/2026\/01\/06\/neige-et-froid-dans-les-etablissements-scolaires\/#primaryimage","url":"https:\/\/snes53.fr\/wp-content\/uploads\/2026\/01\/froid-etablissements-4-e1767686866880.png","contentUrl":"https:\/\/snes53.fr\/wp-content\/uploads\/2026\/01\/froid-etablissements-4-e1767686866880.png","width":600,"height":420},{"@type":"BreadcrumbList","@id":"https:\/\/snes53.fr\/index.php\/2026\/01\/06\/neige-et-froid-dans-les-etablissements-scolaires\/#breadcrumb","itemListElement":[{"@type":"ListItem","position":1,"name":"Accueil","item":"https:\/\/snes53.fr\/"},{"@type":"ListItem","position":2,"name":"Neige et froid dans les \u00e9tablissements scolaires."}]},{"@type":"WebSite","@id":"https:\/\/snes53.fr\/#website","url":"https:\/\/snes53.fr\/","name":"SNES-FSU 53","description":"","publisher":{"@id":"https:\/\/snes53.fr\/#organization"},"potentialAction":[{"@type":"SearchAction","target":{"@type":"EntryPoint","urlTemplate":"https:\/\/snes53.fr\/?s={search_term_string}"},"query-input":{"@type":"PropertyValueSpecification","valueRequired":true,"valueName":"search_term_string"}}],"inLanguage":"fr-FR"},{"@type":"Organization","@id":"https:\/\/snes53.fr\/#organization","name":"SNES-FSU 53","url":"https:\/\/snes53.fr\/","logo":{"@type":"ImageObject","inLanguage":"fr-FR","@id":"https:\/\/snes53.fr\/#\/schema\/logo\/image\/","url":"https:\/\/snes53.fr\/wp-content\/uploads\/2024\/07\/cropped-logo-snes-53-v2-3.png","contentUrl":"https:\/\/snes53.fr\/wp-content\/uploads\/2024\/07\/cropped-logo-snes-53-v2-3.png","width":944,"height":831,"caption":"SNES-FSU 53"},"image":{"@id":"https:\/\/snes53.fr\/#\/schema\/logo\/image\/"}},{"@type":"Person","@id":"https:\/\/snes53.fr\/#\/schema\/person\/42a254727ba896c9c6e12c398c9a7fe1","name":"SNES FSU 53","image":{"@type":"ImageObject","inLanguage":"fr-FR","@id":"https:\/\/snes53.fr\/#\/schema\/person\/image\/","url":"https:\/\/secure.gravatar.com\/avatar\/f07ff49cdac1b172208417959738d5d1fce2e5ff8a35952ea50e41b0f5cbf932?s=96&d=mm&r=g","contentUrl":"https:\/\/secure.gravatar.com\/avatar\/f07ff49cdac1b172208417959738d5d1fce2e5ff8a35952ea50e41b0f5cbf932?s=96&d=mm&r=g","caption":"SNES FSU 53"},"sameAs":["http:\/\/snes53.fr"],"url":"https:\/\/snes53.fr\/index.php\/author\/admin9881\/"}]}},"_links":{"self":[{"href":"https:\/\/snes53.fr\/index.php\/wp-json\/wp\/v2\/posts\/589","targetHints":{"allow":["GET"]}}],"collection":[{"href":"https:\/\/snes53.fr\/index.php\/wp-json\/wp\/v2\/posts"}],"about":[{"href":"https:\/\/snes53.fr\/index.php\/wp-json\/wp\/v2\/types\/post"}],"author":[{"embeddable":true,"href":"https:\/\/snes53.fr\/index.php\/wp-json\/wp\/v2\/users\/1"}],"replies":[{"embeddable":true,"href":"https:\/\/snes53.fr\/index.php\/wp-json\/wp\/v2\/comments?post=589"}],"version-history":[{"count":1,"href":"https:\/\/snes53.fr\/index.php\/wp-json\/wp\/v2\/posts\/589\/revisions"}],"predecessor-version":[{"id":590,"href":"https:\/\/snes53.fr\/index.php\/wp-json\/wp\/v2\/posts\/589\/revisions\/590"}],"wp:featuredmedia":[{"embeddable":true,"href":"https:\/\/snes53.fr\/index.php\/wp-json\/wp\/v2\/media\/591"}],"wp:attachment":[{"href":"https:\/\/snes53.fr\/index.php\/wp-json\/wp\/v2\/media?parent=589"}],"wp:term":[{"taxonomy":"category","embeddable":true,"href":"https:\/\/snes53.fr\/index.php\/wp-json\/wp\/v2\/categories?post=589"},{"taxonomy":"post_tag","embeddable":true,"href":"https:\/\/snes53.fr\/index.php\/wp-json\/wp\/v2\/tags?post=589"}],"curies":[{"name":"wp","href":"https:\/\/api.w.org\/{rel}","templated":true}]}}