{"id":573,"date":"2025-12-13T10:34:44","date_gmt":"2025-12-13T09:34:44","guid":{"rendered":"https:\/\/snes53.fr\/?p=573"},"modified":"2025-12-13T10:35:47","modified_gmt":"2025-12-13T09:35:47","slug":"aed-et-aesh-toutes-et-tous-en-greve-le-mardi-16-decembre","status":"publish","type":"post","link":"https:\/\/snes53.fr\/index.php\/2025\/12\/13\/aed-et-aesh-toutes-et-tous-en-greve-le-mardi-16-decembre\/","title":{"rendered":"AED et AESH : toutes et tous en gr\u00e8ve le mardi 16 d\u00e9cembre"},"content":{"rendered":"\n<p>Le mardi 16 d\u00e9cembre, un mouvement intersyndical regroupant la FSU, la CGT, l&rsquo;UNSA, le SNALC, SUD \u00e9ducation et la CFDT appellent \u00e0 la gr\u00e8ve pour les AESH et les AED. <\/p>\n\n\n\n<p>Nous r\u00e9clamons des hausses de salaires pour tous ces emplois qui ont une tr\u00e8s forte charge de travail et qui sont peu r\u00e9mun\u00e9r\u00e9es. Nous r\u00e9clamons aussi un statut pour les AESH (fonctionnaire de cat\u00e9gorie B). On r\u00e9clame aussi des recrutements en plus dans ces m\u00e9tiers (on a de plus en plus d&rsquo;\u00e9l\u00e8ves en situation de handicap dans nos classes mais sans moyens pour les inclure dignement. Et pour les AED, beaucoup de coll\u00e8ges et de lyc\u00e9es sont sous dot\u00e9s, ce qui am\u00e8ne \u00e0 des situations intenables comme r\u00e9cemment au coll\u00e8ge Chantenay \u00e0 Nantes qui a fonctionn\u00e9 en service d\u00e9grad\u00e9 suite \u00e0 l&rsquo;absence pour cong\u00e8s maladie pour \u00e9puissement professionnel de plusieurs AED &#8211; <a href=\"https:\/\/www.ouest-france.fr\/pays-de-la-loire\/nantes-44000\/les-eleves-prives-de-cantine-et-de-recre-dans-ce-college-de-nantes-lequipe-de-vie-scolaire-est-epuisee-9c840dfa-d43d-11f0-a0f2-b2a4fbd1e8d9\">voir article<\/a> &#8211; )<\/p>\n\n\n\n<p>Une p\u00e9tition a \u00e9t\u00e9 mise en ligne par la FSU pour soutenir ce mouvement &#8211; <a href=\"https:\/\/www.mapetition.org\/AESH\/index.php\">cliquez ici pour signer<\/a> &#8211; <\/p>\n\n\n\n<p class=\"has-white-color has-vivid-red-background-color has-text-color has-background has-link-color wp-elements-83b4e24cfde97de2ab3352c2c81f12a7\"><strong>Pour rappel : les AED et les AESH adh\u00e9rents \u00e0 jour au SNES 53 ont acc\u00e8s \u00e0 la caisse de gr\u00e8ve d\u00e8s le premier jour de gr\u00e8ve ! N&rsquo;oubliez pas d&rsquo;adh\u00e9rer pour pouvoir \u00eatre indemnis\u00e9 de votre jour de gr\u00e8ve du 16 d\u00e9cembre prochain<\/strong><\/p>\n\n\n\n<div data-wp-interactive=\"core\/file\" class=\"wp-block-file\"><object data-wp-bind--hidden=\"!state.hasPdfPreview\" hidden class=\"wp-block-file__embed\" data=\"https:\/\/snes53.fr\/wp-content\/uploads\/2025\/12\/Tract-AESH.pdf\" type=\"application\/pdf\" style=\"width:100%;height:600px\" aria-label=\"Contenu embarqu\u00e9 Tract-AESH.\"><\/object><a id=\"wp-block-file--media-a696d94f-a070-45c6-bd49-72923e2a0291\" href=\"https:\/\/snes53.fr\/wp-content\/uploads\/2025\/12\/Tract-AESH.pdf\">Tract-AESH<\/a><a href=\"https:\/\/snes53.fr\/wp-content\/uploads\/2025\/12\/Tract-AESH.pdf\" class=\"wp-block-file__button wp-element-button\" download aria-describedby=\"wp-block-file--media-a696d94f-a070-45c6-bd49-72923e2a0291\">T\u00e9l\u00e9charger<\/a><\/div>\n","protected":false},"excerpt":{"rendered":"<p>Le mardi 16 d\u00e9cembre, un mouvement intersyndical regroupant la FSU, la CGT, l&rsquo;UNSA, le SNALC, SUD \u00e9ducation et la CFDT appellent \u00e0 la gr\u00e8ve pour les AESH et les AED. Nous r\u00e9clamons des hausses de salaires pour tous ces emplois qui ont une tr\u00e8s forte charge de travail et qui sont peu r\u00e9mun\u00e9r\u00e9es. Nous r\u00e9clamons [&hellip;]<\/p>\n","protected":false},"author":1,"featured_media":575,"comment_status":"closed","ping_status":"open","sticky":false,"template":"","format":"standard","meta":{"footnotes":""},"categories":[5],"tags":[],"class_list":["post-573","post","type-post","status-publish","format-standard","has-post-thumbnail","hentry","category-actualites"],"yoast_head":"<!-- This site is optimized with the Yoast SEO plugin v25.3.1 - https:\/\/yoast.com\/wordpress\/plugins\/seo\/ -->\n<title>AED et AESH : toutes et tous en gr\u00e8ve le mardi 16 d\u00e9cembre - SNES-FSU 53 - 1er syndicat du second degr\u00e9 de la Mayenne<\/title>\n<meta name=\"robots\" content=\"index, follow, max-snippet:-1, max-image-preview:large, max-video-preview:-1\" \/>\n<link rel=\"canonical\" href=\"https:\/\/snes53.fr\/index.php\/2025\/12\/13\/aed-et-aesh-toutes-et-tous-en-greve-le-mardi-16-decembre\/\" \/>\n<meta property=\"og:locale\" content=\"fr_FR\" \/>\n<meta property=\"og:type\" content=\"article\" \/>\n<meta property=\"og:title\" content=\"AED et AESH : toutes et tous en gr\u00e8ve le mardi 16 d\u00e9cembre - SNES-FSU 53 - 1er syndicat du second degr\u00e9 de la Mayenne\" \/>\n<meta property=\"og:description\" content=\"Le mardi 16 d\u00e9cembre, un mouvement intersyndical regroupant la FSU, la CGT, l&rsquo;UNSA, le SNALC, SUD \u00e9ducation et la CFDT appellent \u00e0 la gr\u00e8ve pour les AESH et les AED. Nous r\u00e9clamons des hausses de salaires pour tous ces emplois qui ont une tr\u00e8s forte charge de travail et qui sont peu r\u00e9mun\u00e9r\u00e9es. Nous r\u00e9clamons [&hellip;]\" \/>\n<meta property=\"og:url\" content=\"https:\/\/snes53.fr\/index.php\/2025\/12\/13\/aed-et-aesh-toutes-et-tous-en-greve-le-mardi-16-decembre\/\" \/>\n<meta property=\"og:site_name\" content=\"SNES-FSU 53 - 1er syndicat du second degr\u00e9 de la Mayenne\" \/>\n<meta property=\"article:published_time\" content=\"2025-12-13T09:34:44+00:00\" \/>\n<meta property=\"article:modified_time\" content=\"2025-12-13T09:35:47+00:00\" \/>\n<meta property=\"og:image\" content=\"https:\/\/snes53.fr\/wp-content\/uploads\/2025\/12\/AESH-4-1-e1765618468374.png\" \/>\n\t<meta property=\"og:image:width\" content=\"500\" \/>\n\t<meta property=\"og:image:height\" content=\"350\" \/>\n\t<meta property=\"og:image:type\" content=\"image\/png\" \/>\n<meta name=\"author\" content=\"SNES FSU 53\" \/>\n<meta name=\"twitter:card\" content=\"summary_large_image\" \/>\n<meta name=\"twitter:label1\" content=\"\u00c9crit par\" \/>\n\t<meta name=\"twitter:data1\" content=\"SNES FSU 53\" \/>\n\t<meta name=\"twitter:label2\" content=\"Dur\u00e9e de lecture estim\u00e9e\" \/>\n\t<meta name=\"twitter:data2\" content=\"2 minutes\" \/>\n<script type=\"application\/ld+json\" class=\"yoast-schema-graph\">{\"@context\":\"https:\/\/schema.org\",\"@graph\":[{\"@type\":\"Article\",\"@id\":\"https:\/\/snes53.fr\/index.php\/2025\/12\/13\/aed-et-aesh-toutes-et-tous-en-greve-le-mardi-16-decembre\/#article\",\"isPartOf\":{\"@id\":\"https:\/\/snes53.fr\/index.php\/2025\/12\/13\/aed-et-aesh-toutes-et-tous-en-greve-le-mardi-16-decembre\/\"},\"author\":{\"name\":\"SNES FSU 53\",\"@id\":\"https:\/\/snes53.fr\/#\/schema\/person\/42a254727ba896c9c6e12c398c9a7fe1\"},\"headline\":\"AED et AESH : toutes et tous en gr\u00e8ve le mardi 16 d\u00e9cembre\",\"datePublished\":\"2025-12-13T09:34:44+00:00\",\"dateModified\":\"2025-12-13T09:35:47+00:00\",\"mainEntityOfPage\":{\"@id\":\"https:\/\/snes53.fr\/index.php\/2025\/12\/13\/aed-et-aesh-toutes-et-tous-en-greve-le-mardi-16-decembre\/\"},\"wordCount\":249,\"publisher\":{\"@id\":\"https:\/\/snes53.fr\/#organization\"},\"image\":{\"@id\":\"https:\/\/snes53.fr\/index.php\/2025\/12\/13\/aed-et-aesh-toutes-et-tous-en-greve-le-mardi-16-decembre\/#primaryimage\"},\"thumbnailUrl\":\"https:\/\/snes53.fr\/wp-content\/uploads\/2025\/12\/AESH-4-1-e1765618468374.png\",\"articleSection\":[\"Actualit\u00e9s\"],\"inLanguage\":\"fr-FR\"},{\"@type\":\"WebPage\",\"@id\":\"https:\/\/snes53.fr\/index.php\/2025\/12\/13\/aed-et-aesh-toutes-et-tous-en-greve-le-mardi-16-decembre\/\",\"url\":\"https:\/\/snes53.fr\/index.php\/2025\/12\/13\/aed-et-aesh-toutes-et-tous-en-greve-le-mardi-16-decembre\/\",\"name\":\"AED et AESH : toutes et tous en gr\u00e8ve le mardi 16 d\u00e9cembre - SNES-FSU 53 - 1er syndicat du second degr\u00e9 de la Mayenne\",\"isPartOf\":{\"@id\":\"https:\/\/snes53.fr\/#website\"},\"primaryImageOfPage\":{\"@id\":\"https:\/\/snes53.fr\/index.php\/2025\/12\/13\/aed-et-aesh-toutes-et-tous-en-greve-le-mardi-16-decembre\/#primaryimage\"},\"image\":{\"@id\":\"https:\/\/snes53.fr\/index.php\/2025\/12\/13\/aed-et-aesh-toutes-et-tous-en-greve-le-mardi-16-decembre\/#primaryimage\"},\"thumbnailUrl\":\"https:\/\/snes53.fr\/wp-content\/uploads\/2025\/12\/AESH-4-1-e1765618468374.png\",\"datePublished\":\"2025-12-13T09:34:44+00:00\",\"dateModified\":\"2025-12-13T09:35:47+00:00\",\"breadcrumb\":{\"@id\":\"https:\/\/snes53.fr\/index.php\/2025\/12\/13\/aed-et-aesh-toutes-et-tous-en-greve-le-mardi-16-decembre\/#breadcrumb\"},\"inLanguage\":\"fr-FR\",\"potentialAction\":[{\"@type\":\"ReadAction\",\"target\":[\"https:\/\/snes53.fr\/index.php\/2025\/12\/13\/aed-et-aesh-toutes-et-tous-en-greve-le-mardi-16-decembre\/\"]}]},{\"@type\":\"ImageObject\",\"inLanguage\":\"fr-FR\",\"@id\":\"https:\/\/snes53.fr\/index.php\/2025\/12\/13\/aed-et-aesh-toutes-et-tous-en-greve-le-mardi-16-decembre\/#primaryimage\",\"url\":\"https:\/\/snes53.fr\/wp-content\/uploads\/2025\/12\/AESH-4-1-e1765618468374.png\",\"contentUrl\":\"https:\/\/snes53.fr\/wp-content\/uploads\/2025\/12\/AESH-4-1-e1765618468374.png\",\"width\":500,\"height\":350},{\"@type\":\"BreadcrumbList\",\"@id\":\"https:\/\/snes53.fr\/index.php\/2025\/12\/13\/aed-et-aesh-toutes-et-tous-en-greve-le-mardi-16-decembre\/#breadcrumb\",\"itemListElement\":[{\"@type\":\"ListItem\",\"position\":1,\"name\":\"Accueil\",\"item\":\"https:\/\/snes53.fr\/\"},{\"@type\":\"ListItem\",\"position\":2,\"name\":\"AED et AESH : toutes et tous en gr\u00e8ve le mardi 16 d\u00e9cembre\"}]},{\"@type\":\"WebSite\",\"@id\":\"https:\/\/snes53.fr\/#website\",\"url\":\"https:\/\/snes53.fr\/\",\"name\":\"SNES-FSU 53\",\"description\":\"\",\"publisher\":{\"@id\":\"https:\/\/snes53.fr\/#organization\"},\"potentialAction\":[{\"@type\":\"SearchAction\",\"target\":{\"@type\":\"EntryPoint\",\"urlTemplate\":\"https:\/\/snes53.fr\/?s={search_term_string}\"},\"query-input\":{\"@type\":\"PropertyValueSpecification\",\"valueRequired\":true,\"valueName\":\"search_term_string\"}}],\"inLanguage\":\"fr-FR\"},{\"@type\":\"Organization\",\"@id\":\"https:\/\/snes53.fr\/#organization\",\"name\":\"SNES-FSU 53\",\"url\":\"https:\/\/snes53.fr\/\",\"logo\":{\"@type\":\"ImageObject\",\"inLanguage\":\"fr-FR\",\"@id\":\"https:\/\/snes53.fr\/#\/schema\/logo\/image\/\",\"url\":\"https:\/\/snes53.fr\/wp-content\/uploads\/2024\/07\/cropped-logo-snes-53-v2-3.png\",\"contentUrl\":\"https:\/\/snes53.fr\/wp-content\/uploads\/2024\/07\/cropped-logo-snes-53-v2-3.png\",\"width\":944,\"height\":831,\"caption\":\"SNES-FSU 53\"},\"image\":{\"@id\":\"https:\/\/snes53.fr\/#\/schema\/logo\/image\/\"}},{\"@type\":\"Person\",\"@id\":\"https:\/\/snes53.fr\/#\/schema\/person\/42a254727ba896c9c6e12c398c9a7fe1\",\"name\":\"SNES FSU 53\",\"image\":{\"@type\":\"ImageObject\",\"inLanguage\":\"fr-FR\",\"@id\":\"https:\/\/snes53.fr\/#\/schema\/person\/image\/\",\"url\":\"https:\/\/secure.gravatar.com\/avatar\/f07ff49cdac1b172208417959738d5d1fce2e5ff8a35952ea50e41b0f5cbf932?s=96&d=mm&r=g\",\"contentUrl\":\"https:\/\/secure.gravatar.com\/avatar\/f07ff49cdac1b172208417959738d5d1fce2e5ff8a35952ea50e41b0f5cbf932?s=96&d=mm&r=g\",\"caption\":\"SNES FSU 53\"},\"sameAs\":[\"http:\/\/snes53.fr\"],\"url\":\"https:\/\/snes53.fr\/index.php\/author\/admin9881\/\"}]}<\/script>\n<!-- \/ Yoast SEO plugin. -->","yoast_head_json":{"title":"AED et AESH : toutes et tous en gr\u00e8ve le mardi 16 d\u00e9cembre - SNES-FSU 53 - 1er syndicat du second degr\u00e9 de la Mayenne","robots":{"index":"index","follow":"follow","max-snippet":"max-snippet:-1","max-image-preview":"max-image-preview:large","max-video-preview":"max-video-preview:-1"},"canonical":"https:\/\/snes53.fr\/index.php\/2025\/12\/13\/aed-et-aesh-toutes-et-tous-en-greve-le-mardi-16-decembre\/","og_locale":"fr_FR","og_type":"article","og_title":"AED et AESH : toutes et tous en gr\u00e8ve le mardi 16 d\u00e9cembre - SNES-FSU 53 - 1er syndicat du second degr\u00e9 de la Mayenne","og_description":"Le mardi 16 d\u00e9cembre, un mouvement intersyndical regroupant la FSU, la CGT, l&rsquo;UNSA, le SNALC, SUD \u00e9ducation et la CFDT appellent \u00e0 la gr\u00e8ve pour les AESH et les AED. Nous r\u00e9clamons des hausses de salaires pour tous ces emplois qui ont une tr\u00e8s forte charge de travail et qui sont peu r\u00e9mun\u00e9r\u00e9es. Nous r\u00e9clamons [&hellip;]","og_url":"https:\/\/snes53.fr\/index.php\/2025\/12\/13\/aed-et-aesh-toutes-et-tous-en-greve-le-mardi-16-decembre\/","og_site_name":"SNES-FSU 53 - 1er syndicat du second degr\u00e9 de la Mayenne","article_published_time":"2025-12-13T09:34:44+00:00","article_modified_time":"2025-12-13T09:35:47+00:00","og_image":[{"width":500,"height":350,"url":"https:\/\/snes53.fr\/wp-content\/uploads\/2025\/12\/AESH-4-1-e1765618468374.png","type":"image\/png"}],"author":"SNES FSU 53","twitter_card":"summary_large_image","twitter_misc":{"\u00c9crit par":"SNES FSU 53","Dur\u00e9e de lecture estim\u00e9e":"2 minutes"},"schema":{"@context":"https:\/\/schema.org","@graph":[{"@type":"Article","@id":"https:\/\/snes53.fr\/index.php\/2025\/12\/13\/aed-et-aesh-toutes-et-tous-en-greve-le-mardi-16-decembre\/#article","isPartOf":{"@id":"https:\/\/snes53.fr\/index.php\/2025\/12\/13\/aed-et-aesh-toutes-et-tous-en-greve-le-mardi-16-decembre\/"},"author":{"name":"SNES FSU 53","@id":"https:\/\/snes53.fr\/#\/schema\/person\/42a254727ba896c9c6e12c398c9a7fe1"},"headline":"AED et AESH : toutes et tous en gr\u00e8ve le mardi 16 d\u00e9cembre","datePublished":"2025-12-13T09:34:44+00:00","dateModified":"2025-12-13T09:35:47+00:00","mainEntityOfPage":{"@id":"https:\/\/snes53.fr\/index.php\/2025\/12\/13\/aed-et-aesh-toutes-et-tous-en-greve-le-mardi-16-decembre\/"},"wordCount":249,"publisher":{"@id":"https:\/\/snes53.fr\/#organization"},"image":{"@id":"https:\/\/snes53.fr\/index.php\/2025\/12\/13\/aed-et-aesh-toutes-et-tous-en-greve-le-mardi-16-decembre\/#primaryimage"},"thumbnailUrl":"https:\/\/snes53.fr\/wp-content\/uploads\/2025\/12\/AESH-4-1-e1765618468374.png","articleSection":["Actualit\u00e9s"],"inLanguage":"fr-FR"},{"@type":"WebPage","@id":"https:\/\/snes53.fr\/index.php\/2025\/12\/13\/aed-et-aesh-toutes-et-tous-en-greve-le-mardi-16-decembre\/","url":"https:\/\/snes53.fr\/index.php\/2025\/12\/13\/aed-et-aesh-toutes-et-tous-en-greve-le-mardi-16-decembre\/","name":"AED et AESH : toutes et tous en gr\u00e8ve le mardi 16 d\u00e9cembre - SNES-FSU 53 - 1er syndicat du second degr\u00e9 de la Mayenne","isPartOf":{"@id":"https:\/\/snes53.fr\/#website"},"primaryImageOfPage":{"@id":"https:\/\/snes53.fr\/index.php\/2025\/12\/13\/aed-et-aesh-toutes-et-tous-en-greve-le-mardi-16-decembre\/#primaryimage"},"image":{"@id":"https:\/\/snes53.fr\/index.php\/2025\/12\/13\/aed-et-aesh-toutes-et-tous-en-greve-le-mardi-16-decembre\/#primaryimage"},"thumbnailUrl":"https:\/\/snes53.fr\/wp-content\/uploads\/2025\/12\/AESH-4-1-e1765618468374.png","datePublished":"2025-12-13T09:34:44+00:00","dateModified":"2025-12-13T09:35:47+00:00","breadcrumb":{"@id":"https:\/\/snes53.fr\/index.php\/2025\/12\/13\/aed-et-aesh-toutes-et-tous-en-greve-le-mardi-16-decembre\/#breadcrumb"},"inLanguage":"fr-FR","potentialAction":[{"@type":"ReadAction","target":["https:\/\/snes53.fr\/index.php\/2025\/12\/13\/aed-et-aesh-toutes-et-tous-en-greve-le-mardi-16-decembre\/"]}]},{"@type":"ImageObject","inLanguage":"fr-FR","@id":"https:\/\/snes53.fr\/index.php\/2025\/12\/13\/aed-et-aesh-toutes-et-tous-en-greve-le-mardi-16-decembre\/#primaryimage","url":"https:\/\/snes53.fr\/wp-content\/uploads\/2025\/12\/AESH-4-1-e1765618468374.png","contentUrl":"https:\/\/snes53.fr\/wp-content\/uploads\/2025\/12\/AESH-4-1-e1765618468374.png","width":500,"height":350},{"@type":"BreadcrumbList","@id":"https:\/\/snes53.fr\/index.php\/2025\/12\/13\/aed-et-aesh-toutes-et-tous-en-greve-le-mardi-16-decembre\/#breadcrumb","itemListElement":[{"@type":"ListItem","position":1,"name":"Accueil","item":"https:\/\/snes53.fr\/"},{"@type":"ListItem","position":2,"name":"AED et AESH : toutes et tous en gr\u00e8ve le mardi 16 d\u00e9cembre"}]},{"@type":"WebSite","@id":"https:\/\/snes53.fr\/#website","url":"https:\/\/snes53.fr\/","name":"SNES-FSU 53","description":"","publisher":{"@id":"https:\/\/snes53.fr\/#organization"},"potentialAction":[{"@type":"SearchAction","target":{"@type":"EntryPoint","urlTemplate":"https:\/\/snes53.fr\/?s={search_term_string}"},"query-input":{"@type":"PropertyValueSpecification","valueRequired":true,"valueName":"search_term_string"}}],"inLanguage":"fr-FR"},{"@type":"Organization","@id":"https:\/\/snes53.fr\/#organization","name":"SNES-FSU 53","url":"https:\/\/snes53.fr\/","logo":{"@type":"ImageObject","inLanguage":"fr-FR","@id":"https:\/\/snes53.fr\/#\/schema\/logo\/image\/","url":"https:\/\/snes53.fr\/wp-content\/uploads\/2024\/07\/cropped-logo-snes-53-v2-3.png","contentUrl":"https:\/\/snes53.fr\/wp-content\/uploads\/2024\/07\/cropped-logo-snes-53-v2-3.png","width":944,"height":831,"caption":"SNES-FSU 53"},"image":{"@id":"https:\/\/snes53.fr\/#\/schema\/logo\/image\/"}},{"@type":"Person","@id":"https:\/\/snes53.fr\/#\/schema\/person\/42a254727ba896c9c6e12c398c9a7fe1","name":"SNES FSU 53","image":{"@type":"ImageObject","inLanguage":"fr-FR","@id":"https:\/\/snes53.fr\/#\/schema\/person\/image\/","url":"https:\/\/secure.gravatar.com\/avatar\/f07ff49cdac1b172208417959738d5d1fce2e5ff8a35952ea50e41b0f5cbf932?s=96&d=mm&r=g","contentUrl":"https:\/\/secure.gravatar.com\/avatar\/f07ff49cdac1b172208417959738d5d1fce2e5ff8a35952ea50e41b0f5cbf932?s=96&d=mm&r=g","caption":"SNES FSU 53"},"sameAs":["http:\/\/snes53.fr"],"url":"https:\/\/snes53.fr\/index.php\/author\/admin9881\/"}]}},"_links":{"self":[{"href":"https:\/\/snes53.fr\/index.php\/wp-json\/wp\/v2\/posts\/573","targetHints":{"allow":["GET"]}}],"collection":[{"href":"https:\/\/snes53.fr\/index.php\/wp-json\/wp\/v2\/posts"}],"about":[{"href":"https:\/\/snes53.fr\/index.php\/wp-json\/wp\/v2\/types\/post"}],"author":[{"embeddable":true,"href":"https:\/\/snes53.fr\/index.php\/wp-json\/wp\/v2\/users\/1"}],"replies":[{"embeddable":true,"href":"https:\/\/snes53.fr\/index.php\/wp-json\/wp\/v2\/comments?post=573"}],"version-history":[{"count":2,"href":"https:\/\/snes53.fr\/index.php\/wp-json\/wp\/v2\/posts\/573\/revisions"}],"predecessor-version":[{"id":577,"href":"https:\/\/snes53.fr\/index.php\/wp-json\/wp\/v2\/posts\/573\/revisions\/577"}],"wp:featuredmedia":[{"embeddable":true,"href":"https:\/\/snes53.fr\/index.php\/wp-json\/wp\/v2\/media\/575"}],"wp:attachment":[{"href":"https:\/\/snes53.fr\/index.php\/wp-json\/wp\/v2\/media?parent=573"}],"wp:term":[{"taxonomy":"category","embeddable":true,"href":"https:\/\/snes53.fr\/index.php\/wp-json\/wp\/v2\/categories?post=573"},{"taxonomy":"post_tag","embeddable":true,"href":"https:\/\/snes53.fr\/index.php\/wp-json\/wp\/v2\/tags?post=573"}],"curies":[{"name":"wp","href":"https:\/\/api.w.org\/{rel}","templated":true}]}}