{"id":508,"date":"2025-09-12T10:20:02","date_gmt":"2025-09-12T08:20:02","guid":{"rendered":"https:\/\/snes53.fr\/?p=508"},"modified":"2025-09-12T10:20:03","modified_gmt":"2025-09-12T08:20:03","slug":"le-18-septembre-toutes-et-tous-en-greve-pour-un-autre-budget","status":"publish","type":"post","link":"https:\/\/snes53.fr\/index.php\/2025\/09\/12\/le-18-septembre-toutes-et-tous-en-greve-pour-un-autre-budget\/","title":{"rendered":"Le 18 septembre : toutes et tous en gr\u00e8ve pour un autre budget !"},"content":{"rendered":"\n<p>M\u00eame si Fran\u00e7ois Bayrou n&rsquo;est plus le premier ministre de notre pays, l&rsquo;id\u00e9ologie de S\u00e9bastien Lecornu reste la m\u00eame : la baisse des d\u00e9penses publiques, des \u00e9conomies sur le dos des citoyen.nes  de ce pays, surtout les plus pr\u00e9caires. Dans l&rsquo;\u00e9ducation, encore des postes en moins et un gel du point d&rsquo;indice, fort de cons\u00e9quences sur notre pouvoir d&rsquo;achat. <\/p>\n\n\n\n<p>Au SNES-FSU 53, nous voulons un autre budget, plus \u00e9galitaire et social. On peut faire autrement, surtourt en pr\u00e9levant l\u00e0 o\u00f9 il y a de l&rsquo;argent avec la taxe Zukman. <\/p>\n\n\n\n<p class=\"has-text-align-center has-white-color has-vivid-red-background-color has-text-color has-background has-link-color has-large-font-size wp-elements-c00040ba69e4907309d9e8afb9ab0190\"><strong>Rendez-vous \u00e0 Laval le jeudi 18 septembre \u00e0 partir de 11h sur la place du 11 novembre. <\/strong><\/p>\n\n\n\n<p>Toutes et tous en gr\u00e8ve et dans la manifestation jeudi 18 !!<\/p>\n\n\n\n<div class=\"wp-block-file\"><a id=\"wp-block-file--media-4ec86c9c-6953-44bc-8de4-ffd00423da52\" href=\"https:\/\/snes53.fr\/wp-content\/uploads\/2025\/09\/Communique-intersyndical.docx\">Communique\u0301 intersyndical<\/a><a href=\"https:\/\/snes53.fr\/wp-content\/uploads\/2025\/09\/Communique-intersyndical.docx\" class=\"wp-block-file__button wp-element-button\" download aria-describedby=\"wp-block-file--media-4ec86c9c-6953-44bc-8de4-ffd00423da52\">T\u00e9l\u00e9charger<\/a><\/div>\n","protected":false},"excerpt":{"rendered":"<p>M\u00eame si Fran\u00e7ois Bayrou n&rsquo;est plus le premier ministre de notre pays, l&rsquo;id\u00e9ologie de S\u00e9bastien Lecornu reste la m\u00eame : la baisse des d\u00e9penses publiques, des \u00e9conomies sur le dos des citoyen.nes de ce pays, surtout les plus pr\u00e9caires. Dans l&rsquo;\u00e9ducation, encore des postes en moins et un gel du point d&rsquo;indice, fort de cons\u00e9quences [&hellip;]<\/p>\n","protected":false},"author":1,"featured_media":510,"comment_status":"closed","ping_status":"open","sticky":false,"template":"","format":"standard","meta":{"footnotes":""},"categories":[5],"tags":[],"class_list":["post-508","post","type-post","status-publish","format-standard","has-post-thumbnail","hentry","category-actualites"],"yoast_head":"<!-- This site is optimized with the Yoast SEO plugin v25.3.1 - https:\/\/yoast.com\/wordpress\/plugins\/seo\/ -->\n<title>Le 18 septembre : toutes et tous en gr\u00e8ve pour un autre budget ! - SNES-FSU 53 - 1er syndicat du second degr\u00e9 de la Mayenne<\/title>\n<meta name=\"robots\" content=\"index, follow, max-snippet:-1, max-image-preview:large, max-video-preview:-1\" \/>\n<link rel=\"canonical\" href=\"https:\/\/snes53.fr\/index.php\/2025\/09\/12\/le-18-septembre-toutes-et-tous-en-greve-pour-un-autre-budget\/\" \/>\n<meta property=\"og:locale\" content=\"fr_FR\" \/>\n<meta property=\"og:type\" content=\"article\" \/>\n<meta property=\"og:title\" content=\"Le 18 septembre : toutes et tous en gr\u00e8ve pour un autre budget ! - SNES-FSU 53 - 1er syndicat du second degr\u00e9 de la Mayenne\" \/>\n<meta property=\"og:description\" content=\"M\u00eame si Fran\u00e7ois Bayrou n&rsquo;est plus le premier ministre de notre pays, l&rsquo;id\u00e9ologie de S\u00e9bastien Lecornu reste la m\u00eame : la baisse des d\u00e9penses publiques, des \u00e9conomies sur le dos des citoyen.nes de ce pays, surtout les plus pr\u00e9caires. Dans l&rsquo;\u00e9ducation, encore des postes en moins et un gel du point d&rsquo;indice, fort de cons\u00e9quences [&hellip;]\" \/>\n<meta property=\"og:url\" content=\"https:\/\/snes53.fr\/index.php\/2025\/09\/12\/le-18-septembre-toutes-et-tous-en-greve-pour-un-autre-budget\/\" \/>\n<meta property=\"og:site_name\" content=\"SNES-FSU 53 - 1er syndicat du second degr\u00e9 de la Mayenne\" \/>\n<meta property=\"article:published_time\" content=\"2025-09-12T08:20:02+00:00\" \/>\n<meta property=\"article:modified_time\" content=\"2025-09-12T08:20:03+00:00\" \/>\n<meta property=\"og:image\" content=\"https:\/\/snes53.fr\/wp-content\/uploads\/2025\/09\/Greve-18-septembre-6.png\" \/>\n\t<meta property=\"og:image:width\" content=\"1080\" \/>\n\t<meta property=\"og:image:height\" content=\"756\" \/>\n\t<meta property=\"og:image:type\" content=\"image\/png\" \/>\n<meta name=\"author\" content=\"SNES FSU 53\" \/>\n<meta name=\"twitter:card\" content=\"summary_large_image\" \/>\n<meta name=\"twitter:label1\" content=\"\u00c9crit par\" \/>\n\t<meta name=\"twitter:data1\" content=\"SNES FSU 53\" \/>\n\t<meta name=\"twitter:label2\" content=\"Dur\u00e9e de lecture estim\u00e9e\" \/>\n\t<meta name=\"twitter:data2\" content=\"1 minute\" \/>\n<script type=\"application\/ld+json\" class=\"yoast-schema-graph\">{\"@context\":\"https:\/\/schema.org\",\"@graph\":[{\"@type\":\"Article\",\"@id\":\"https:\/\/snes53.fr\/index.php\/2025\/09\/12\/le-18-septembre-toutes-et-tous-en-greve-pour-un-autre-budget\/#article\",\"isPartOf\":{\"@id\":\"https:\/\/snes53.fr\/index.php\/2025\/09\/12\/le-18-septembre-toutes-et-tous-en-greve-pour-un-autre-budget\/\"},\"author\":{\"name\":\"SNES FSU 53\",\"@id\":\"https:\/\/snes53.fr\/#\/schema\/person\/42a254727ba896c9c6e12c398c9a7fe1\"},\"headline\":\"Le 18 septembre : toutes et tous en gr\u00e8ve pour un autre budget !\",\"datePublished\":\"2025-09-12T08:20:02+00:00\",\"dateModified\":\"2025-09-12T08:20:03+00:00\",\"mainEntityOfPage\":{\"@id\":\"https:\/\/snes53.fr\/index.php\/2025\/09\/12\/le-18-septembre-toutes-et-tous-en-greve-pour-un-autre-budget\/\"},\"wordCount\":144,\"publisher\":{\"@id\":\"https:\/\/snes53.fr\/#organization\"},\"image\":{\"@id\":\"https:\/\/snes53.fr\/index.php\/2025\/09\/12\/le-18-septembre-toutes-et-tous-en-greve-pour-un-autre-budget\/#primaryimage\"},\"thumbnailUrl\":\"https:\/\/snes53.fr\/wp-content\/uploads\/2025\/09\/Greve-18-septembre-6.png\",\"articleSection\":[\"Actualit\u00e9s\"],\"inLanguage\":\"fr-FR\"},{\"@type\":\"WebPage\",\"@id\":\"https:\/\/snes53.fr\/index.php\/2025\/09\/12\/le-18-septembre-toutes-et-tous-en-greve-pour-un-autre-budget\/\",\"url\":\"https:\/\/snes53.fr\/index.php\/2025\/09\/12\/le-18-septembre-toutes-et-tous-en-greve-pour-un-autre-budget\/\",\"name\":\"Le 18 septembre : toutes et tous en gr\u00e8ve pour un autre budget ! - SNES-FSU 53 - 1er syndicat du second degr\u00e9 de la Mayenne\",\"isPartOf\":{\"@id\":\"https:\/\/snes53.fr\/#website\"},\"primaryImageOfPage\":{\"@id\":\"https:\/\/snes53.fr\/index.php\/2025\/09\/12\/le-18-septembre-toutes-et-tous-en-greve-pour-un-autre-budget\/#primaryimage\"},\"image\":{\"@id\":\"https:\/\/snes53.fr\/index.php\/2025\/09\/12\/le-18-septembre-toutes-et-tous-en-greve-pour-un-autre-budget\/#primaryimage\"},\"thumbnailUrl\":\"https:\/\/snes53.fr\/wp-content\/uploads\/2025\/09\/Greve-18-septembre-6.png\",\"datePublished\":\"2025-09-12T08:20:02+00:00\",\"dateModified\":\"2025-09-12T08:20:03+00:00\",\"breadcrumb\":{\"@id\":\"https:\/\/snes53.fr\/index.php\/2025\/09\/12\/le-18-septembre-toutes-et-tous-en-greve-pour-un-autre-budget\/#breadcrumb\"},\"inLanguage\":\"fr-FR\",\"potentialAction\":[{\"@type\":\"ReadAction\",\"target\":[\"https:\/\/snes53.fr\/index.php\/2025\/09\/12\/le-18-septembre-toutes-et-tous-en-greve-pour-un-autre-budget\/\"]}]},{\"@type\":\"ImageObject\",\"inLanguage\":\"fr-FR\",\"@id\":\"https:\/\/snes53.fr\/index.php\/2025\/09\/12\/le-18-septembre-toutes-et-tous-en-greve-pour-un-autre-budget\/#primaryimage\",\"url\":\"https:\/\/snes53.fr\/wp-content\/uploads\/2025\/09\/Greve-18-septembre-6.png\",\"contentUrl\":\"https:\/\/snes53.fr\/wp-content\/uploads\/2025\/09\/Greve-18-septembre-6.png\",\"width\":1080,\"height\":756},{\"@type\":\"BreadcrumbList\",\"@id\":\"https:\/\/snes53.fr\/index.php\/2025\/09\/12\/le-18-septembre-toutes-et-tous-en-greve-pour-un-autre-budget\/#breadcrumb\",\"itemListElement\":[{\"@type\":\"ListItem\",\"position\":1,\"name\":\"Accueil\",\"item\":\"https:\/\/snes53.fr\/\"},{\"@type\":\"ListItem\",\"position\":2,\"name\":\"Le 18 septembre : toutes et tous en gr\u00e8ve pour un autre budget !\"}]},{\"@type\":\"WebSite\",\"@id\":\"https:\/\/snes53.fr\/#website\",\"url\":\"https:\/\/snes53.fr\/\",\"name\":\"SNES-FSU 53\",\"description\":\"\",\"publisher\":{\"@id\":\"https:\/\/snes53.fr\/#organization\"},\"potentialAction\":[{\"@type\":\"SearchAction\",\"target\":{\"@type\":\"EntryPoint\",\"urlTemplate\":\"https:\/\/snes53.fr\/?s={search_term_string}\"},\"query-input\":{\"@type\":\"PropertyValueSpecification\",\"valueRequired\":true,\"valueName\":\"search_term_string\"}}],\"inLanguage\":\"fr-FR\"},{\"@type\":\"Organization\",\"@id\":\"https:\/\/snes53.fr\/#organization\",\"name\":\"SNES-FSU 53\",\"url\":\"https:\/\/snes53.fr\/\",\"logo\":{\"@type\":\"ImageObject\",\"inLanguage\":\"fr-FR\",\"@id\":\"https:\/\/snes53.fr\/#\/schema\/logo\/image\/\",\"url\":\"https:\/\/snes53.fr\/wp-content\/uploads\/2024\/07\/cropped-logo-snes-53-v2-3.png\",\"contentUrl\":\"https:\/\/snes53.fr\/wp-content\/uploads\/2024\/07\/cropped-logo-snes-53-v2-3.png\",\"width\":944,\"height\":831,\"caption\":\"SNES-FSU 53\"},\"image\":{\"@id\":\"https:\/\/snes53.fr\/#\/schema\/logo\/image\/\"}},{\"@type\":\"Person\",\"@id\":\"https:\/\/snes53.fr\/#\/schema\/person\/42a254727ba896c9c6e12c398c9a7fe1\",\"name\":\"SNES FSU 53\",\"image\":{\"@type\":\"ImageObject\",\"inLanguage\":\"fr-FR\",\"@id\":\"https:\/\/snes53.fr\/#\/schema\/person\/image\/\",\"url\":\"https:\/\/secure.gravatar.com\/avatar\/f07ff49cdac1b172208417959738d5d1fce2e5ff8a35952ea50e41b0f5cbf932?s=96&d=mm&r=g\",\"contentUrl\":\"https:\/\/secure.gravatar.com\/avatar\/f07ff49cdac1b172208417959738d5d1fce2e5ff8a35952ea50e41b0f5cbf932?s=96&d=mm&r=g\",\"caption\":\"SNES FSU 53\"},\"sameAs\":[\"http:\/\/snes53.fr\"],\"url\":\"https:\/\/snes53.fr\/index.php\/author\/admin9881\/\"}]}<\/script>\n<!-- \/ Yoast SEO plugin. -->","yoast_head_json":{"title":"Le 18 septembre : toutes et tous en gr\u00e8ve pour un autre budget ! - SNES-FSU 53 - 1er syndicat du second degr\u00e9 de la Mayenne","robots":{"index":"index","follow":"follow","max-snippet":"max-snippet:-1","max-image-preview":"max-image-preview:large","max-video-preview":"max-video-preview:-1"},"canonical":"https:\/\/snes53.fr\/index.php\/2025\/09\/12\/le-18-septembre-toutes-et-tous-en-greve-pour-un-autre-budget\/","og_locale":"fr_FR","og_type":"article","og_title":"Le 18 septembre : toutes et tous en gr\u00e8ve pour un autre budget ! - SNES-FSU 53 - 1er syndicat du second degr\u00e9 de la Mayenne","og_description":"M\u00eame si Fran\u00e7ois Bayrou n&rsquo;est plus le premier ministre de notre pays, l&rsquo;id\u00e9ologie de S\u00e9bastien Lecornu reste la m\u00eame : la baisse des d\u00e9penses publiques, des \u00e9conomies sur le dos des citoyen.nes de ce pays, surtout les plus pr\u00e9caires. Dans l&rsquo;\u00e9ducation, encore des postes en moins et un gel du point d&rsquo;indice, fort de cons\u00e9quences [&hellip;]","og_url":"https:\/\/snes53.fr\/index.php\/2025\/09\/12\/le-18-septembre-toutes-et-tous-en-greve-pour-un-autre-budget\/","og_site_name":"SNES-FSU 53 - 1er syndicat du second degr\u00e9 de la Mayenne","article_published_time":"2025-09-12T08:20:02+00:00","article_modified_time":"2025-09-12T08:20:03+00:00","og_image":[{"width":1080,"height":756,"url":"https:\/\/snes53.fr\/wp-content\/uploads\/2025\/09\/Greve-18-septembre-6.png","type":"image\/png"}],"author":"SNES FSU 53","twitter_card":"summary_large_image","twitter_misc":{"\u00c9crit par":"SNES FSU 53","Dur\u00e9e de lecture estim\u00e9e":"1 minute"},"schema":{"@context":"https:\/\/schema.org","@graph":[{"@type":"Article","@id":"https:\/\/snes53.fr\/index.php\/2025\/09\/12\/le-18-septembre-toutes-et-tous-en-greve-pour-un-autre-budget\/#article","isPartOf":{"@id":"https:\/\/snes53.fr\/index.php\/2025\/09\/12\/le-18-septembre-toutes-et-tous-en-greve-pour-un-autre-budget\/"},"author":{"name":"SNES FSU 53","@id":"https:\/\/snes53.fr\/#\/schema\/person\/42a254727ba896c9c6e12c398c9a7fe1"},"headline":"Le 18 septembre : toutes et tous en gr\u00e8ve pour un autre budget !","datePublished":"2025-09-12T08:20:02+00:00","dateModified":"2025-09-12T08:20:03+00:00","mainEntityOfPage":{"@id":"https:\/\/snes53.fr\/index.php\/2025\/09\/12\/le-18-septembre-toutes-et-tous-en-greve-pour-un-autre-budget\/"},"wordCount":144,"publisher":{"@id":"https:\/\/snes53.fr\/#organization"},"image":{"@id":"https:\/\/snes53.fr\/index.php\/2025\/09\/12\/le-18-septembre-toutes-et-tous-en-greve-pour-un-autre-budget\/#primaryimage"},"thumbnailUrl":"https:\/\/snes53.fr\/wp-content\/uploads\/2025\/09\/Greve-18-septembre-6.png","articleSection":["Actualit\u00e9s"],"inLanguage":"fr-FR"},{"@type":"WebPage","@id":"https:\/\/snes53.fr\/index.php\/2025\/09\/12\/le-18-septembre-toutes-et-tous-en-greve-pour-un-autre-budget\/","url":"https:\/\/snes53.fr\/index.php\/2025\/09\/12\/le-18-septembre-toutes-et-tous-en-greve-pour-un-autre-budget\/","name":"Le 18 septembre : toutes et tous en gr\u00e8ve pour un autre budget ! - SNES-FSU 53 - 1er syndicat du second degr\u00e9 de la Mayenne","isPartOf":{"@id":"https:\/\/snes53.fr\/#website"},"primaryImageOfPage":{"@id":"https:\/\/snes53.fr\/index.php\/2025\/09\/12\/le-18-septembre-toutes-et-tous-en-greve-pour-un-autre-budget\/#primaryimage"},"image":{"@id":"https:\/\/snes53.fr\/index.php\/2025\/09\/12\/le-18-septembre-toutes-et-tous-en-greve-pour-un-autre-budget\/#primaryimage"},"thumbnailUrl":"https:\/\/snes53.fr\/wp-content\/uploads\/2025\/09\/Greve-18-septembre-6.png","datePublished":"2025-09-12T08:20:02+00:00","dateModified":"2025-09-12T08:20:03+00:00","breadcrumb":{"@id":"https:\/\/snes53.fr\/index.php\/2025\/09\/12\/le-18-septembre-toutes-et-tous-en-greve-pour-un-autre-budget\/#breadcrumb"},"inLanguage":"fr-FR","potentialAction":[{"@type":"ReadAction","target":["https:\/\/snes53.fr\/index.php\/2025\/09\/12\/le-18-septembre-toutes-et-tous-en-greve-pour-un-autre-budget\/"]}]},{"@type":"ImageObject","inLanguage":"fr-FR","@id":"https:\/\/snes53.fr\/index.php\/2025\/09\/12\/le-18-septembre-toutes-et-tous-en-greve-pour-un-autre-budget\/#primaryimage","url":"https:\/\/snes53.fr\/wp-content\/uploads\/2025\/09\/Greve-18-septembre-6.png","contentUrl":"https:\/\/snes53.fr\/wp-content\/uploads\/2025\/09\/Greve-18-septembre-6.png","width":1080,"height":756},{"@type":"BreadcrumbList","@id":"https:\/\/snes53.fr\/index.php\/2025\/09\/12\/le-18-septembre-toutes-et-tous-en-greve-pour-un-autre-budget\/#breadcrumb","itemListElement":[{"@type":"ListItem","position":1,"name":"Accueil","item":"https:\/\/snes53.fr\/"},{"@type":"ListItem","position":2,"name":"Le 18 septembre : toutes et tous en gr\u00e8ve pour un autre budget !"}]},{"@type":"WebSite","@id":"https:\/\/snes53.fr\/#website","url":"https:\/\/snes53.fr\/","name":"SNES-FSU 53","description":"","publisher":{"@id":"https:\/\/snes53.fr\/#organization"},"potentialAction":[{"@type":"SearchAction","target":{"@type":"EntryPoint","urlTemplate":"https:\/\/snes53.fr\/?s={search_term_string}"},"query-input":{"@type":"PropertyValueSpecification","valueRequired":true,"valueName":"search_term_string"}}],"inLanguage":"fr-FR"},{"@type":"Organization","@id":"https:\/\/snes53.fr\/#organization","name":"SNES-FSU 53","url":"https:\/\/snes53.fr\/","logo":{"@type":"ImageObject","inLanguage":"fr-FR","@id":"https:\/\/snes53.fr\/#\/schema\/logo\/image\/","url":"https:\/\/snes53.fr\/wp-content\/uploads\/2024\/07\/cropped-logo-snes-53-v2-3.png","contentUrl":"https:\/\/snes53.fr\/wp-content\/uploads\/2024\/07\/cropped-logo-snes-53-v2-3.png","width":944,"height":831,"caption":"SNES-FSU 53"},"image":{"@id":"https:\/\/snes53.fr\/#\/schema\/logo\/image\/"}},{"@type":"Person","@id":"https:\/\/snes53.fr\/#\/schema\/person\/42a254727ba896c9c6e12c398c9a7fe1","name":"SNES FSU 53","image":{"@type":"ImageObject","inLanguage":"fr-FR","@id":"https:\/\/snes53.fr\/#\/schema\/person\/image\/","url":"https:\/\/secure.gravatar.com\/avatar\/f07ff49cdac1b172208417959738d5d1fce2e5ff8a35952ea50e41b0f5cbf932?s=96&d=mm&r=g","contentUrl":"https:\/\/secure.gravatar.com\/avatar\/f07ff49cdac1b172208417959738d5d1fce2e5ff8a35952ea50e41b0f5cbf932?s=96&d=mm&r=g","caption":"SNES FSU 53"},"sameAs":["http:\/\/snes53.fr"],"url":"https:\/\/snes53.fr\/index.php\/author\/admin9881\/"}]}},"_links":{"self":[{"href":"https:\/\/snes53.fr\/index.php\/wp-json\/wp\/v2\/posts\/508","targetHints":{"allow":["GET"]}}],"collection":[{"href":"https:\/\/snes53.fr\/index.php\/wp-json\/wp\/v2\/posts"}],"about":[{"href":"https:\/\/snes53.fr\/index.php\/wp-json\/wp\/v2\/types\/post"}],"author":[{"embeddable":true,"href":"https:\/\/snes53.fr\/index.php\/wp-json\/wp\/v2\/users\/1"}],"replies":[{"embeddable":true,"href":"https:\/\/snes53.fr\/index.php\/wp-json\/wp\/v2\/comments?post=508"}],"version-history":[{"count":1,"href":"https:\/\/snes53.fr\/index.php\/wp-json\/wp\/v2\/posts\/508\/revisions"}],"predecessor-version":[{"id":511,"href":"https:\/\/snes53.fr\/index.php\/wp-json\/wp\/v2\/posts\/508\/revisions\/511"}],"wp:featuredmedia":[{"embeddable":true,"href":"https:\/\/snes53.fr\/index.php\/wp-json\/wp\/v2\/media\/510"}],"wp:attachment":[{"href":"https:\/\/snes53.fr\/index.php\/wp-json\/wp\/v2\/media?parent=508"}],"wp:term":[{"taxonomy":"category","embeddable":true,"href":"https:\/\/snes53.fr\/index.php\/wp-json\/wp\/v2\/categories?post=508"},{"taxonomy":"post_tag","embeddable":true,"href":"https:\/\/snes53.fr\/index.php\/wp-json\/wp\/v2\/tags?post=508"}],"curies":[{"name":"wp","href":"https:\/\/api.w.org\/{rel}","templated":true}]}}