{"id":503,"date":"2025-09-06T10:46:48","date_gmt":"2025-09-06T08:46:48","guid":{"rendered":"https:\/\/snes53.fr\/?p=503"},"modified":"2025-09-06T10:46:49","modified_gmt":"2025-09-06T08:46:49","slug":"le-10-et-le-18-septembre-prochain-toutes-et-tous-mobilise-e-s-en-mayenne","status":"publish","type":"post","link":"https:\/\/snes53.fr\/index.php\/2025\/09\/06\/le-10-et-le-18-septembre-prochain-toutes-et-tous-mobilise-e-s-en-mayenne\/","title":{"rendered":"Le 10 et le 18 septembre prochain : toutes et tous mobilis\u00e9.e.s en Mayenne"},"content":{"rendered":"\n<p>Le 10 septembre prochain, le mouvement \u00ab\u00a0Bloquons tout\u00a0\u00bb et les syndicats (FSU, Sud Solidaires, CGT et FO) appellent \u00e0 se mobiliser pour protester contre le budget injuste que le gouvernement veut imposer aux fran\u00e7ais.es. Nous ne voulons pas de ces 44 milliards d&rsquo;euros d&rsquo;\u00e9conomie, sachant que le gouvernement veut le financer sur le dos des plus pr\u00e9caires (doublement des franchises m\u00e9dicales, suppression de poste de fonctionnaire, non d\u00e9g\u00e9l du point d&rsquo;indice, &#8230;) et refuse de taxer les plus riches (avec par exemple la taxe Zuckman). <\/p>\n\n\n\n<p class=\"has-white-color has-vivid-red-background-color has-text-color has-background has-link-color wp-elements-3e9b734e656d544897a7dfb741a34b09\"><strong>Mercredi 10 septembre, rendez-vous devant la gare SNCF de Laval \u00e0 14h pour un rassemblement et une assembl\u00e9e g\u00e9n\u00e9rale citoyenne. <\/strong><\/p>\n\n\n\n<p>Le <strong>jeudi 18 septembre<\/strong>, un appel intersyndical large et interprofessionnel appelle \u00e0 une journ\u00e9e de gr\u00e8ve \u00e9galement. Non \u00e0 la suppression de deux jours f\u00e9ri\u00e9s dans le calendrier. Non au gel des prestations sociales. Non aux nouvelles suppressions de postes de fonctionnaire. Non \u00e0 la r\u00e9forme de l&rsquo;assurance ch\u00f4mage. <\/p>\n\n\n\n<p>Vous trouverez ci-dessous les appels pour le 10 et le 18 septembre<\/p>\n\n\n\n<div data-wp-interactive=\"core\/file\" class=\"wp-block-file\"><object data-wp-bind--hidden=\"!state.hasPdfPreview\" hidden class=\"wp-block-file__embed\" data=\"https:\/\/snes53.fr\/wp-content\/uploads\/2025\/09\/communique-intersyndical-10-sept.pdf\" type=\"application\/pdf\" style=\"width:100%;height:600px\" aria-label=\"Contenu embarqu\u00e9 communique-intersyndical-10-sept.\"><\/object><a id=\"wp-block-file--media-88be0b51-80d5-4fff-b70f-7ce8b0d5eb52\" href=\"https:\/\/snes53.fr\/wp-content\/uploads\/2025\/09\/communique-intersyndical-10-sept.pdf\">communique-intersyndical-10-sept<\/a><a href=\"https:\/\/snes53.fr\/wp-content\/uploads\/2025\/09\/communique-intersyndical-10-sept.pdf\" class=\"wp-block-file__button wp-element-button\" download aria-describedby=\"wp-block-file--media-88be0b51-80d5-4fff-b70f-7ce8b0d5eb52\">T\u00e9l\u00e9charger<\/a><\/div>\n\n\n\n<div data-wp-interactive=\"core\/file\" class=\"wp-block-file\"><object data-wp-bind--hidden=\"!state.hasPdfPreview\" hidden class=\"wp-block-file__embed\" data=\"https:\/\/snes53.fr\/wp-content\/uploads\/2025\/09\/tract-18-septembre-print-2.pdf\" type=\"application\/pdf\" style=\"width:100%;height:600px\" aria-label=\"Contenu embarqu\u00e9 tract 18 septembre print (2).\"><\/object><a id=\"wp-block-file--media-523360ab-5ad7-479d-b7cb-8baca67ef6bf\" href=\"https:\/\/snes53.fr\/wp-content\/uploads\/2025\/09\/tract-18-septembre-print-2.pdf\">tract 18 septembre print (2)<\/a><a href=\"https:\/\/snes53.fr\/wp-content\/uploads\/2025\/09\/tract-18-septembre-print-2.pdf\" class=\"wp-block-file__button wp-element-button\" download aria-describedby=\"wp-block-file--media-523360ab-5ad7-479d-b7cb-8baca67ef6bf\">T\u00e9l\u00e9charger<\/a><\/div>\n","protected":false},"excerpt":{"rendered":"<p>Le 10 septembre prochain, le mouvement \u00ab\u00a0Bloquons tout\u00a0\u00bb et les syndicats (FSU, Sud Solidaires, CGT et FO) appellent \u00e0 se mobiliser pour protester contre le budget injuste que le gouvernement veut imposer aux fran\u00e7ais.es. Nous ne voulons pas de ces 44 milliards d&rsquo;euros d&rsquo;\u00e9conomie, sachant que le gouvernement veut le financer sur le dos des [&hellip;]<\/p>\n","protected":false},"author":1,"featured_media":506,"comment_status":"closed","ping_status":"open","sticky":false,"template":"","format":"standard","meta":{"footnotes":""},"categories":[5],"tags":[],"class_list":["post-503","post","type-post","status-publish","format-standard","has-post-thumbnail","hentry","category-actualites"],"yoast_head":"<!-- This site is optimized with the Yoast SEO plugin v25.3.1 - https:\/\/yoast.com\/wordpress\/plugins\/seo\/ -->\n<title>Le 10 et le 18 septembre prochain : toutes et tous mobilis\u00e9.e.s en Mayenne - SNES-FSU 53 - 1er syndicat du second degr\u00e9 de la Mayenne<\/title>\n<meta name=\"robots\" content=\"index, follow, max-snippet:-1, max-image-preview:large, max-video-preview:-1\" \/>\n<link rel=\"canonical\" href=\"https:\/\/snes53.fr\/index.php\/2025\/09\/06\/le-10-et-le-18-septembre-prochain-toutes-et-tous-mobilise-e-s-en-mayenne\/\" \/>\n<meta property=\"og:locale\" content=\"fr_FR\" \/>\n<meta property=\"og:type\" content=\"article\" \/>\n<meta property=\"og:title\" content=\"Le 10 et le 18 septembre prochain : toutes et tous mobilis\u00e9.e.s en Mayenne - SNES-FSU 53 - 1er syndicat du second degr\u00e9 de la Mayenne\" \/>\n<meta property=\"og:description\" content=\"Le 10 septembre prochain, le mouvement \u00ab\u00a0Bloquons tout\u00a0\u00bb et les syndicats (FSU, Sud Solidaires, CGT et FO) appellent \u00e0 se mobiliser pour protester contre le budget injuste que le gouvernement veut imposer aux fran\u00e7ais.es. Nous ne voulons pas de ces 44 milliards d&rsquo;euros d&rsquo;\u00e9conomie, sachant que le gouvernement veut le financer sur le dos des [&hellip;]\" \/>\n<meta property=\"og:url\" content=\"https:\/\/snes53.fr\/index.php\/2025\/09\/06\/le-10-et-le-18-septembre-prochain-toutes-et-tous-mobilise-e-s-en-mayenne\/\" \/>\n<meta property=\"og:site_name\" content=\"SNES-FSU 53 - 1er syndicat du second degr\u00e9 de la Mayenne\" \/>\n<meta property=\"article:published_time\" content=\"2025-09-06T08:46:48+00:00\" \/>\n<meta property=\"article:modified_time\" content=\"2025-09-06T08:46:49+00:00\" \/>\n<meta property=\"og:image\" content=\"https:\/\/snes53.fr\/wp-content\/uploads\/2025\/09\/maxnewsworldsix429705-68b090d62366e529607209.jpg\" \/>\n\t<meta property=\"og:image:width\" content=\"908\" \/>\n\t<meta property=\"og:image:height\" content=\"510\" \/>\n\t<meta property=\"og:image:type\" content=\"image\/jpeg\" \/>\n<meta name=\"author\" content=\"SNES FSU 53\" \/>\n<meta name=\"twitter:card\" content=\"summary_large_image\" \/>\n<meta name=\"twitter:label1\" content=\"\u00c9crit par\" \/>\n\t<meta name=\"twitter:data1\" content=\"SNES FSU 53\" \/>\n\t<meta name=\"twitter:label2\" content=\"Dur\u00e9e de lecture estim\u00e9e\" \/>\n\t<meta name=\"twitter:data2\" content=\"2 minutes\" \/>\n<script type=\"application\/ld+json\" class=\"yoast-schema-graph\">{\"@context\":\"https:\/\/schema.org\",\"@graph\":[{\"@type\":\"Article\",\"@id\":\"https:\/\/snes53.fr\/index.php\/2025\/09\/06\/le-10-et-le-18-septembre-prochain-toutes-et-tous-mobilise-e-s-en-mayenne\/#article\",\"isPartOf\":{\"@id\":\"https:\/\/snes53.fr\/index.php\/2025\/09\/06\/le-10-et-le-18-septembre-prochain-toutes-et-tous-mobilise-e-s-en-mayenne\/\"},\"author\":{\"name\":\"SNES FSU 53\",\"@id\":\"https:\/\/snes53.fr\/#\/schema\/person\/42a254727ba896c9c6e12c398c9a7fe1\"},\"headline\":\"Le 10 et le 18 septembre prochain : toutes et tous mobilis\u00e9.e.s en Mayenne\",\"datePublished\":\"2025-09-06T08:46:48+00:00\",\"dateModified\":\"2025-09-06T08:46:49+00:00\",\"mainEntityOfPage\":{\"@id\":\"https:\/\/snes53.fr\/index.php\/2025\/09\/06\/le-10-et-le-18-septembre-prochain-toutes-et-tous-mobilise-e-s-en-mayenne\/\"},\"wordCount\":197,\"publisher\":{\"@id\":\"https:\/\/snes53.fr\/#organization\"},\"image\":{\"@id\":\"https:\/\/snes53.fr\/index.php\/2025\/09\/06\/le-10-et-le-18-septembre-prochain-toutes-et-tous-mobilise-e-s-en-mayenne\/#primaryimage\"},\"thumbnailUrl\":\"https:\/\/snes53.fr\/wp-content\/uploads\/2025\/09\/maxnewsworldsix429705-68b090d62366e529607209.jpg\",\"articleSection\":[\"Actualit\u00e9s\"],\"inLanguage\":\"fr-FR\"},{\"@type\":\"WebPage\",\"@id\":\"https:\/\/snes53.fr\/index.php\/2025\/09\/06\/le-10-et-le-18-septembre-prochain-toutes-et-tous-mobilise-e-s-en-mayenne\/\",\"url\":\"https:\/\/snes53.fr\/index.php\/2025\/09\/06\/le-10-et-le-18-septembre-prochain-toutes-et-tous-mobilise-e-s-en-mayenne\/\",\"name\":\"Le 10 et le 18 septembre prochain : toutes et tous mobilis\u00e9.e.s en Mayenne - SNES-FSU 53 - 1er syndicat du second degr\u00e9 de la Mayenne\",\"isPartOf\":{\"@id\":\"https:\/\/snes53.fr\/#website\"},\"primaryImageOfPage\":{\"@id\":\"https:\/\/snes53.fr\/index.php\/2025\/09\/06\/le-10-et-le-18-septembre-prochain-toutes-et-tous-mobilise-e-s-en-mayenne\/#primaryimage\"},\"image\":{\"@id\":\"https:\/\/snes53.fr\/index.php\/2025\/09\/06\/le-10-et-le-18-septembre-prochain-toutes-et-tous-mobilise-e-s-en-mayenne\/#primaryimage\"},\"thumbnailUrl\":\"https:\/\/snes53.fr\/wp-content\/uploads\/2025\/09\/maxnewsworldsix429705-68b090d62366e529607209.jpg\",\"datePublished\":\"2025-09-06T08:46:48+00:00\",\"dateModified\":\"2025-09-06T08:46:49+00:00\",\"breadcrumb\":{\"@id\":\"https:\/\/snes53.fr\/index.php\/2025\/09\/06\/le-10-et-le-18-septembre-prochain-toutes-et-tous-mobilise-e-s-en-mayenne\/#breadcrumb\"},\"inLanguage\":\"fr-FR\",\"potentialAction\":[{\"@type\":\"ReadAction\",\"target\":[\"https:\/\/snes53.fr\/index.php\/2025\/09\/06\/le-10-et-le-18-septembre-prochain-toutes-et-tous-mobilise-e-s-en-mayenne\/\"]}]},{\"@type\":\"ImageObject\",\"inLanguage\":\"fr-FR\",\"@id\":\"https:\/\/snes53.fr\/index.php\/2025\/09\/06\/le-10-et-le-18-septembre-prochain-toutes-et-tous-mobilise-e-s-en-mayenne\/#primaryimage\",\"url\":\"https:\/\/snes53.fr\/wp-content\/uploads\/2025\/09\/maxnewsworldsix429705-68b090d62366e529607209.jpg\",\"contentUrl\":\"https:\/\/snes53.fr\/wp-content\/uploads\/2025\/09\/maxnewsworldsix429705-68b090d62366e529607209.jpg\",\"width\":908,\"height\":510},{\"@type\":\"BreadcrumbList\",\"@id\":\"https:\/\/snes53.fr\/index.php\/2025\/09\/06\/le-10-et-le-18-septembre-prochain-toutes-et-tous-mobilise-e-s-en-mayenne\/#breadcrumb\",\"itemListElement\":[{\"@type\":\"ListItem\",\"position\":1,\"name\":\"Accueil\",\"item\":\"https:\/\/snes53.fr\/\"},{\"@type\":\"ListItem\",\"position\":2,\"name\":\"Le 10 et le 18 septembre prochain : toutes et tous mobilis\u00e9.e.s en Mayenne\"}]},{\"@type\":\"WebSite\",\"@id\":\"https:\/\/snes53.fr\/#website\",\"url\":\"https:\/\/snes53.fr\/\",\"name\":\"SNES-FSU 53\",\"description\":\"\",\"publisher\":{\"@id\":\"https:\/\/snes53.fr\/#organization\"},\"potentialAction\":[{\"@type\":\"SearchAction\",\"target\":{\"@type\":\"EntryPoint\",\"urlTemplate\":\"https:\/\/snes53.fr\/?s={search_term_string}\"},\"query-input\":{\"@type\":\"PropertyValueSpecification\",\"valueRequired\":true,\"valueName\":\"search_term_string\"}}],\"inLanguage\":\"fr-FR\"},{\"@type\":\"Organization\",\"@id\":\"https:\/\/snes53.fr\/#organization\",\"name\":\"SNES-FSU 53\",\"url\":\"https:\/\/snes53.fr\/\",\"logo\":{\"@type\":\"ImageObject\",\"inLanguage\":\"fr-FR\",\"@id\":\"https:\/\/snes53.fr\/#\/schema\/logo\/image\/\",\"url\":\"https:\/\/snes53.fr\/wp-content\/uploads\/2024\/07\/cropped-logo-snes-53-v2-3.png\",\"contentUrl\":\"https:\/\/snes53.fr\/wp-content\/uploads\/2024\/07\/cropped-logo-snes-53-v2-3.png\",\"width\":944,\"height\":831,\"caption\":\"SNES-FSU 53\"},\"image\":{\"@id\":\"https:\/\/snes53.fr\/#\/schema\/logo\/image\/\"}},{\"@type\":\"Person\",\"@id\":\"https:\/\/snes53.fr\/#\/schema\/person\/42a254727ba896c9c6e12c398c9a7fe1\",\"name\":\"SNES FSU 53\",\"image\":{\"@type\":\"ImageObject\",\"inLanguage\":\"fr-FR\",\"@id\":\"https:\/\/snes53.fr\/#\/schema\/person\/image\/\",\"url\":\"https:\/\/secure.gravatar.com\/avatar\/f07ff49cdac1b172208417959738d5d1fce2e5ff8a35952ea50e41b0f5cbf932?s=96&d=mm&r=g\",\"contentUrl\":\"https:\/\/secure.gravatar.com\/avatar\/f07ff49cdac1b172208417959738d5d1fce2e5ff8a35952ea50e41b0f5cbf932?s=96&d=mm&r=g\",\"caption\":\"SNES FSU 53\"},\"sameAs\":[\"http:\/\/snes53.fr\"],\"url\":\"https:\/\/snes53.fr\/index.php\/author\/admin9881\/\"}]}<\/script>\n<!-- \/ Yoast SEO plugin. -->","yoast_head_json":{"title":"Le 10 et le 18 septembre prochain : toutes et tous mobilis\u00e9.e.s en Mayenne - SNES-FSU 53 - 1er syndicat du second degr\u00e9 de la Mayenne","robots":{"index":"index","follow":"follow","max-snippet":"max-snippet:-1","max-image-preview":"max-image-preview:large","max-video-preview":"max-video-preview:-1"},"canonical":"https:\/\/snes53.fr\/index.php\/2025\/09\/06\/le-10-et-le-18-septembre-prochain-toutes-et-tous-mobilise-e-s-en-mayenne\/","og_locale":"fr_FR","og_type":"article","og_title":"Le 10 et le 18 septembre prochain : toutes et tous mobilis\u00e9.e.s en Mayenne - SNES-FSU 53 - 1er syndicat du second degr\u00e9 de la Mayenne","og_description":"Le 10 septembre prochain, le mouvement \u00ab\u00a0Bloquons tout\u00a0\u00bb et les syndicats (FSU, Sud Solidaires, CGT et FO) appellent \u00e0 se mobiliser pour protester contre le budget injuste que le gouvernement veut imposer aux fran\u00e7ais.es. Nous ne voulons pas de ces 44 milliards d&rsquo;euros d&rsquo;\u00e9conomie, sachant que le gouvernement veut le financer sur le dos des [&hellip;]","og_url":"https:\/\/snes53.fr\/index.php\/2025\/09\/06\/le-10-et-le-18-septembre-prochain-toutes-et-tous-mobilise-e-s-en-mayenne\/","og_site_name":"SNES-FSU 53 - 1er syndicat du second degr\u00e9 de la Mayenne","article_published_time":"2025-09-06T08:46:48+00:00","article_modified_time":"2025-09-06T08:46:49+00:00","og_image":[{"width":908,"height":510,"url":"https:\/\/snes53.fr\/wp-content\/uploads\/2025\/09\/maxnewsworldsix429705-68b090d62366e529607209.jpg","type":"image\/jpeg"}],"author":"SNES FSU 53","twitter_card":"summary_large_image","twitter_misc":{"\u00c9crit par":"SNES FSU 53","Dur\u00e9e de lecture estim\u00e9e":"2 minutes"},"schema":{"@context":"https:\/\/schema.org","@graph":[{"@type":"Article","@id":"https:\/\/snes53.fr\/index.php\/2025\/09\/06\/le-10-et-le-18-septembre-prochain-toutes-et-tous-mobilise-e-s-en-mayenne\/#article","isPartOf":{"@id":"https:\/\/snes53.fr\/index.php\/2025\/09\/06\/le-10-et-le-18-septembre-prochain-toutes-et-tous-mobilise-e-s-en-mayenne\/"},"author":{"name":"SNES FSU 53","@id":"https:\/\/snes53.fr\/#\/schema\/person\/42a254727ba896c9c6e12c398c9a7fe1"},"headline":"Le 10 et le 18 septembre prochain : toutes et tous mobilis\u00e9.e.s en Mayenne","datePublished":"2025-09-06T08:46:48+00:00","dateModified":"2025-09-06T08:46:49+00:00","mainEntityOfPage":{"@id":"https:\/\/snes53.fr\/index.php\/2025\/09\/06\/le-10-et-le-18-septembre-prochain-toutes-et-tous-mobilise-e-s-en-mayenne\/"},"wordCount":197,"publisher":{"@id":"https:\/\/snes53.fr\/#organization"},"image":{"@id":"https:\/\/snes53.fr\/index.php\/2025\/09\/06\/le-10-et-le-18-septembre-prochain-toutes-et-tous-mobilise-e-s-en-mayenne\/#primaryimage"},"thumbnailUrl":"https:\/\/snes53.fr\/wp-content\/uploads\/2025\/09\/maxnewsworldsix429705-68b090d62366e529607209.jpg","articleSection":["Actualit\u00e9s"],"inLanguage":"fr-FR"},{"@type":"WebPage","@id":"https:\/\/snes53.fr\/index.php\/2025\/09\/06\/le-10-et-le-18-septembre-prochain-toutes-et-tous-mobilise-e-s-en-mayenne\/","url":"https:\/\/snes53.fr\/index.php\/2025\/09\/06\/le-10-et-le-18-septembre-prochain-toutes-et-tous-mobilise-e-s-en-mayenne\/","name":"Le 10 et le 18 septembre prochain : toutes et tous mobilis\u00e9.e.s en Mayenne - SNES-FSU 53 - 1er syndicat du second degr\u00e9 de la Mayenne","isPartOf":{"@id":"https:\/\/snes53.fr\/#website"},"primaryImageOfPage":{"@id":"https:\/\/snes53.fr\/index.php\/2025\/09\/06\/le-10-et-le-18-septembre-prochain-toutes-et-tous-mobilise-e-s-en-mayenne\/#primaryimage"},"image":{"@id":"https:\/\/snes53.fr\/index.php\/2025\/09\/06\/le-10-et-le-18-septembre-prochain-toutes-et-tous-mobilise-e-s-en-mayenne\/#primaryimage"},"thumbnailUrl":"https:\/\/snes53.fr\/wp-content\/uploads\/2025\/09\/maxnewsworldsix429705-68b090d62366e529607209.jpg","datePublished":"2025-09-06T08:46:48+00:00","dateModified":"2025-09-06T08:46:49+00:00","breadcrumb":{"@id":"https:\/\/snes53.fr\/index.php\/2025\/09\/06\/le-10-et-le-18-septembre-prochain-toutes-et-tous-mobilise-e-s-en-mayenne\/#breadcrumb"},"inLanguage":"fr-FR","potentialAction":[{"@type":"ReadAction","target":["https:\/\/snes53.fr\/index.php\/2025\/09\/06\/le-10-et-le-18-septembre-prochain-toutes-et-tous-mobilise-e-s-en-mayenne\/"]}]},{"@type":"ImageObject","inLanguage":"fr-FR","@id":"https:\/\/snes53.fr\/index.php\/2025\/09\/06\/le-10-et-le-18-septembre-prochain-toutes-et-tous-mobilise-e-s-en-mayenne\/#primaryimage","url":"https:\/\/snes53.fr\/wp-content\/uploads\/2025\/09\/maxnewsworldsix429705-68b090d62366e529607209.jpg","contentUrl":"https:\/\/snes53.fr\/wp-content\/uploads\/2025\/09\/maxnewsworldsix429705-68b090d62366e529607209.jpg","width":908,"height":510},{"@type":"BreadcrumbList","@id":"https:\/\/snes53.fr\/index.php\/2025\/09\/06\/le-10-et-le-18-septembre-prochain-toutes-et-tous-mobilise-e-s-en-mayenne\/#breadcrumb","itemListElement":[{"@type":"ListItem","position":1,"name":"Accueil","item":"https:\/\/snes53.fr\/"},{"@type":"ListItem","position":2,"name":"Le 10 et le 18 septembre prochain : toutes et tous mobilis\u00e9.e.s en Mayenne"}]},{"@type":"WebSite","@id":"https:\/\/snes53.fr\/#website","url":"https:\/\/snes53.fr\/","name":"SNES-FSU 53","description":"","publisher":{"@id":"https:\/\/snes53.fr\/#organization"},"potentialAction":[{"@type":"SearchAction","target":{"@type":"EntryPoint","urlTemplate":"https:\/\/snes53.fr\/?s={search_term_string}"},"query-input":{"@type":"PropertyValueSpecification","valueRequired":true,"valueName":"search_term_string"}}],"inLanguage":"fr-FR"},{"@type":"Organization","@id":"https:\/\/snes53.fr\/#organization","name":"SNES-FSU 53","url":"https:\/\/snes53.fr\/","logo":{"@type":"ImageObject","inLanguage":"fr-FR","@id":"https:\/\/snes53.fr\/#\/schema\/logo\/image\/","url":"https:\/\/snes53.fr\/wp-content\/uploads\/2024\/07\/cropped-logo-snes-53-v2-3.png","contentUrl":"https:\/\/snes53.fr\/wp-content\/uploads\/2024\/07\/cropped-logo-snes-53-v2-3.png","width":944,"height":831,"caption":"SNES-FSU 53"},"image":{"@id":"https:\/\/snes53.fr\/#\/schema\/logo\/image\/"}},{"@type":"Person","@id":"https:\/\/snes53.fr\/#\/schema\/person\/42a254727ba896c9c6e12c398c9a7fe1","name":"SNES FSU 53","image":{"@type":"ImageObject","inLanguage":"fr-FR","@id":"https:\/\/snes53.fr\/#\/schema\/person\/image\/","url":"https:\/\/secure.gravatar.com\/avatar\/f07ff49cdac1b172208417959738d5d1fce2e5ff8a35952ea50e41b0f5cbf932?s=96&d=mm&r=g","contentUrl":"https:\/\/secure.gravatar.com\/avatar\/f07ff49cdac1b172208417959738d5d1fce2e5ff8a35952ea50e41b0f5cbf932?s=96&d=mm&r=g","caption":"SNES FSU 53"},"sameAs":["http:\/\/snes53.fr"],"url":"https:\/\/snes53.fr\/index.php\/author\/admin9881\/"}]}},"_links":{"self":[{"href":"https:\/\/snes53.fr\/index.php\/wp-json\/wp\/v2\/posts\/503","targetHints":{"allow":["GET"]}}],"collection":[{"href":"https:\/\/snes53.fr\/index.php\/wp-json\/wp\/v2\/posts"}],"about":[{"href":"https:\/\/snes53.fr\/index.php\/wp-json\/wp\/v2\/types\/post"}],"author":[{"embeddable":true,"href":"https:\/\/snes53.fr\/index.php\/wp-json\/wp\/v2\/users\/1"}],"replies":[{"embeddable":true,"href":"https:\/\/snes53.fr\/index.php\/wp-json\/wp\/v2\/comments?post=503"}],"version-history":[{"count":1,"href":"https:\/\/snes53.fr\/index.php\/wp-json\/wp\/v2\/posts\/503\/revisions"}],"predecessor-version":[{"id":507,"href":"https:\/\/snes53.fr\/index.php\/wp-json\/wp\/v2\/posts\/503\/revisions\/507"}],"wp:featuredmedia":[{"embeddable":true,"href":"https:\/\/snes53.fr\/index.php\/wp-json\/wp\/v2\/media\/506"}],"wp:attachment":[{"href":"https:\/\/snes53.fr\/index.php\/wp-json\/wp\/v2\/media?parent=503"}],"wp:term":[{"taxonomy":"category","embeddable":true,"href":"https:\/\/snes53.fr\/index.php\/wp-json\/wp\/v2\/categories?post=503"},{"taxonomy":"post_tag","embeddable":true,"href":"https:\/\/snes53.fr\/index.php\/wp-json\/wp\/v2\/tags?post=503"}],"curies":[{"name":"wp","href":"https:\/\/api.w.org\/{rel}","templated":true}]}}