{"id":352,"date":"2025-05-06T17:03:59","date_gmt":"2025-05-06T15:03:59","guid":{"rendered":"https:\/\/snes53.fr\/?p=352"},"modified":"2025-06-26T06:15:23","modified_gmt":"2025-06-26T04:15:23","slug":"communique-snes-fsu-53-fouille-des-sacs-et-desorganisation-scolaire","status":"publish","type":"post","link":"https:\/\/snes53.fr\/index.php\/2025\/05\/06\/communique-snes-fsu-53-fouille-des-sacs-et-desorganisation-scolaire\/","title":{"rendered":"Communiqu\u00e9 SNES-FSU 53 &#8211; Fouille des sacs et d\u00e9sorganisation scolaire."},"content":{"rendered":"\n<p>Ce mardi 6 mai 2025 au matin, les \u00e9l\u00e8ves du lyc\u00e9e Ambroise Par\u00e9 ont eu la (mauvaise) surprise \u00e0 8h d&rsquo;\u00eatre toutes et tous contr\u00f4l\u00e9s \u00e0 l&rsquo;entr\u00e9e de l&rsquo;\u00e9tablissement par les forces de l&rsquo;ordre. Cela fait suite aux demandes du ministre de l&rsquo;int\u00e9rieur, M. Retailleau, de contr\u00f4ler les sacs des \u00e9l\u00e8ves (car peut-\u00eatre que tous nos \u00e9l\u00e8ves sont des futurs terroristes, qui sait &#8230;) <\/p>\n\n\n\n<p>Sauf que, comme nous l&rsquo;avions pr\u00e9dit au SNES-FSU 53 (<a href=\"https:\/\/snes53.fr\/index.php\/2025\/04\/28\/interview-de-thomas-cabioch-co-secretaire-departemental-du-snes-fsu-53-a-ici-mayenne-sur-la-securisation-des-etablissements\/\" data-type=\"post\" data-id=\"340\">lors de notre intervention sur l&rsquo;antenne de Ici Mayenne la semaine pr\u00e9c\u00e9dente<\/a>), ce genre d&rsquo;op\u00e9ration \u00ab\u00a0coup de com\u00a0\u00bb d\u00e9sorganise tout un \u00e9tablissement ! Car les \u00e9l\u00e8ves de seconde du lyc\u00e9e avaient, ce m\u00eame jour, un devoir commun en math\u00e9matiques, mais aussi des \u00e9preuves certificatives en EPS et des \u00e9preuves en gestion. Cette fouille inopin\u00e9e a cr\u00e9\u00e9 une file d&rsquo;attente de plusieurs centaines de m\u00e8tres en dehors du lyc\u00e9e (sur les trottoirs et dans l&rsquo;\u00e9troite rue du lyc\u00e9e, cr\u00e9ant un risque pour la s\u00e9curit\u00e9 des usagers, car plus d&rsquo;un milier d&rsquo;\u00e9l\u00e8ves \u00e9taient en attente dans la rue), cr\u00e9ant jusqu&rsquo;\u00e0 30 minutes de retard pour les derniers \u00e9l\u00e8ves rentr\u00e9s dans l&rsquo;\u00e9tablissement, rajoutant un facteur de stress suppl\u00e9mentaire (duquel ils auraient bien pu se passer, qu&rsquo;ils soient \u00e9l\u00e8ves de seconde ou m\u00eame les autres, \u00e0 quelques semaines du bac &#8230;). Bien \u00e9videmment, aucune arme de quelque nature que ce soit n&rsquo;a \u00e9t\u00e9 retrouv\u00e9e dans les sacs des lyc\u00e9ens d&rsquo;Ambroise Par\u00e9. <\/p>\n\n\n\n<p><strong>Fort heureusement, la direction du lyc\u00e9e a su \u00eatre r\u00e9active pour limiter au maximum les d\u00e9sagr\u00e9ments caus\u00e9s par ces fouilles, surtout pour les \u00e9preuves certificatives pour le bac de gestion, en priorisant l&rsquo;entr\u00e9e des \u00e9l\u00e8ves convoqu\u00e9s, et en math\u00e9matiques. Soulignons aussi que l&rsquo;\u00e9quipe de math\u00e9matiques de seconde a su  prendre en compte les retards des \u00e9l\u00e8ves dans la notation des \u00e9l\u00e8ves afin qu&rsquo;ils soient le moins p\u00e9nalis\u00e9 possible, en adaptant le bar\u00eame des exercices selon l&rsquo;\u00e9margement en salle (avec l&rsquo;heure d&rsquo;arriv\u00e9e). <\/strong><\/p>\n\n\n\n<p class=\"has-white-color has-luminous-vivid-orange-background-color has-text-color has-background has-link-color wp-elements-01b525bb5accbc2f120b39eac488d71e\"><strong>Ces fouilles ne sont pas les seules et le lyc\u00e9e Ambroise Par\u00e9 n&rsquo;est pas l&rsquo;unique concern\u00e9 (car la presse fait croire cela, n&rsquo;ayant pas enqu\u00eat\u00e9 plus loin malheureusement que cela &#8230;) depuis ces derniers jours. Plusieurs lyc\u00e9es et coll\u00e8ges du d\u00e9partement (que \u00e7a soit dans le priv\u00e9 car l&rsquo;Immacul\u00e9e Conception \u00e0 Laval a connu une fouille du c\u00f4t\u00e9 du lyc\u00e9e par exemple) ou encore \u00e0 Ch\u00e2teau-Gontier ont d\u00e9j\u00e0 v\u00e9cu ce moment. D&rsquo;autres fouilles sont pr\u00e9vues d&rsquo;ici les prochains jours dans les \u00e9tablissements mayennais (seul le DASEN a l&rsquo;information de quand et o\u00f9 pour chaque \u00e9tablissement, chose qui aurait pu \u00eatre communiqu\u00e9 suite aux articles reprenant le communiqu\u00e9 du SNES 53, afin de ne pas stigmatiser le lyc\u00e9e Ambroise Par\u00e9)<\/strong><\/p>\n\n\n\n<p class=\"has-white-color has-vivid-red-background-color has-text-color has-background has-link-color wp-elements-a3f31d2089d9f5284db3c515b7b6957d\">Ces fouilles aux entr\u00e9es des \u00e9tablissements ne sont que des \u00e9l\u00e9ments de communication participant \u00e0 l&rsquo;installation du climat de peur g\u00e9n\u00e9ralis\u00e9 dans notre soci\u00e9t\u00e9. Le SNES-FSU 53 demande \u00e0 la pr\u00e9f\u00e8te de cesser ces op\u00e9rations inutiles et laisser nos \u00e9l\u00e8ves vivre sereinement leur fin d&rsquo;ann\u00e9e scolaire.<\/p>\n\n\n\n<p>Voir l&rsquo;article paru chez Ici Mayenne (que nous remercions grandement d&rsquo;avoir fait l&rsquo;\u00e9cho de notre communiqu\u00e9) : <a href=\"https:\/\/www.francebleu.fr\/infos\/education\/les-sacs-des-eleves-du-lycee-ambroise-pare-a-laval-fouilles-par-les-forces-de-l-ordre-selon-le-snes-fsu-3723549\">https:\/\/www.francebleu.fr\/infos\/education\/les-sacs-des-eleves-du-lycee-ambroise-pare-a-laval-fouilles-par-les-forces-de-l-ordre-selon-le-snes-fsu-3723549<\/a><\/p>\n\n\n\n<p>Ainsi que le Ouest-France qui a repris notre communiqu\u00e9 et que nous remercions \u00e9galement : <a href=\"https:\/\/www.ouest-france.fr\/pays-de-la-loire\/laval-53000\/a-laval-une-fouille-des-sacs-des-lyceens-a-selon-un-syndicat-desorganise-letablissement-1216c0f4-2b4b-11f0-9ba6-eb91e948bbd8\">\u00c0 Laval, une fouille des sacs des lyc\u00e9ens a \u00ab&nbsp;d\u00e9sorganis\u00e9 l\u2019\u00e9tablissement&nbsp;\u00bb, selon un syndicat<\/a><\/p>\n","protected":false},"excerpt":{"rendered":"<p>Ce mardi 6 mai 2025 au matin, les \u00e9l\u00e8ves du lyc\u00e9e Ambroise Par\u00e9 ont eu la (mauvaise) surprise \u00e0 8h d&rsquo;\u00eatre toutes et tous contr\u00f4l\u00e9s \u00e0 l&rsquo;entr\u00e9e de l&rsquo;\u00e9tablissement par les forces de l&rsquo;ordre. Cela fait suite aux demandes du ministre de l&rsquo;int\u00e9rieur, M. Retailleau, de contr\u00f4ler les sacs des \u00e9l\u00e8ves (car peut-\u00eatre que tous [&hellip;]<\/p>\n","protected":false},"author":1,"featured_media":353,"comment_status":"closed","ping_status":"open","sticky":false,"template":"","format":"standard","meta":{"footnotes":""},"categories":[5],"tags":[],"class_list":["post-352","post","type-post","status-publish","format-standard","has-post-thumbnail","hentry","category-actualites"],"yoast_head":"<!-- This site is optimized with the Yoast SEO plugin v25.3.1 - https:\/\/yoast.com\/wordpress\/plugins\/seo\/ -->\n<title>Communiqu\u00e9 SNES-FSU 53 - Fouille des sacs et d\u00e9sorganisation scolaire. - SNES-FSU 53 - 1er syndicat du second degr\u00e9 de la Mayenne<\/title>\n<meta name=\"robots\" content=\"index, follow, max-snippet:-1, max-image-preview:large, max-video-preview:-1\" \/>\n<link rel=\"canonical\" href=\"https:\/\/snes53.fr\/index.php\/2025\/05\/06\/communique-snes-fsu-53-fouille-des-sacs-et-desorganisation-scolaire\/\" \/>\n<meta property=\"og:locale\" content=\"fr_FR\" \/>\n<meta property=\"og:type\" content=\"article\" \/>\n<meta property=\"og:title\" content=\"Communiqu\u00e9 SNES-FSU 53 - Fouille des sacs et d\u00e9sorganisation scolaire. - SNES-FSU 53 - 1er syndicat du second degr\u00e9 de la Mayenne\" \/>\n<meta property=\"og:description\" content=\"Ce mardi 6 mai 2025 au matin, les \u00e9l\u00e8ves du lyc\u00e9e Ambroise Par\u00e9 ont eu la (mauvaise) surprise \u00e0 8h d&rsquo;\u00eatre toutes et tous contr\u00f4l\u00e9s \u00e0 l&rsquo;entr\u00e9e de l&rsquo;\u00e9tablissement par les forces de l&rsquo;ordre. Cela fait suite aux demandes du ministre de l&rsquo;int\u00e9rieur, M. Retailleau, de contr\u00f4ler les sacs des \u00e9l\u00e8ves (car peut-\u00eatre que tous [&hellip;]\" \/>\n<meta property=\"og:url\" content=\"https:\/\/snes53.fr\/index.php\/2025\/05\/06\/communique-snes-fsu-53-fouille-des-sacs-et-desorganisation-scolaire\/\" \/>\n<meta property=\"og:site_name\" content=\"SNES-FSU 53 - 1er syndicat du second degr\u00e9 de la Mayenne\" \/>\n<meta property=\"article:published_time\" content=\"2025-05-06T15:03:59+00:00\" \/>\n<meta property=\"article:modified_time\" content=\"2025-06-26T04:15:23+00:00\" \/>\n<meta property=\"og:image\" content=\"https:\/\/snes53.fr\/wp-content\/uploads\/2025\/05\/police-1-67ebea8005fca136667665-scaled.jpg\" \/>\n\t<meta property=\"og:image:width\" content=\"2560\" \/>\n\t<meta property=\"og:image:height\" content=\"1920\" \/>\n\t<meta property=\"og:image:type\" content=\"image\/jpeg\" \/>\n<meta name=\"author\" content=\"SNES FSU 53\" \/>\n<meta name=\"twitter:card\" content=\"summary_large_image\" \/>\n<meta name=\"twitter:label1\" content=\"\u00c9crit par\" \/>\n\t<meta name=\"twitter:data1\" content=\"SNES FSU 53\" \/>\n\t<meta name=\"twitter:label2\" content=\"Dur\u00e9e de lecture estim\u00e9e\" \/>\n\t<meta name=\"twitter:data2\" content=\"3 minutes\" \/>\n<script type=\"application\/ld+json\" class=\"yoast-schema-graph\">{\"@context\":\"https:\/\/schema.org\",\"@graph\":[{\"@type\":\"Article\",\"@id\":\"https:\/\/snes53.fr\/index.php\/2025\/05\/06\/communique-snes-fsu-53-fouille-des-sacs-et-desorganisation-scolaire\/#article\",\"isPartOf\":{\"@id\":\"https:\/\/snes53.fr\/index.php\/2025\/05\/06\/communique-snes-fsu-53-fouille-des-sacs-et-desorganisation-scolaire\/\"},\"author\":{\"name\":\"SNES FSU 53\",\"@id\":\"https:\/\/snes53.fr\/#\/schema\/person\/42a254727ba896c9c6e12c398c9a7fe1\"},\"headline\":\"Communiqu\u00e9 SNES-FSU 53 &#8211; Fouille des sacs et d\u00e9sorganisation scolaire.\",\"datePublished\":\"2025-05-06T15:03:59+00:00\",\"dateModified\":\"2025-06-26T04:15:23+00:00\",\"mainEntityOfPage\":{\"@id\":\"https:\/\/snes53.fr\/index.php\/2025\/05\/06\/communique-snes-fsu-53-fouille-des-sacs-et-desorganisation-scolaire\/\"},\"wordCount\":630,\"publisher\":{\"@id\":\"https:\/\/snes53.fr\/#organization\"},\"image\":{\"@id\":\"https:\/\/snes53.fr\/index.php\/2025\/05\/06\/communique-snes-fsu-53-fouille-des-sacs-et-desorganisation-scolaire\/#primaryimage\"},\"thumbnailUrl\":\"https:\/\/snes53.fr\/wp-content\/uploads\/2025\/05\/police-1-67ebea8005fca136667665-scaled.jpg\",\"articleSection\":[\"Actualit\u00e9s\"],\"inLanguage\":\"fr-FR\"},{\"@type\":\"WebPage\",\"@id\":\"https:\/\/snes53.fr\/index.php\/2025\/05\/06\/communique-snes-fsu-53-fouille-des-sacs-et-desorganisation-scolaire\/\",\"url\":\"https:\/\/snes53.fr\/index.php\/2025\/05\/06\/communique-snes-fsu-53-fouille-des-sacs-et-desorganisation-scolaire\/\",\"name\":\"Communiqu\u00e9 SNES-FSU 53 - Fouille des sacs et d\u00e9sorganisation scolaire. - SNES-FSU 53 - 1er syndicat du second degr\u00e9 de la Mayenne\",\"isPartOf\":{\"@id\":\"https:\/\/snes53.fr\/#website\"},\"primaryImageOfPage\":{\"@id\":\"https:\/\/snes53.fr\/index.php\/2025\/05\/06\/communique-snes-fsu-53-fouille-des-sacs-et-desorganisation-scolaire\/#primaryimage\"},\"image\":{\"@id\":\"https:\/\/snes53.fr\/index.php\/2025\/05\/06\/communique-snes-fsu-53-fouille-des-sacs-et-desorganisation-scolaire\/#primaryimage\"},\"thumbnailUrl\":\"https:\/\/snes53.fr\/wp-content\/uploads\/2025\/05\/police-1-67ebea8005fca136667665-scaled.jpg\",\"datePublished\":\"2025-05-06T15:03:59+00:00\",\"dateModified\":\"2025-06-26T04:15:23+00:00\",\"breadcrumb\":{\"@id\":\"https:\/\/snes53.fr\/index.php\/2025\/05\/06\/communique-snes-fsu-53-fouille-des-sacs-et-desorganisation-scolaire\/#breadcrumb\"},\"inLanguage\":\"fr-FR\",\"potentialAction\":[{\"@type\":\"ReadAction\",\"target\":[\"https:\/\/snes53.fr\/index.php\/2025\/05\/06\/communique-snes-fsu-53-fouille-des-sacs-et-desorganisation-scolaire\/\"]}]},{\"@type\":\"ImageObject\",\"inLanguage\":\"fr-FR\",\"@id\":\"https:\/\/snes53.fr\/index.php\/2025\/05\/06\/communique-snes-fsu-53-fouille-des-sacs-et-desorganisation-scolaire\/#primaryimage\",\"url\":\"https:\/\/snes53.fr\/wp-content\/uploads\/2025\/05\/police-1-67ebea8005fca136667665-scaled.jpg\",\"contentUrl\":\"https:\/\/snes53.fr\/wp-content\/uploads\/2025\/05\/police-1-67ebea8005fca136667665-scaled.jpg\",\"width\":2560,\"height\":1920},{\"@type\":\"BreadcrumbList\",\"@id\":\"https:\/\/snes53.fr\/index.php\/2025\/05\/06\/communique-snes-fsu-53-fouille-des-sacs-et-desorganisation-scolaire\/#breadcrumb\",\"itemListElement\":[{\"@type\":\"ListItem\",\"position\":1,\"name\":\"Accueil\",\"item\":\"https:\/\/snes53.fr\/\"},{\"@type\":\"ListItem\",\"position\":2,\"name\":\"Communiqu\u00e9 SNES-FSU 53 &#8211; Fouille des sacs et d\u00e9sorganisation scolaire.\"}]},{\"@type\":\"WebSite\",\"@id\":\"https:\/\/snes53.fr\/#website\",\"url\":\"https:\/\/snes53.fr\/\",\"name\":\"SNES-FSU 53\",\"description\":\"\",\"publisher\":{\"@id\":\"https:\/\/snes53.fr\/#organization\"},\"potentialAction\":[{\"@type\":\"SearchAction\",\"target\":{\"@type\":\"EntryPoint\",\"urlTemplate\":\"https:\/\/snes53.fr\/?s={search_term_string}\"},\"query-input\":{\"@type\":\"PropertyValueSpecification\",\"valueRequired\":true,\"valueName\":\"search_term_string\"}}],\"inLanguage\":\"fr-FR\"},{\"@type\":\"Organization\",\"@id\":\"https:\/\/snes53.fr\/#organization\",\"name\":\"SNES-FSU 53\",\"url\":\"https:\/\/snes53.fr\/\",\"logo\":{\"@type\":\"ImageObject\",\"inLanguage\":\"fr-FR\",\"@id\":\"https:\/\/snes53.fr\/#\/schema\/logo\/image\/\",\"url\":\"https:\/\/snes53.fr\/wp-content\/uploads\/2024\/07\/cropped-logo-snes-53-v2-3.png\",\"contentUrl\":\"https:\/\/snes53.fr\/wp-content\/uploads\/2024\/07\/cropped-logo-snes-53-v2-3.png\",\"width\":944,\"height\":831,\"caption\":\"SNES-FSU 53\"},\"image\":{\"@id\":\"https:\/\/snes53.fr\/#\/schema\/logo\/image\/\"}},{\"@type\":\"Person\",\"@id\":\"https:\/\/snes53.fr\/#\/schema\/person\/42a254727ba896c9c6e12c398c9a7fe1\",\"name\":\"SNES FSU 53\",\"image\":{\"@type\":\"ImageObject\",\"inLanguage\":\"fr-FR\",\"@id\":\"https:\/\/snes53.fr\/#\/schema\/person\/image\/\",\"url\":\"https:\/\/secure.gravatar.com\/avatar\/f07ff49cdac1b172208417959738d5d1fce2e5ff8a35952ea50e41b0f5cbf932?s=96&d=mm&r=g\",\"contentUrl\":\"https:\/\/secure.gravatar.com\/avatar\/f07ff49cdac1b172208417959738d5d1fce2e5ff8a35952ea50e41b0f5cbf932?s=96&d=mm&r=g\",\"caption\":\"SNES FSU 53\"},\"sameAs\":[\"http:\/\/snes53.fr\"],\"url\":\"https:\/\/snes53.fr\/index.php\/author\/admin9881\/\"}]}<\/script>\n<!-- \/ Yoast SEO plugin. -->","yoast_head_json":{"title":"Communiqu\u00e9 SNES-FSU 53 - Fouille des sacs et d\u00e9sorganisation scolaire. - SNES-FSU 53 - 1er syndicat du second degr\u00e9 de la Mayenne","robots":{"index":"index","follow":"follow","max-snippet":"max-snippet:-1","max-image-preview":"max-image-preview:large","max-video-preview":"max-video-preview:-1"},"canonical":"https:\/\/snes53.fr\/index.php\/2025\/05\/06\/communique-snes-fsu-53-fouille-des-sacs-et-desorganisation-scolaire\/","og_locale":"fr_FR","og_type":"article","og_title":"Communiqu\u00e9 SNES-FSU 53 - Fouille des sacs et d\u00e9sorganisation scolaire. - SNES-FSU 53 - 1er syndicat du second degr\u00e9 de la Mayenne","og_description":"Ce mardi 6 mai 2025 au matin, les \u00e9l\u00e8ves du lyc\u00e9e Ambroise Par\u00e9 ont eu la (mauvaise) surprise \u00e0 8h d&rsquo;\u00eatre toutes et tous contr\u00f4l\u00e9s \u00e0 l&rsquo;entr\u00e9e de l&rsquo;\u00e9tablissement par les forces de l&rsquo;ordre. Cela fait suite aux demandes du ministre de l&rsquo;int\u00e9rieur, M. Retailleau, de contr\u00f4ler les sacs des \u00e9l\u00e8ves (car peut-\u00eatre que tous [&hellip;]","og_url":"https:\/\/snes53.fr\/index.php\/2025\/05\/06\/communique-snes-fsu-53-fouille-des-sacs-et-desorganisation-scolaire\/","og_site_name":"SNES-FSU 53 - 1er syndicat du second degr\u00e9 de la Mayenne","article_published_time":"2025-05-06T15:03:59+00:00","article_modified_time":"2025-06-26T04:15:23+00:00","og_image":[{"width":2560,"height":1920,"url":"https:\/\/snes53.fr\/wp-content\/uploads\/2025\/05\/police-1-67ebea8005fca136667665-scaled.jpg","type":"image\/jpeg"}],"author":"SNES FSU 53","twitter_card":"summary_large_image","twitter_misc":{"\u00c9crit par":"SNES FSU 53","Dur\u00e9e de lecture estim\u00e9e":"3 minutes"},"schema":{"@context":"https:\/\/schema.org","@graph":[{"@type":"Article","@id":"https:\/\/snes53.fr\/index.php\/2025\/05\/06\/communique-snes-fsu-53-fouille-des-sacs-et-desorganisation-scolaire\/#article","isPartOf":{"@id":"https:\/\/snes53.fr\/index.php\/2025\/05\/06\/communique-snes-fsu-53-fouille-des-sacs-et-desorganisation-scolaire\/"},"author":{"name":"SNES FSU 53","@id":"https:\/\/snes53.fr\/#\/schema\/person\/42a254727ba896c9c6e12c398c9a7fe1"},"headline":"Communiqu\u00e9 SNES-FSU 53 &#8211; Fouille des sacs et d\u00e9sorganisation scolaire.","datePublished":"2025-05-06T15:03:59+00:00","dateModified":"2025-06-26T04:15:23+00:00","mainEntityOfPage":{"@id":"https:\/\/snes53.fr\/index.php\/2025\/05\/06\/communique-snes-fsu-53-fouille-des-sacs-et-desorganisation-scolaire\/"},"wordCount":630,"publisher":{"@id":"https:\/\/snes53.fr\/#organization"},"image":{"@id":"https:\/\/snes53.fr\/index.php\/2025\/05\/06\/communique-snes-fsu-53-fouille-des-sacs-et-desorganisation-scolaire\/#primaryimage"},"thumbnailUrl":"https:\/\/snes53.fr\/wp-content\/uploads\/2025\/05\/police-1-67ebea8005fca136667665-scaled.jpg","articleSection":["Actualit\u00e9s"],"inLanguage":"fr-FR"},{"@type":"WebPage","@id":"https:\/\/snes53.fr\/index.php\/2025\/05\/06\/communique-snes-fsu-53-fouille-des-sacs-et-desorganisation-scolaire\/","url":"https:\/\/snes53.fr\/index.php\/2025\/05\/06\/communique-snes-fsu-53-fouille-des-sacs-et-desorganisation-scolaire\/","name":"Communiqu\u00e9 SNES-FSU 53 - Fouille des sacs et d\u00e9sorganisation scolaire. - SNES-FSU 53 - 1er syndicat du second degr\u00e9 de la Mayenne","isPartOf":{"@id":"https:\/\/snes53.fr\/#website"},"primaryImageOfPage":{"@id":"https:\/\/snes53.fr\/index.php\/2025\/05\/06\/communique-snes-fsu-53-fouille-des-sacs-et-desorganisation-scolaire\/#primaryimage"},"image":{"@id":"https:\/\/snes53.fr\/index.php\/2025\/05\/06\/communique-snes-fsu-53-fouille-des-sacs-et-desorganisation-scolaire\/#primaryimage"},"thumbnailUrl":"https:\/\/snes53.fr\/wp-content\/uploads\/2025\/05\/police-1-67ebea8005fca136667665-scaled.jpg","datePublished":"2025-05-06T15:03:59+00:00","dateModified":"2025-06-26T04:15:23+00:00","breadcrumb":{"@id":"https:\/\/snes53.fr\/index.php\/2025\/05\/06\/communique-snes-fsu-53-fouille-des-sacs-et-desorganisation-scolaire\/#breadcrumb"},"inLanguage":"fr-FR","potentialAction":[{"@type":"ReadAction","target":["https:\/\/snes53.fr\/index.php\/2025\/05\/06\/communique-snes-fsu-53-fouille-des-sacs-et-desorganisation-scolaire\/"]}]},{"@type":"ImageObject","inLanguage":"fr-FR","@id":"https:\/\/snes53.fr\/index.php\/2025\/05\/06\/communique-snes-fsu-53-fouille-des-sacs-et-desorganisation-scolaire\/#primaryimage","url":"https:\/\/snes53.fr\/wp-content\/uploads\/2025\/05\/police-1-67ebea8005fca136667665-scaled.jpg","contentUrl":"https:\/\/snes53.fr\/wp-content\/uploads\/2025\/05\/police-1-67ebea8005fca136667665-scaled.jpg","width":2560,"height":1920},{"@type":"BreadcrumbList","@id":"https:\/\/snes53.fr\/index.php\/2025\/05\/06\/communique-snes-fsu-53-fouille-des-sacs-et-desorganisation-scolaire\/#breadcrumb","itemListElement":[{"@type":"ListItem","position":1,"name":"Accueil","item":"https:\/\/snes53.fr\/"},{"@type":"ListItem","position":2,"name":"Communiqu\u00e9 SNES-FSU 53 &#8211; Fouille des sacs et d\u00e9sorganisation scolaire."}]},{"@type":"WebSite","@id":"https:\/\/snes53.fr\/#website","url":"https:\/\/snes53.fr\/","name":"SNES-FSU 53","description":"","publisher":{"@id":"https:\/\/snes53.fr\/#organization"},"potentialAction":[{"@type":"SearchAction","target":{"@type":"EntryPoint","urlTemplate":"https:\/\/snes53.fr\/?s={search_term_string}"},"query-input":{"@type":"PropertyValueSpecification","valueRequired":true,"valueName":"search_term_string"}}],"inLanguage":"fr-FR"},{"@type":"Organization","@id":"https:\/\/snes53.fr\/#organization","name":"SNES-FSU 53","url":"https:\/\/snes53.fr\/","logo":{"@type":"ImageObject","inLanguage":"fr-FR","@id":"https:\/\/snes53.fr\/#\/schema\/logo\/image\/","url":"https:\/\/snes53.fr\/wp-content\/uploads\/2024\/07\/cropped-logo-snes-53-v2-3.png","contentUrl":"https:\/\/snes53.fr\/wp-content\/uploads\/2024\/07\/cropped-logo-snes-53-v2-3.png","width":944,"height":831,"caption":"SNES-FSU 53"},"image":{"@id":"https:\/\/snes53.fr\/#\/schema\/logo\/image\/"}},{"@type":"Person","@id":"https:\/\/snes53.fr\/#\/schema\/person\/42a254727ba896c9c6e12c398c9a7fe1","name":"SNES FSU 53","image":{"@type":"ImageObject","inLanguage":"fr-FR","@id":"https:\/\/snes53.fr\/#\/schema\/person\/image\/","url":"https:\/\/secure.gravatar.com\/avatar\/f07ff49cdac1b172208417959738d5d1fce2e5ff8a35952ea50e41b0f5cbf932?s=96&d=mm&r=g","contentUrl":"https:\/\/secure.gravatar.com\/avatar\/f07ff49cdac1b172208417959738d5d1fce2e5ff8a35952ea50e41b0f5cbf932?s=96&d=mm&r=g","caption":"SNES FSU 53"},"sameAs":["http:\/\/snes53.fr"],"url":"https:\/\/snes53.fr\/index.php\/author\/admin9881\/"}]}},"_links":{"self":[{"href":"https:\/\/snes53.fr\/index.php\/wp-json\/wp\/v2\/posts\/352","targetHints":{"allow":["GET"]}}],"collection":[{"href":"https:\/\/snes53.fr\/index.php\/wp-json\/wp\/v2\/posts"}],"about":[{"href":"https:\/\/snes53.fr\/index.php\/wp-json\/wp\/v2\/types\/post"}],"author":[{"embeddable":true,"href":"https:\/\/snes53.fr\/index.php\/wp-json\/wp\/v2\/users\/1"}],"replies":[{"embeddable":true,"href":"https:\/\/snes53.fr\/index.php\/wp-json\/wp\/v2\/comments?post=352"}],"version-history":[{"count":10,"href":"https:\/\/snes53.fr\/index.php\/wp-json\/wp\/v2\/posts\/352\/revisions"}],"predecessor-version":[{"id":375,"href":"https:\/\/snes53.fr\/index.php\/wp-json\/wp\/v2\/posts\/352\/revisions\/375"}],"wp:featuredmedia":[{"embeddable":true,"href":"https:\/\/snes53.fr\/index.php\/wp-json\/wp\/v2\/media\/353"}],"wp:attachment":[{"href":"https:\/\/snes53.fr\/index.php\/wp-json\/wp\/v2\/media?parent=352"}],"wp:term":[{"taxonomy":"category","embeddable":true,"href":"https:\/\/snes53.fr\/index.php\/wp-json\/wp\/v2\/categories?post=352"},{"taxonomy":"post_tag","embeddable":true,"href":"https:\/\/snes53.fr\/index.php\/wp-json\/wp\/v2\/tags?post=352"}],"curies":[{"name":"wp","href":"https:\/\/api.w.org\/{rel}","templated":true}]}}