{"id":343,"date":"2025-05-03T19:20:02","date_gmt":"2025-05-03T17:20:02","guid":{"rendered":"https:\/\/snes53.fr\/?p=343"},"modified":"2025-05-03T19:20:02","modified_gmt":"2025-05-03T17:20:02","slug":"en-mayenne-lenseignement-prive-sous-contrat-cultive-lentre-soi","status":"publish","type":"post","link":"https:\/\/snes53.fr\/index.php\/2025\/05\/03\/en-mayenne-lenseignement-prive-sous-contrat-cultive-lentre-soi\/","title":{"rendered":"En Mayenne, l\u2019enseignement priv\u00e9 sous-contrat cultive l\u2019entre-soi."},"content":{"rendered":"\n<p>La Mayenne est historiquement une terre o\u00f9 l\u2019enseignement priv\u00e9 et principalement confessionnel catholique est fort. Il repr\u00e9sente actuellement 40% des \u00e9l\u00e8ves scolaris\u00e9s tous niveaux confondus et son maillage couvre l\u2019ensemble du territoire. Si, \u00e0 une \u00e9poque, seule la conviction religieuse des parents pouvaient motiver le choix entre \u00e9cole publique et \u00e9cole priv\u00e9e, comme c\u2019est encore le cas \u00e0 Gorron m\u00eame si l\u2019\u00e9cart est en faveur de l\u2019\u00e9tablissement priv\u00e9. Aujourd\u2019hui, nous allons le voir dans cet article, le choix d\u2019un \u00e9tablissement priv\u00e9 appara\u00eet clairement comme un choix de non mixit\u00e9 sociale et de s\u00e9gr\u00e9gation.&nbsp;<\/p>\n\n\n\n<p>L<a href=\"https:\/\/youtu.be\/Tq3Y6Sl9Uds?si=E8zu-LtBmD9Ss2zt\">\u2019Indice de Position Sociale<\/a> (IPS) est un indicateur d\u00e9velopp\u00e9 par l\u2019Education Nationale pour mesurer les facteurs qui contribuent \u00e0 la r\u00e9ussite des \u00e9l\u00e8ves. C\u2019est par un jugement du tribunal administratif de Paris que l\u2019Etat a \u00e9t\u00e9 contraint de publier l\u2019IPS des \u00e9tablissements \u00e0 partir de 2022. Calcul\u00e9 pour chaque \u00e9l\u00e8ve, l\u2019IPS est compris entre 45 pour les \u00e9l\u00e8ves les plus d\u00e9favoris\u00e9.es \u00e0 185 pour les \u00e9l\u00e8ves les plus favoris\u00e9.es. L\u2019IPS d\u2019un \u00e9tablissement est quant \u00e0 lui la moyenne de l\u2019IPS de l\u2019ensemble des \u00e9l\u00e8ves inscrits dans l\u2019\u00e9tablissement. Il est compris entre 59 et 162,5 pour la France m\u00e9tropolitaine pour l\u2019ann\u00e9e scolaire 2024-2025. L\u2019\u00e9cart type sur l\u2019IPS mesure l\u2019h\u00e9t\u00e9rog\u00e9n\u00e9it\u00e9 sociale d\u2019un \u00e9tablissement. Plus il est \u00e9lev\u00e9, plus la mixit\u00e9 sociale est forte au sein de l\u2019\u00e9tablissement, il est compris entre 14,1 et 47 en France m\u00e9tropolitaine pour l\u2019ann\u00e9e scolaire 2024-2025. L\u2019IPS est un indicateur qui d\u00e9montre que l\u2019enseignement priv\u00e9 ne joue pas le jeu de la mixit\u00e9 scolaire et m\u00eame qu\u2019il renforce la s\u00e9gr\u00e9gation, en France, comme en Mayenne.<\/p>\n\n\n\n<p>Avec un IPS de 102.5 en coll\u00e8ge et 115,5 en lyc\u00e9e, pour l\u2019ann\u00e9e scolaire 2024-2025, la Mayenne se situe loin de l\u2019IPS acad\u00e9mique (115,3 &#8211; 123,8) et au quatri\u00e8me rang dans l\u2019acad\u00e9mie juste avant la Sarthe (102,1) pour les coll\u00e8ges et au dernier rang pour les Lyc\u00e9es d\u2019enseignement G\u00e9n\u00e9ral et Technologique (LGT). Cependant, les \u00e9l\u00e8ves de la Mayenne ont un taux d\u2019admission aux DNB et aux Baccalaur\u00e9ats G\u00e9n\u00e9raux et Technologiques parmi les deux meilleurs de l\u2019acad\u00e9mie (en concurrence avec la Vend\u00e9e).&nbsp;<\/p>\n\n\n\n<figure class=\"wp-block-image\"><img decoding=\"async\" src=\"https:\/\/lh7-rt.googleusercontent.com\/docsz\/AD_4nXcthxAJoMLnuka0YEThjNUNf5wkbVMWr_kvOZstg3Ja1EzO6D_c7ZiEVf8JhI4RI0McEIqou70dgOjYaaV48tpEtaSzgy5LWRsrImCtilhzPiySMA7WpRPqj7EThaEDZx1F0vVN-w?key=LaAAZ42CpCbsfoKOH3Wp40m3\" alt=\"\"\/><\/figure>\n\n\n\n<p class=\"has-text-align-center\"><em>Graphique 1 : Positionnement des \u00e9tablissements du secondaire Mayennais en fonction de l\u2019IPS<br>et de son \u00c9cart Type (source DEPP &#8211; ann\u00e9e scolaire 2024-2025)<\/em><\/p>\n\n\n\n<p>Ce que nous montre le positionnement des \u00e9tablissements secondaires en Mayenne, est d\u2019une part que les \u00e9tablissements priv\u00e9s sont situ\u00e9s dans les plus hauts IPS du d\u00e9partement et que seul un coll\u00e8ge public d\u00e9passe la moyenne d\u00e9partementale et aucun lyc\u00e9e. D\u2019autre part, la mixit\u00e9 sociale est plus faible dans le priv\u00e9 que dans le public. Donc, avec un IPS plus haut et une mixit\u00e9 plus basse, les \u00e9tablissements priv\u00e9s en Mayenne participent \u00e0 un entre soi qui se traduit par de l\u2019\u00e9vitement scolaire notamment sur le seul coll\u00e8ge REP+ du d\u00e9partement, le coll\u00e8ge Alain Gerbault dont l\u2019IPS est 31 points inf\u00e9rieur \u00e0 celui du Coll\u00e8ge JB de la Salle alors qu\u2019ils sont mitoyens ou encore en centre ville de Laval entre le coll\u00e8ge Fernand Puech et le coll\u00e8ge de l\u2019Immacul\u00e9e Conception s\u00e9par\u00e9s par la rue Crossardi\u00e8re et, 15 points d\u2019IPS.\u00a0<\/p>\n\n\n\n<p>En d\u00e9pit des excellents r\u00e9sultats au DNB s\u00e9rie g\u00e9n\u00e9rale, le passage au lyc\u00e9e s\u2019op\u00e8re en Mayenne avec un grand tri social dans le public (+13,2 d\u2019IPS par rapport au coll\u00e8ge), qui est accentu\u00e9 dans le priv\u00e9 (+14,1). Cela traduit un manque d\u2019ambition scolaire de nombreux.ses \u00e9l\u00e8ves qui, bien que r\u00e9ussissant au coll\u00e8ge, s\u2019orientent vers des formations professionnelles plut\u00f4t que vers la poursuite d\u2019\u00e9tudes. Ce manque d\u2019ambition est la cons\u00e9quence de la faiblesse de l\u2019offre d\u2019enseignement sup\u00e9rieur public qui emp\u00eache les \u00e9l\u00e8ves de se projeter dans des \u00e9tudes longues, et des difficult\u00e9s de mobilit\u00e9 des \u00e9l\u00e8ves dont une part pr\u00e9f\u00e8re s\u2019inscrire dans un \u00e9tablissement de proximit\u00e9 quitte \u00e0 choisir une orientation par d\u00e9faut.&nbsp;<\/p>\n\n\n\n<p>La s\u00e9gr\u00e9gation sociale s\u2019accro\u00eet dans les lyc\u00e9es de l\u2019enseignement priv\u00e9 dont tous, sauf un, ont un IPS sup\u00e9rieur \u00e0 la moyenne d\u00e9partementale contre aucun lyc\u00e9e public et, dont tous, ont un \u00e9cart type inf\u00e9rieur aux \u00e9tablissements publics donc une plus faible mixit\u00e9 sociale.\u00a0<\/p>\n\n\n\n<p class=\"has-white-color has-vivid-red-background-color has-text-color has-background has-link-color wp-elements-eceef53a511562503daf821f9d36e046\">Pour favoriser la mixit\u00e9 sociale au sein des \u00e9tablissement, encore plus l\u00e9gitimement\u00a0 \u00e0 l\u2019heure o\u00f9, partout en France, y compris en Mayenne<sup data-fn=\"3be4aef8-284a-436f-805e-245c6da30ed0\" class=\"fn\"><a href=\"#3be4aef8-284a-436f-805e-245c6da30ed0\" id=\"3be4aef8-284a-436f-805e-245c6da30ed0-link\">1<\/a><\/sup>, l\u2019enseignement priv\u00e9 catholique est attaqu\u00e9 par des plaintes pour violences sexuelles, le SNES-FSU 53 revendique que l\u2019argent public soit destin\u00e9 exclusivement \u00e0 l\u2019enseignement public, et non d\u00e9tourn\u00e9 vers des \u00e9tablissements d\u00e9j\u00e0 sociologiquement favoris\u00e9s, afin que l\u2019enseignement public puisse accueillir tous et toutes dans de bonnes conditions pour favoriser la r\u00e9ussite des \u00e9l\u00e8ves dans une orientation choisie. Il revendique l\u2019unification du syst\u00e8me \u00e9ducatif dans un service public la\u00efc int\u00e9grant l\u2019actuel enseignement priv\u00e9 sous contrat. Alors que les \u00e9l\u00e8ves Mayennais.es manquent d\u2019ambition scolaire, le SNES-FSU 53 s\u2019oppose \u00e0 l\u2019accentuation du tri social par les mesures du \u201cchoc des savoirs\u201d qui, sous couvert de donner plus \u00e0 ceux qui ont moins, intensifie le tri social des \u00e9l\u00e8ves au d\u00e9triment de ceux et celles qui ont d\u00e9j\u00e0 le moins de chances de r\u00e9ussite scolaire, c\u2019est \u00e0 dire l\u2019IPS le plus faible.<\/p>\n\n\n<ol class=\"wp-block-footnotes\"><li id=\"3be4aef8-284a-436f-805e-245c6da30ed0\"><a href=\"https:\/\/www.francebleu.fr\/infos\/faits-divers-justice\/il-a-brule-mon-innocence-un-ancien-surveillant-du-college-catholique-de-combree-soupconne-de-violences-sexuelles-5033949\">https:\/\/www.francebleu.fr\/infos\/faits-divers-justice\/il-a-brule-mon-innocence-un-ancien-surveillant-du-college-catholique-de-combree-soupconne-de-violences-sexuelles-5033949 <\/a> <a href=\"#3be4aef8-284a-436f-805e-245c6da30ed0-link\" aria-label=\"Aller \u00e0 la note de bas de page 1\">\u21a9\ufe0e<\/a><\/li><\/ol>","protected":false},"excerpt":{"rendered":"<p>La Mayenne est historiquement une terre o\u00f9 l\u2019enseignement priv\u00e9 et principalement confessionnel catholique est fort. Il repr\u00e9sente actuellement 40% des \u00e9l\u00e8ves scolaris\u00e9s tous niveaux confondus et son maillage couvre l\u2019ensemble du territoire. Si, \u00e0 une \u00e9poque, seule la conviction religieuse des parents pouvaient motiver le choix entre \u00e9cole publique et \u00e9cole priv\u00e9e, comme c\u2019est encore [&hellip;]<\/p>\n","protected":false},"author":1,"featured_media":344,"comment_status":"closed","ping_status":"open","sticky":false,"template":"","format":"standard","meta":{"footnotes":"[{\"content\":\"<a href=\\\"https:\/\/www.francebleu.fr\/infos\/faits-divers-justice\/il-a-brule-mon-innocence-un-ancien-surveillant-du-college-catholique-de-combree-soupconne-de-violences-sexuelles-5033949\\\">https:\/\/www.francebleu.fr\/infos\/faits-divers-justice\/il-a-brule-mon-innocence-un-ancien-surveillant-du-college-catholique-de-combree-soupconne-de-violences-sexuelles-5033949 <\/a>\",\"id\":\"3be4aef8-284a-436f-805e-245c6da30ed0\"}]"},"categories":[5],"tags":[],"class_list":["post-343","post","type-post","status-publish","format-standard","has-post-thumbnail","hentry","category-actualites"],"yoast_head":"<!-- This site is optimized with the Yoast SEO plugin v25.3.1 - https:\/\/yoast.com\/wordpress\/plugins\/seo\/ -->\n<title>En Mayenne, l\u2019enseignement priv\u00e9 sous-contrat cultive l\u2019entre-soi. - SNES-FSU 53 - 1er syndicat du second degr\u00e9 de la Mayenne<\/title>\n<meta name=\"robots\" content=\"index, follow, max-snippet:-1, max-image-preview:large, max-video-preview:-1\" \/>\n<link rel=\"canonical\" href=\"https:\/\/snes53.fr\/index.php\/2025\/05\/03\/en-mayenne-lenseignement-prive-sous-contrat-cultive-lentre-soi\/\" \/>\n<meta property=\"og:locale\" content=\"fr_FR\" \/>\n<meta property=\"og:type\" content=\"article\" \/>\n<meta property=\"og:title\" content=\"En Mayenne, l\u2019enseignement priv\u00e9 sous-contrat cultive l\u2019entre-soi. - SNES-FSU 53 - 1er syndicat du second degr\u00e9 de la Mayenne\" \/>\n<meta property=\"og:description\" content=\"La Mayenne est historiquement une terre o\u00f9 l\u2019enseignement priv\u00e9 et principalement confessionnel catholique est fort. Il repr\u00e9sente actuellement 40% des \u00e9l\u00e8ves scolaris\u00e9s tous niveaux confondus et son maillage couvre l\u2019ensemble du territoire. Si, \u00e0 une \u00e9poque, seule la conviction religieuse des parents pouvaient motiver le choix entre \u00e9cole publique et \u00e9cole priv\u00e9e, comme c\u2019est encore [&hellip;]\" \/>\n<meta property=\"og:url\" content=\"https:\/\/snes53.fr\/index.php\/2025\/05\/03\/en-mayenne-lenseignement-prive-sous-contrat-cultive-lentre-soi\/\" \/>\n<meta property=\"og:site_name\" content=\"SNES-FSU 53 - 1er syndicat du second degr\u00e9 de la Mayenne\" \/>\n<meta property=\"article:published_time\" content=\"2025-05-03T17:20:02+00:00\" \/>\n<meta property=\"og:image\" content=\"https:\/\/snes53.fr\/wp-content\/uploads\/2025\/04\/Capture-decran-2025-04-30-213057.png\" \/>\n\t<meta property=\"og:image:width\" content=\"927\" \/>\n\t<meta property=\"og:image:height\" content=\"523\" \/>\n\t<meta property=\"og:image:type\" content=\"image\/png\" \/>\n<meta name=\"author\" content=\"SNES FSU 53\" \/>\n<meta name=\"twitter:card\" content=\"summary_large_image\" \/>\n<meta name=\"twitter:label1\" content=\"\u00c9crit par\" \/>\n\t<meta name=\"twitter:data1\" content=\"SNES FSU 53\" \/>\n\t<meta name=\"twitter:label2\" content=\"Dur\u00e9e de lecture estim\u00e9e\" \/>\n\t<meta name=\"twitter:data2\" content=\"5 minutes\" \/>\n<script type=\"application\/ld+json\" class=\"yoast-schema-graph\">{\"@context\":\"https:\/\/schema.org\",\"@graph\":[{\"@type\":\"Article\",\"@id\":\"https:\/\/snes53.fr\/index.php\/2025\/05\/03\/en-mayenne-lenseignement-prive-sous-contrat-cultive-lentre-soi\/#article\",\"isPartOf\":{\"@id\":\"https:\/\/snes53.fr\/index.php\/2025\/05\/03\/en-mayenne-lenseignement-prive-sous-contrat-cultive-lentre-soi\/\"},\"author\":{\"name\":\"SNES FSU 53\",\"@id\":\"https:\/\/snes53.fr\/#\/schema\/person\/42a254727ba896c9c6e12c398c9a7fe1\"},\"headline\":\"En Mayenne, l\u2019enseignement priv\u00e9 sous-contrat cultive l\u2019entre-soi.\",\"datePublished\":\"2025-05-03T17:20:02+00:00\",\"mainEntityOfPage\":{\"@id\":\"https:\/\/snes53.fr\/index.php\/2025\/05\/03\/en-mayenne-lenseignement-prive-sous-contrat-cultive-lentre-soi\/\"},\"wordCount\":971,\"publisher\":{\"@id\":\"https:\/\/snes53.fr\/#organization\"},\"image\":{\"@id\":\"https:\/\/snes53.fr\/index.php\/2025\/05\/03\/en-mayenne-lenseignement-prive-sous-contrat-cultive-lentre-soi\/#primaryimage\"},\"thumbnailUrl\":\"https:\/\/snes53.fr\/wp-content\/uploads\/2025\/04\/Capture-decran-2025-04-30-213057.png\",\"articleSection\":[\"Actualit\u00e9s\"],\"inLanguage\":\"fr-FR\"},{\"@type\":\"WebPage\",\"@id\":\"https:\/\/snes53.fr\/index.php\/2025\/05\/03\/en-mayenne-lenseignement-prive-sous-contrat-cultive-lentre-soi\/\",\"url\":\"https:\/\/snes53.fr\/index.php\/2025\/05\/03\/en-mayenne-lenseignement-prive-sous-contrat-cultive-lentre-soi\/\",\"name\":\"En Mayenne, l\u2019enseignement priv\u00e9 sous-contrat cultive l\u2019entre-soi. - SNES-FSU 53 - 1er syndicat du second degr\u00e9 de la Mayenne\",\"isPartOf\":{\"@id\":\"https:\/\/snes53.fr\/#website\"},\"primaryImageOfPage\":{\"@id\":\"https:\/\/snes53.fr\/index.php\/2025\/05\/03\/en-mayenne-lenseignement-prive-sous-contrat-cultive-lentre-soi\/#primaryimage\"},\"image\":{\"@id\":\"https:\/\/snes53.fr\/index.php\/2025\/05\/03\/en-mayenne-lenseignement-prive-sous-contrat-cultive-lentre-soi\/#primaryimage\"},\"thumbnailUrl\":\"https:\/\/snes53.fr\/wp-content\/uploads\/2025\/04\/Capture-decran-2025-04-30-213057.png\",\"datePublished\":\"2025-05-03T17:20:02+00:00\",\"breadcrumb\":{\"@id\":\"https:\/\/snes53.fr\/index.php\/2025\/05\/03\/en-mayenne-lenseignement-prive-sous-contrat-cultive-lentre-soi\/#breadcrumb\"},\"inLanguage\":\"fr-FR\",\"potentialAction\":[{\"@type\":\"ReadAction\",\"target\":[\"https:\/\/snes53.fr\/index.php\/2025\/05\/03\/en-mayenne-lenseignement-prive-sous-contrat-cultive-lentre-soi\/\"]}]},{\"@type\":\"ImageObject\",\"inLanguage\":\"fr-FR\",\"@id\":\"https:\/\/snes53.fr\/index.php\/2025\/05\/03\/en-mayenne-lenseignement-prive-sous-contrat-cultive-lentre-soi\/#primaryimage\",\"url\":\"https:\/\/snes53.fr\/wp-content\/uploads\/2025\/04\/Capture-decran-2025-04-30-213057.png\",\"contentUrl\":\"https:\/\/snes53.fr\/wp-content\/uploads\/2025\/04\/Capture-decran-2025-04-30-213057.png\",\"width\":927,\"height\":523},{\"@type\":\"BreadcrumbList\",\"@id\":\"https:\/\/snes53.fr\/index.php\/2025\/05\/03\/en-mayenne-lenseignement-prive-sous-contrat-cultive-lentre-soi\/#breadcrumb\",\"itemListElement\":[{\"@type\":\"ListItem\",\"position\":1,\"name\":\"Accueil\",\"item\":\"https:\/\/snes53.fr\/\"},{\"@type\":\"ListItem\",\"position\":2,\"name\":\"En Mayenne, l\u2019enseignement priv\u00e9 sous-contrat cultive l\u2019entre-soi.\"}]},{\"@type\":\"WebSite\",\"@id\":\"https:\/\/snes53.fr\/#website\",\"url\":\"https:\/\/snes53.fr\/\",\"name\":\"SNES-FSU 53\",\"description\":\"\",\"publisher\":{\"@id\":\"https:\/\/snes53.fr\/#organization\"},\"potentialAction\":[{\"@type\":\"SearchAction\",\"target\":{\"@type\":\"EntryPoint\",\"urlTemplate\":\"https:\/\/snes53.fr\/?s={search_term_string}\"},\"query-input\":{\"@type\":\"PropertyValueSpecification\",\"valueRequired\":true,\"valueName\":\"search_term_string\"}}],\"inLanguage\":\"fr-FR\"},{\"@type\":\"Organization\",\"@id\":\"https:\/\/snes53.fr\/#organization\",\"name\":\"SNES-FSU 53\",\"url\":\"https:\/\/snes53.fr\/\",\"logo\":{\"@type\":\"ImageObject\",\"inLanguage\":\"fr-FR\",\"@id\":\"https:\/\/snes53.fr\/#\/schema\/logo\/image\/\",\"url\":\"https:\/\/snes53.fr\/wp-content\/uploads\/2024\/07\/cropped-logo-snes-53-v2-3.png\",\"contentUrl\":\"https:\/\/snes53.fr\/wp-content\/uploads\/2024\/07\/cropped-logo-snes-53-v2-3.png\",\"width\":944,\"height\":831,\"caption\":\"SNES-FSU 53\"},\"image\":{\"@id\":\"https:\/\/snes53.fr\/#\/schema\/logo\/image\/\"}},{\"@type\":\"Person\",\"@id\":\"https:\/\/snes53.fr\/#\/schema\/person\/42a254727ba896c9c6e12c398c9a7fe1\",\"name\":\"SNES FSU 53\",\"image\":{\"@type\":\"ImageObject\",\"inLanguage\":\"fr-FR\",\"@id\":\"https:\/\/snes53.fr\/#\/schema\/person\/image\/\",\"url\":\"https:\/\/secure.gravatar.com\/avatar\/f07ff49cdac1b172208417959738d5d1fce2e5ff8a35952ea50e41b0f5cbf932?s=96&d=mm&r=g\",\"contentUrl\":\"https:\/\/secure.gravatar.com\/avatar\/f07ff49cdac1b172208417959738d5d1fce2e5ff8a35952ea50e41b0f5cbf932?s=96&d=mm&r=g\",\"caption\":\"SNES FSU 53\"},\"sameAs\":[\"http:\/\/snes53.fr\"],\"url\":\"https:\/\/snes53.fr\/index.php\/author\/admin9881\/\"}]}<\/script>\n<!-- \/ Yoast SEO plugin. -->","yoast_head_json":{"title":"En Mayenne, l\u2019enseignement priv\u00e9 sous-contrat cultive l\u2019entre-soi. - SNES-FSU 53 - 1er syndicat du second degr\u00e9 de la Mayenne","robots":{"index":"index","follow":"follow","max-snippet":"max-snippet:-1","max-image-preview":"max-image-preview:large","max-video-preview":"max-video-preview:-1"},"canonical":"https:\/\/snes53.fr\/index.php\/2025\/05\/03\/en-mayenne-lenseignement-prive-sous-contrat-cultive-lentre-soi\/","og_locale":"fr_FR","og_type":"article","og_title":"En Mayenne, l\u2019enseignement priv\u00e9 sous-contrat cultive l\u2019entre-soi. - SNES-FSU 53 - 1er syndicat du second degr\u00e9 de la Mayenne","og_description":"La Mayenne est historiquement une terre o\u00f9 l\u2019enseignement priv\u00e9 et principalement confessionnel catholique est fort. Il repr\u00e9sente actuellement 40% des \u00e9l\u00e8ves scolaris\u00e9s tous niveaux confondus et son maillage couvre l\u2019ensemble du territoire. Si, \u00e0 une \u00e9poque, seule la conviction religieuse des parents pouvaient motiver le choix entre \u00e9cole publique et \u00e9cole priv\u00e9e, comme c\u2019est encore [&hellip;]","og_url":"https:\/\/snes53.fr\/index.php\/2025\/05\/03\/en-mayenne-lenseignement-prive-sous-contrat-cultive-lentre-soi\/","og_site_name":"SNES-FSU 53 - 1er syndicat du second degr\u00e9 de la Mayenne","article_published_time":"2025-05-03T17:20:02+00:00","og_image":[{"width":927,"height":523,"url":"https:\/\/snes53.fr\/wp-content\/uploads\/2025\/04\/Capture-decran-2025-04-30-213057.png","type":"image\/png"}],"author":"SNES FSU 53","twitter_card":"summary_large_image","twitter_misc":{"\u00c9crit par":"SNES FSU 53","Dur\u00e9e de lecture estim\u00e9e":"5 minutes"},"schema":{"@context":"https:\/\/schema.org","@graph":[{"@type":"Article","@id":"https:\/\/snes53.fr\/index.php\/2025\/05\/03\/en-mayenne-lenseignement-prive-sous-contrat-cultive-lentre-soi\/#article","isPartOf":{"@id":"https:\/\/snes53.fr\/index.php\/2025\/05\/03\/en-mayenne-lenseignement-prive-sous-contrat-cultive-lentre-soi\/"},"author":{"name":"SNES FSU 53","@id":"https:\/\/snes53.fr\/#\/schema\/person\/42a254727ba896c9c6e12c398c9a7fe1"},"headline":"En Mayenne, l\u2019enseignement priv\u00e9 sous-contrat cultive l\u2019entre-soi.","datePublished":"2025-05-03T17:20:02+00:00","mainEntityOfPage":{"@id":"https:\/\/snes53.fr\/index.php\/2025\/05\/03\/en-mayenne-lenseignement-prive-sous-contrat-cultive-lentre-soi\/"},"wordCount":971,"publisher":{"@id":"https:\/\/snes53.fr\/#organization"},"image":{"@id":"https:\/\/snes53.fr\/index.php\/2025\/05\/03\/en-mayenne-lenseignement-prive-sous-contrat-cultive-lentre-soi\/#primaryimage"},"thumbnailUrl":"https:\/\/snes53.fr\/wp-content\/uploads\/2025\/04\/Capture-decran-2025-04-30-213057.png","articleSection":["Actualit\u00e9s"],"inLanguage":"fr-FR"},{"@type":"WebPage","@id":"https:\/\/snes53.fr\/index.php\/2025\/05\/03\/en-mayenne-lenseignement-prive-sous-contrat-cultive-lentre-soi\/","url":"https:\/\/snes53.fr\/index.php\/2025\/05\/03\/en-mayenne-lenseignement-prive-sous-contrat-cultive-lentre-soi\/","name":"En Mayenne, l\u2019enseignement priv\u00e9 sous-contrat cultive l\u2019entre-soi. - SNES-FSU 53 - 1er syndicat du second degr\u00e9 de la Mayenne","isPartOf":{"@id":"https:\/\/snes53.fr\/#website"},"primaryImageOfPage":{"@id":"https:\/\/snes53.fr\/index.php\/2025\/05\/03\/en-mayenne-lenseignement-prive-sous-contrat-cultive-lentre-soi\/#primaryimage"},"image":{"@id":"https:\/\/snes53.fr\/index.php\/2025\/05\/03\/en-mayenne-lenseignement-prive-sous-contrat-cultive-lentre-soi\/#primaryimage"},"thumbnailUrl":"https:\/\/snes53.fr\/wp-content\/uploads\/2025\/04\/Capture-decran-2025-04-30-213057.png","datePublished":"2025-05-03T17:20:02+00:00","breadcrumb":{"@id":"https:\/\/snes53.fr\/index.php\/2025\/05\/03\/en-mayenne-lenseignement-prive-sous-contrat-cultive-lentre-soi\/#breadcrumb"},"inLanguage":"fr-FR","potentialAction":[{"@type":"ReadAction","target":["https:\/\/snes53.fr\/index.php\/2025\/05\/03\/en-mayenne-lenseignement-prive-sous-contrat-cultive-lentre-soi\/"]}]},{"@type":"ImageObject","inLanguage":"fr-FR","@id":"https:\/\/snes53.fr\/index.php\/2025\/05\/03\/en-mayenne-lenseignement-prive-sous-contrat-cultive-lentre-soi\/#primaryimage","url":"https:\/\/snes53.fr\/wp-content\/uploads\/2025\/04\/Capture-decran-2025-04-30-213057.png","contentUrl":"https:\/\/snes53.fr\/wp-content\/uploads\/2025\/04\/Capture-decran-2025-04-30-213057.png","width":927,"height":523},{"@type":"BreadcrumbList","@id":"https:\/\/snes53.fr\/index.php\/2025\/05\/03\/en-mayenne-lenseignement-prive-sous-contrat-cultive-lentre-soi\/#breadcrumb","itemListElement":[{"@type":"ListItem","position":1,"name":"Accueil","item":"https:\/\/snes53.fr\/"},{"@type":"ListItem","position":2,"name":"En Mayenne, l\u2019enseignement priv\u00e9 sous-contrat cultive l\u2019entre-soi."}]},{"@type":"WebSite","@id":"https:\/\/snes53.fr\/#website","url":"https:\/\/snes53.fr\/","name":"SNES-FSU 53","description":"","publisher":{"@id":"https:\/\/snes53.fr\/#organization"},"potentialAction":[{"@type":"SearchAction","target":{"@type":"EntryPoint","urlTemplate":"https:\/\/snes53.fr\/?s={search_term_string}"},"query-input":{"@type":"PropertyValueSpecification","valueRequired":true,"valueName":"search_term_string"}}],"inLanguage":"fr-FR"},{"@type":"Organization","@id":"https:\/\/snes53.fr\/#organization","name":"SNES-FSU 53","url":"https:\/\/snes53.fr\/","logo":{"@type":"ImageObject","inLanguage":"fr-FR","@id":"https:\/\/snes53.fr\/#\/schema\/logo\/image\/","url":"https:\/\/snes53.fr\/wp-content\/uploads\/2024\/07\/cropped-logo-snes-53-v2-3.png","contentUrl":"https:\/\/snes53.fr\/wp-content\/uploads\/2024\/07\/cropped-logo-snes-53-v2-3.png","width":944,"height":831,"caption":"SNES-FSU 53"},"image":{"@id":"https:\/\/snes53.fr\/#\/schema\/logo\/image\/"}},{"@type":"Person","@id":"https:\/\/snes53.fr\/#\/schema\/person\/42a254727ba896c9c6e12c398c9a7fe1","name":"SNES FSU 53","image":{"@type":"ImageObject","inLanguage":"fr-FR","@id":"https:\/\/snes53.fr\/#\/schema\/person\/image\/","url":"https:\/\/secure.gravatar.com\/avatar\/f07ff49cdac1b172208417959738d5d1fce2e5ff8a35952ea50e41b0f5cbf932?s=96&d=mm&r=g","contentUrl":"https:\/\/secure.gravatar.com\/avatar\/f07ff49cdac1b172208417959738d5d1fce2e5ff8a35952ea50e41b0f5cbf932?s=96&d=mm&r=g","caption":"SNES FSU 53"},"sameAs":["http:\/\/snes53.fr"],"url":"https:\/\/snes53.fr\/index.php\/author\/admin9881\/"}]}},"_links":{"self":[{"href":"https:\/\/snes53.fr\/index.php\/wp-json\/wp\/v2\/posts\/343","targetHints":{"allow":["GET"]}}],"collection":[{"href":"https:\/\/snes53.fr\/index.php\/wp-json\/wp\/v2\/posts"}],"about":[{"href":"https:\/\/snes53.fr\/index.php\/wp-json\/wp\/v2\/types\/post"}],"author":[{"embeddable":true,"href":"https:\/\/snes53.fr\/index.php\/wp-json\/wp\/v2\/users\/1"}],"replies":[{"embeddable":true,"href":"https:\/\/snes53.fr\/index.php\/wp-json\/wp\/v2\/comments?post=343"}],"version-history":[{"count":3,"href":"https:\/\/snes53.fr\/index.php\/wp-json\/wp\/v2\/posts\/343\/revisions"}],"predecessor-version":[{"id":350,"href":"https:\/\/snes53.fr\/index.php\/wp-json\/wp\/v2\/posts\/343\/revisions\/350"}],"wp:featuredmedia":[{"embeddable":true,"href":"https:\/\/snes53.fr\/index.php\/wp-json\/wp\/v2\/media\/344"}],"wp:attachment":[{"href":"https:\/\/snes53.fr\/index.php\/wp-json\/wp\/v2\/media?parent=343"}],"wp:term":[{"taxonomy":"category","embeddable":true,"href":"https:\/\/snes53.fr\/index.php\/wp-json\/wp\/v2\/categories?post=343"},{"taxonomy":"post_tag","embeddable":true,"href":"https:\/\/snes53.fr\/index.php\/wp-json\/wp\/v2\/tags?post=343"}],"curies":[{"name":"wp","href":"https:\/\/api.w.org\/{rel}","templated":true}]}}