{"id":340,"date":"2025-04-28T22:19:05","date_gmt":"2025-04-28T20:19:05","guid":{"rendered":"https:\/\/snes53.fr\/?p=340"},"modified":"2025-04-28T22:19:06","modified_gmt":"2025-04-28T20:19:06","slug":"interview-de-thomas-cabioch-co-secretaire-departemental-du-snes-fsu-53-a-ici-mayenne-sur-la-securisation-des-etablissements","status":"publish","type":"post","link":"https:\/\/snes53.fr\/index.php\/2025\/04\/28\/interview-de-thomas-cabioch-co-secretaire-departemental-du-snes-fsu-53-a-ici-mayenne-sur-la-securisation-des-etablissements\/","title":{"rendered":"Interview de Thomas Cabioch, co-secr\u00e9taire d\u00e9partemental du SNES-FSU 53, \u00e0 Ici Mayenne sur la s\u00e9curisation des \u00e9tablissements."},"content":{"rendered":"\n<p>Thomas Cabioch, co-secr\u00e9taire d\u00e9partemental du SNES-FSU 53, a \u00e9t\u00e9 invit\u00e9 par la radio Ici Mayenne, pour s&rsquo;exprimer sur la s\u00e9curisation des \u00e9tablissements scolaires, suite au dramatique \u00e9v\u00e8nement qui a eu lieu le jeudi 24 avril au lyc\u00e9e priv\u00e9 de Notre Dames de Toutes Aides \u00e0 Nantes. Cela a \u00e9t\u00e9 l&rsquo;occasion de rappeler les revendications du SNES-FSU sur le sujet : remettre des moyens humains dans les \u00e9coles (en m\u00e9dico-social, avec davantage d&rsquo;infirmier.e.s, de Psy EN, de m\u00e9decins scolaires, &#8230;), en baissant le nombre d&rsquo;\u00e9l\u00e8ves par classe, en rappelant les missions principales des AED, des CPE et des Perdir (qui ne sont pas des policiers) et en rappelant que les propos du gouvernement vis \u00e0 vis de l&rsquo;\u00e9cole et de la s\u00e9curit\u00e9 sont irr\u00e9alistes et am\u00e8nent \u00e0 une vision de l&rsquo;\u00e9cole pass\u00e9iste, in\u00e9galitaire et violente. <\/p>\n\n\n\n<p>Vous pouvez retrouver l&rsquo;interview ci-dessous (cr\u00e9dit : Ici Mayenne)<\/p>\n\n\n\n<figure class=\"wp-block-embed is-type-video is-provider-vimeo wp-block-embed-vimeo wp-embed-aspect-16-9 wp-has-aspect-ratio\"><div class=\"wp-block-embed__wrapper\">\n<iframe loading=\"lazy\" title=\"Interview SNES 53 28 04 2025\" src=\"https:\/\/player.vimeo.com\/video\/1079551053?dnt=1&amp;app_id=122963\" width=\"640\" height=\"360\" frameborder=\"0\" allow=\"autoplay; fullscreen; picture-in-picture; clipboard-write; encrypted-media\"><\/iframe>\n<\/div><\/figure>\n","protected":false},"excerpt":{"rendered":"<p>Thomas Cabioch, co-secr\u00e9taire d\u00e9partemental du SNES-FSU 53, a \u00e9t\u00e9 invit\u00e9 par la radio Ici Mayenne, pour s&rsquo;exprimer sur la s\u00e9curisation des \u00e9tablissements scolaires, suite au dramatique \u00e9v\u00e8nement qui a eu lieu le jeudi 24 avril au lyc\u00e9e priv\u00e9 de Notre Dames de Toutes Aides \u00e0 Nantes. Cela a \u00e9t\u00e9 l&rsquo;occasion de rappeler les revendications du [&hellip;]<\/p>\n","protected":false},"author":1,"featured_media":341,"comment_status":"closed","ping_status":"open","sticky":false,"template":"","format":"standard","meta":{"footnotes":""},"categories":[5],"tags":[],"class_list":["post-340","post","type-post","status-publish","format-standard","has-post-thumbnail","hentry","category-actualites"],"yoast_head":"<!-- This site is optimized with the Yoast SEO plugin v25.3.1 - https:\/\/yoast.com\/wordpress\/plugins\/seo\/ -->\n<title>Interview de Thomas Cabioch, co-secr\u00e9taire d\u00e9partemental du SNES-FSU 53, \u00e0 Ici Mayenne sur la s\u00e9curisation des \u00e9tablissements. - SNES-FSU 53 - 1er syndicat du second degr\u00e9 de la Mayenne<\/title>\n<meta name=\"robots\" content=\"index, follow, max-snippet:-1, max-image-preview:large, max-video-preview:-1\" \/>\n<link rel=\"canonical\" href=\"https:\/\/snes53.fr\/index.php\/2025\/04\/28\/interview-de-thomas-cabioch-co-secretaire-departemental-du-snes-fsu-53-a-ici-mayenne-sur-la-securisation-des-etablissements\/\" \/>\n<meta property=\"og:locale\" content=\"fr_FR\" \/>\n<meta property=\"og:type\" content=\"article\" \/>\n<meta property=\"og:title\" content=\"Interview de Thomas Cabioch, co-secr\u00e9taire d\u00e9partemental du SNES-FSU 53, \u00e0 Ici Mayenne sur la s\u00e9curisation des \u00e9tablissements. - SNES-FSU 53 - 1er syndicat du second degr\u00e9 de la Mayenne\" \/>\n<meta property=\"og:description\" content=\"Thomas Cabioch, co-secr\u00e9taire d\u00e9partemental du SNES-FSU 53, a \u00e9t\u00e9 invit\u00e9 par la radio Ici Mayenne, pour s&rsquo;exprimer sur la s\u00e9curisation des \u00e9tablissements scolaires, suite au dramatique \u00e9v\u00e8nement qui a eu lieu le jeudi 24 avril au lyc\u00e9e priv\u00e9 de Notre Dames de Toutes Aides \u00e0 Nantes. Cela a \u00e9t\u00e9 l&rsquo;occasion de rappeler les revendications du [&hellip;]\" \/>\n<meta property=\"og:url\" content=\"https:\/\/snes53.fr\/index.php\/2025\/04\/28\/interview-de-thomas-cabioch-co-secretaire-departemental-du-snes-fsu-53-a-ici-mayenne-sur-la-securisation-des-etablissements\/\" \/>\n<meta property=\"og:site_name\" content=\"SNES-FSU 53 - 1er syndicat du second degr\u00e9 de la Mayenne\" \/>\n<meta property=\"article:published_time\" content=\"2025-04-28T20:19:05+00:00\" \/>\n<meta property=\"article:modified_time\" content=\"2025-04-28T20:19:06+00:00\" \/>\n<meta property=\"og:image\" content=\"https:\/\/snes53.fr\/wp-content\/uploads\/2025\/04\/400x400_sc_l-invite-ici-mayene-carre-3000x3000-1.jpg\" \/>\n\t<meta property=\"og:image:width\" content=\"400\" \/>\n\t<meta property=\"og:image:height\" content=\"400\" \/>\n\t<meta property=\"og:image:type\" content=\"image\/jpeg\" \/>\n<meta name=\"author\" content=\"SNES FSU 53\" \/>\n<meta name=\"twitter:card\" content=\"summary_large_image\" \/>\n<meta name=\"twitter:label1\" content=\"\u00c9crit par\" \/>\n\t<meta name=\"twitter:data1\" content=\"SNES FSU 53\" \/>\n\t<meta name=\"twitter:label2\" content=\"Dur\u00e9e de lecture estim\u00e9e\" \/>\n\t<meta name=\"twitter:data2\" content=\"1 minute\" \/>\n<script type=\"application\/ld+json\" class=\"yoast-schema-graph\">{\"@context\":\"https:\/\/schema.org\",\"@graph\":[{\"@type\":\"Article\",\"@id\":\"https:\/\/snes53.fr\/index.php\/2025\/04\/28\/interview-de-thomas-cabioch-co-secretaire-departemental-du-snes-fsu-53-a-ici-mayenne-sur-la-securisation-des-etablissements\/#article\",\"isPartOf\":{\"@id\":\"https:\/\/snes53.fr\/index.php\/2025\/04\/28\/interview-de-thomas-cabioch-co-secretaire-departemental-du-snes-fsu-53-a-ici-mayenne-sur-la-securisation-des-etablissements\/\"},\"author\":{\"name\":\"SNES FSU 53\",\"@id\":\"https:\/\/snes53.fr\/#\/schema\/person\/42a254727ba896c9c6e12c398c9a7fe1\"},\"headline\":\"Interview de Thomas Cabioch, co-secr\u00e9taire d\u00e9partemental du SNES-FSU 53, \u00e0 Ici Mayenne sur la s\u00e9curisation des \u00e9tablissements.\",\"datePublished\":\"2025-04-28T20:19:05+00:00\",\"dateModified\":\"2025-04-28T20:19:06+00:00\",\"mainEntityOfPage\":{\"@id\":\"https:\/\/snes53.fr\/index.php\/2025\/04\/28\/interview-de-thomas-cabioch-co-secretaire-departemental-du-snes-fsu-53-a-ici-mayenne-sur-la-securisation-des-etablissements\/\"},\"wordCount\":179,\"publisher\":{\"@id\":\"https:\/\/snes53.fr\/#organization\"},\"image\":{\"@id\":\"https:\/\/snes53.fr\/index.php\/2025\/04\/28\/interview-de-thomas-cabioch-co-secretaire-departemental-du-snes-fsu-53-a-ici-mayenne-sur-la-securisation-des-etablissements\/#primaryimage\"},\"thumbnailUrl\":\"https:\/\/snes53.fr\/wp-content\/uploads\/2025\/04\/400x400_sc_l-invite-ici-mayene-carre-3000x3000-1.jpg\",\"articleSection\":[\"Actualit\u00e9s\"],\"inLanguage\":\"fr-FR\"},{\"@type\":\"WebPage\",\"@id\":\"https:\/\/snes53.fr\/index.php\/2025\/04\/28\/interview-de-thomas-cabioch-co-secretaire-departemental-du-snes-fsu-53-a-ici-mayenne-sur-la-securisation-des-etablissements\/\",\"url\":\"https:\/\/snes53.fr\/index.php\/2025\/04\/28\/interview-de-thomas-cabioch-co-secretaire-departemental-du-snes-fsu-53-a-ici-mayenne-sur-la-securisation-des-etablissements\/\",\"name\":\"Interview de Thomas Cabioch, co-secr\u00e9taire d\u00e9partemental du SNES-FSU 53, \u00e0 Ici Mayenne sur la s\u00e9curisation des \u00e9tablissements. - SNES-FSU 53 - 1er syndicat du second degr\u00e9 de la Mayenne\",\"isPartOf\":{\"@id\":\"https:\/\/snes53.fr\/#website\"},\"primaryImageOfPage\":{\"@id\":\"https:\/\/snes53.fr\/index.php\/2025\/04\/28\/interview-de-thomas-cabioch-co-secretaire-departemental-du-snes-fsu-53-a-ici-mayenne-sur-la-securisation-des-etablissements\/#primaryimage\"},\"image\":{\"@id\":\"https:\/\/snes53.fr\/index.php\/2025\/04\/28\/interview-de-thomas-cabioch-co-secretaire-departemental-du-snes-fsu-53-a-ici-mayenne-sur-la-securisation-des-etablissements\/#primaryimage\"},\"thumbnailUrl\":\"https:\/\/snes53.fr\/wp-content\/uploads\/2025\/04\/400x400_sc_l-invite-ici-mayene-carre-3000x3000-1.jpg\",\"datePublished\":\"2025-04-28T20:19:05+00:00\",\"dateModified\":\"2025-04-28T20:19:06+00:00\",\"breadcrumb\":{\"@id\":\"https:\/\/snes53.fr\/index.php\/2025\/04\/28\/interview-de-thomas-cabioch-co-secretaire-departemental-du-snes-fsu-53-a-ici-mayenne-sur-la-securisation-des-etablissements\/#breadcrumb\"},\"inLanguage\":\"fr-FR\",\"potentialAction\":[{\"@type\":\"ReadAction\",\"target\":[\"https:\/\/snes53.fr\/index.php\/2025\/04\/28\/interview-de-thomas-cabioch-co-secretaire-departemental-du-snes-fsu-53-a-ici-mayenne-sur-la-securisation-des-etablissements\/\"]}]},{\"@type\":\"ImageObject\",\"inLanguage\":\"fr-FR\",\"@id\":\"https:\/\/snes53.fr\/index.php\/2025\/04\/28\/interview-de-thomas-cabioch-co-secretaire-departemental-du-snes-fsu-53-a-ici-mayenne-sur-la-securisation-des-etablissements\/#primaryimage\",\"url\":\"https:\/\/snes53.fr\/wp-content\/uploads\/2025\/04\/400x400_sc_l-invite-ici-mayene-carre-3000x3000-1.jpg\",\"contentUrl\":\"https:\/\/snes53.fr\/wp-content\/uploads\/2025\/04\/400x400_sc_l-invite-ici-mayene-carre-3000x3000-1.jpg\",\"width\":400,\"height\":400},{\"@type\":\"BreadcrumbList\",\"@id\":\"https:\/\/snes53.fr\/index.php\/2025\/04\/28\/interview-de-thomas-cabioch-co-secretaire-departemental-du-snes-fsu-53-a-ici-mayenne-sur-la-securisation-des-etablissements\/#breadcrumb\",\"itemListElement\":[{\"@type\":\"ListItem\",\"position\":1,\"name\":\"Accueil\",\"item\":\"https:\/\/snes53.fr\/\"},{\"@type\":\"ListItem\",\"position\":2,\"name\":\"Interview de Thomas Cabioch, co-secr\u00e9taire d\u00e9partemental du SNES-FSU 53, \u00e0 Ici Mayenne sur la s\u00e9curisation des \u00e9tablissements.\"}]},{\"@type\":\"WebSite\",\"@id\":\"https:\/\/snes53.fr\/#website\",\"url\":\"https:\/\/snes53.fr\/\",\"name\":\"SNES-FSU 53\",\"description\":\"\",\"publisher\":{\"@id\":\"https:\/\/snes53.fr\/#organization\"},\"potentialAction\":[{\"@type\":\"SearchAction\",\"target\":{\"@type\":\"EntryPoint\",\"urlTemplate\":\"https:\/\/snes53.fr\/?s={search_term_string}\"},\"query-input\":{\"@type\":\"PropertyValueSpecification\",\"valueRequired\":true,\"valueName\":\"search_term_string\"}}],\"inLanguage\":\"fr-FR\"},{\"@type\":\"Organization\",\"@id\":\"https:\/\/snes53.fr\/#organization\",\"name\":\"SNES-FSU 53\",\"url\":\"https:\/\/snes53.fr\/\",\"logo\":{\"@type\":\"ImageObject\",\"inLanguage\":\"fr-FR\",\"@id\":\"https:\/\/snes53.fr\/#\/schema\/logo\/image\/\",\"url\":\"https:\/\/snes53.fr\/wp-content\/uploads\/2024\/07\/cropped-logo-snes-53-v2-3.png\",\"contentUrl\":\"https:\/\/snes53.fr\/wp-content\/uploads\/2024\/07\/cropped-logo-snes-53-v2-3.png\",\"width\":944,\"height\":831,\"caption\":\"SNES-FSU 53\"},\"image\":{\"@id\":\"https:\/\/snes53.fr\/#\/schema\/logo\/image\/\"}},{\"@type\":\"Person\",\"@id\":\"https:\/\/snes53.fr\/#\/schema\/person\/42a254727ba896c9c6e12c398c9a7fe1\",\"name\":\"SNES FSU 53\",\"image\":{\"@type\":\"ImageObject\",\"inLanguage\":\"fr-FR\",\"@id\":\"https:\/\/snes53.fr\/#\/schema\/person\/image\/\",\"url\":\"https:\/\/secure.gravatar.com\/avatar\/f07ff49cdac1b172208417959738d5d1fce2e5ff8a35952ea50e41b0f5cbf932?s=96&d=mm&r=g\",\"contentUrl\":\"https:\/\/secure.gravatar.com\/avatar\/f07ff49cdac1b172208417959738d5d1fce2e5ff8a35952ea50e41b0f5cbf932?s=96&d=mm&r=g\",\"caption\":\"SNES FSU 53\"},\"sameAs\":[\"http:\/\/snes53.fr\"],\"url\":\"https:\/\/snes53.fr\/index.php\/author\/admin9881\/\"}]}<\/script>\n<!-- \/ Yoast SEO plugin. -->","yoast_head_json":{"title":"Interview de Thomas Cabioch, co-secr\u00e9taire d\u00e9partemental du SNES-FSU 53, \u00e0 Ici Mayenne sur la s\u00e9curisation des \u00e9tablissements. - SNES-FSU 53 - 1er syndicat du second degr\u00e9 de la Mayenne","robots":{"index":"index","follow":"follow","max-snippet":"max-snippet:-1","max-image-preview":"max-image-preview:large","max-video-preview":"max-video-preview:-1"},"canonical":"https:\/\/snes53.fr\/index.php\/2025\/04\/28\/interview-de-thomas-cabioch-co-secretaire-departemental-du-snes-fsu-53-a-ici-mayenne-sur-la-securisation-des-etablissements\/","og_locale":"fr_FR","og_type":"article","og_title":"Interview de Thomas Cabioch, co-secr\u00e9taire d\u00e9partemental du SNES-FSU 53, \u00e0 Ici Mayenne sur la s\u00e9curisation des \u00e9tablissements. - SNES-FSU 53 - 1er syndicat du second degr\u00e9 de la Mayenne","og_description":"Thomas Cabioch, co-secr\u00e9taire d\u00e9partemental du SNES-FSU 53, a \u00e9t\u00e9 invit\u00e9 par la radio Ici Mayenne, pour s&rsquo;exprimer sur la s\u00e9curisation des \u00e9tablissements scolaires, suite au dramatique \u00e9v\u00e8nement qui a eu lieu le jeudi 24 avril au lyc\u00e9e priv\u00e9 de Notre Dames de Toutes Aides \u00e0 Nantes. Cela a \u00e9t\u00e9 l&rsquo;occasion de rappeler les revendications du [&hellip;]","og_url":"https:\/\/snes53.fr\/index.php\/2025\/04\/28\/interview-de-thomas-cabioch-co-secretaire-departemental-du-snes-fsu-53-a-ici-mayenne-sur-la-securisation-des-etablissements\/","og_site_name":"SNES-FSU 53 - 1er syndicat du second degr\u00e9 de la Mayenne","article_published_time":"2025-04-28T20:19:05+00:00","article_modified_time":"2025-04-28T20:19:06+00:00","og_image":[{"width":400,"height":400,"url":"https:\/\/snes53.fr\/wp-content\/uploads\/2025\/04\/400x400_sc_l-invite-ici-mayene-carre-3000x3000-1.jpg","type":"image\/jpeg"}],"author":"SNES FSU 53","twitter_card":"summary_large_image","twitter_misc":{"\u00c9crit par":"SNES FSU 53","Dur\u00e9e de lecture estim\u00e9e":"1 minute"},"schema":{"@context":"https:\/\/schema.org","@graph":[{"@type":"Article","@id":"https:\/\/snes53.fr\/index.php\/2025\/04\/28\/interview-de-thomas-cabioch-co-secretaire-departemental-du-snes-fsu-53-a-ici-mayenne-sur-la-securisation-des-etablissements\/#article","isPartOf":{"@id":"https:\/\/snes53.fr\/index.php\/2025\/04\/28\/interview-de-thomas-cabioch-co-secretaire-departemental-du-snes-fsu-53-a-ici-mayenne-sur-la-securisation-des-etablissements\/"},"author":{"name":"SNES FSU 53","@id":"https:\/\/snes53.fr\/#\/schema\/person\/42a254727ba896c9c6e12c398c9a7fe1"},"headline":"Interview de Thomas Cabioch, co-secr\u00e9taire d\u00e9partemental du SNES-FSU 53, \u00e0 Ici Mayenne sur la s\u00e9curisation des \u00e9tablissements.","datePublished":"2025-04-28T20:19:05+00:00","dateModified":"2025-04-28T20:19:06+00:00","mainEntityOfPage":{"@id":"https:\/\/snes53.fr\/index.php\/2025\/04\/28\/interview-de-thomas-cabioch-co-secretaire-departemental-du-snes-fsu-53-a-ici-mayenne-sur-la-securisation-des-etablissements\/"},"wordCount":179,"publisher":{"@id":"https:\/\/snes53.fr\/#organization"},"image":{"@id":"https:\/\/snes53.fr\/index.php\/2025\/04\/28\/interview-de-thomas-cabioch-co-secretaire-departemental-du-snes-fsu-53-a-ici-mayenne-sur-la-securisation-des-etablissements\/#primaryimage"},"thumbnailUrl":"https:\/\/snes53.fr\/wp-content\/uploads\/2025\/04\/400x400_sc_l-invite-ici-mayene-carre-3000x3000-1.jpg","articleSection":["Actualit\u00e9s"],"inLanguage":"fr-FR"},{"@type":"WebPage","@id":"https:\/\/snes53.fr\/index.php\/2025\/04\/28\/interview-de-thomas-cabioch-co-secretaire-departemental-du-snes-fsu-53-a-ici-mayenne-sur-la-securisation-des-etablissements\/","url":"https:\/\/snes53.fr\/index.php\/2025\/04\/28\/interview-de-thomas-cabioch-co-secretaire-departemental-du-snes-fsu-53-a-ici-mayenne-sur-la-securisation-des-etablissements\/","name":"Interview de Thomas Cabioch, co-secr\u00e9taire d\u00e9partemental du SNES-FSU 53, \u00e0 Ici Mayenne sur la s\u00e9curisation des \u00e9tablissements. - SNES-FSU 53 - 1er syndicat du second degr\u00e9 de la Mayenne","isPartOf":{"@id":"https:\/\/snes53.fr\/#website"},"primaryImageOfPage":{"@id":"https:\/\/snes53.fr\/index.php\/2025\/04\/28\/interview-de-thomas-cabioch-co-secretaire-departemental-du-snes-fsu-53-a-ici-mayenne-sur-la-securisation-des-etablissements\/#primaryimage"},"image":{"@id":"https:\/\/snes53.fr\/index.php\/2025\/04\/28\/interview-de-thomas-cabioch-co-secretaire-departemental-du-snes-fsu-53-a-ici-mayenne-sur-la-securisation-des-etablissements\/#primaryimage"},"thumbnailUrl":"https:\/\/snes53.fr\/wp-content\/uploads\/2025\/04\/400x400_sc_l-invite-ici-mayene-carre-3000x3000-1.jpg","datePublished":"2025-04-28T20:19:05+00:00","dateModified":"2025-04-28T20:19:06+00:00","breadcrumb":{"@id":"https:\/\/snes53.fr\/index.php\/2025\/04\/28\/interview-de-thomas-cabioch-co-secretaire-departemental-du-snes-fsu-53-a-ici-mayenne-sur-la-securisation-des-etablissements\/#breadcrumb"},"inLanguage":"fr-FR","potentialAction":[{"@type":"ReadAction","target":["https:\/\/snes53.fr\/index.php\/2025\/04\/28\/interview-de-thomas-cabioch-co-secretaire-departemental-du-snes-fsu-53-a-ici-mayenne-sur-la-securisation-des-etablissements\/"]}]},{"@type":"ImageObject","inLanguage":"fr-FR","@id":"https:\/\/snes53.fr\/index.php\/2025\/04\/28\/interview-de-thomas-cabioch-co-secretaire-departemental-du-snes-fsu-53-a-ici-mayenne-sur-la-securisation-des-etablissements\/#primaryimage","url":"https:\/\/snes53.fr\/wp-content\/uploads\/2025\/04\/400x400_sc_l-invite-ici-mayene-carre-3000x3000-1.jpg","contentUrl":"https:\/\/snes53.fr\/wp-content\/uploads\/2025\/04\/400x400_sc_l-invite-ici-mayene-carre-3000x3000-1.jpg","width":400,"height":400},{"@type":"BreadcrumbList","@id":"https:\/\/snes53.fr\/index.php\/2025\/04\/28\/interview-de-thomas-cabioch-co-secretaire-departemental-du-snes-fsu-53-a-ici-mayenne-sur-la-securisation-des-etablissements\/#breadcrumb","itemListElement":[{"@type":"ListItem","position":1,"name":"Accueil","item":"https:\/\/snes53.fr\/"},{"@type":"ListItem","position":2,"name":"Interview de Thomas Cabioch, co-secr\u00e9taire d\u00e9partemental du SNES-FSU 53, \u00e0 Ici Mayenne sur la s\u00e9curisation des \u00e9tablissements."}]},{"@type":"WebSite","@id":"https:\/\/snes53.fr\/#website","url":"https:\/\/snes53.fr\/","name":"SNES-FSU 53","description":"","publisher":{"@id":"https:\/\/snes53.fr\/#organization"},"potentialAction":[{"@type":"SearchAction","target":{"@type":"EntryPoint","urlTemplate":"https:\/\/snes53.fr\/?s={search_term_string}"},"query-input":{"@type":"PropertyValueSpecification","valueRequired":true,"valueName":"search_term_string"}}],"inLanguage":"fr-FR"},{"@type":"Organization","@id":"https:\/\/snes53.fr\/#organization","name":"SNES-FSU 53","url":"https:\/\/snes53.fr\/","logo":{"@type":"ImageObject","inLanguage":"fr-FR","@id":"https:\/\/snes53.fr\/#\/schema\/logo\/image\/","url":"https:\/\/snes53.fr\/wp-content\/uploads\/2024\/07\/cropped-logo-snes-53-v2-3.png","contentUrl":"https:\/\/snes53.fr\/wp-content\/uploads\/2024\/07\/cropped-logo-snes-53-v2-3.png","width":944,"height":831,"caption":"SNES-FSU 53"},"image":{"@id":"https:\/\/snes53.fr\/#\/schema\/logo\/image\/"}},{"@type":"Person","@id":"https:\/\/snes53.fr\/#\/schema\/person\/42a254727ba896c9c6e12c398c9a7fe1","name":"SNES FSU 53","image":{"@type":"ImageObject","inLanguage":"fr-FR","@id":"https:\/\/snes53.fr\/#\/schema\/person\/image\/","url":"https:\/\/secure.gravatar.com\/avatar\/f07ff49cdac1b172208417959738d5d1fce2e5ff8a35952ea50e41b0f5cbf932?s=96&d=mm&r=g","contentUrl":"https:\/\/secure.gravatar.com\/avatar\/f07ff49cdac1b172208417959738d5d1fce2e5ff8a35952ea50e41b0f5cbf932?s=96&d=mm&r=g","caption":"SNES FSU 53"},"sameAs":["http:\/\/snes53.fr"],"url":"https:\/\/snes53.fr\/index.php\/author\/admin9881\/"}]}},"_links":{"self":[{"href":"https:\/\/snes53.fr\/index.php\/wp-json\/wp\/v2\/posts\/340","targetHints":{"allow":["GET"]}}],"collection":[{"href":"https:\/\/snes53.fr\/index.php\/wp-json\/wp\/v2\/posts"}],"about":[{"href":"https:\/\/snes53.fr\/index.php\/wp-json\/wp\/v2\/types\/post"}],"author":[{"embeddable":true,"href":"https:\/\/snes53.fr\/index.php\/wp-json\/wp\/v2\/users\/1"}],"replies":[{"embeddable":true,"href":"https:\/\/snes53.fr\/index.php\/wp-json\/wp\/v2\/comments?post=340"}],"version-history":[{"count":1,"href":"https:\/\/snes53.fr\/index.php\/wp-json\/wp\/v2\/posts\/340\/revisions"}],"predecessor-version":[{"id":342,"href":"https:\/\/snes53.fr\/index.php\/wp-json\/wp\/v2\/posts\/340\/revisions\/342"}],"wp:featuredmedia":[{"embeddable":true,"href":"https:\/\/snes53.fr\/index.php\/wp-json\/wp\/v2\/media\/341"}],"wp:attachment":[{"href":"https:\/\/snes53.fr\/index.php\/wp-json\/wp\/v2\/media?parent=340"}],"wp:term":[{"taxonomy":"category","embeddable":true,"href":"https:\/\/snes53.fr\/index.php\/wp-json\/wp\/v2\/categories?post=340"},{"taxonomy":"post_tag","embeddable":true,"href":"https:\/\/snes53.fr\/index.php\/wp-json\/wp\/v2\/tags?post=340"}],"curies":[{"name":"wp","href":"https:\/\/api.w.org\/{rel}","templated":true}]}}