{"id":323,"date":"2025-04-19T14:52:01","date_gmt":"2025-04-19T12:52:01","guid":{"rendered":"https:\/\/snes53.fr\/?p=323"},"modified":"2025-04-22T20:41:24","modified_gmt":"2025-04-22T18:41:24","slug":"le-1er-mai-a-laval-pour-lutter-pour-la-paix-les-libertes-et-contre-lextreme-droite","status":"publish","type":"post","link":"https:\/\/snes53.fr\/index.php\/2025\/04\/19\/le-1er-mai-a-laval-pour-lutter-pour-la-paix-les-libertes-et-contre-lextreme-droite\/","title":{"rendered":"Le 1er mai \u00e0 Laval pour lutter pour la paix, les libert\u00e9s et contre l&rsquo;extr\u00eame-droite !"},"content":{"rendered":"\n<p>Jeudi 1er mai, un rassemblement aura lieu \u00e0 l&rsquo;initiative de la FSU, de la CGT, de Sud-Solidaires, ainsi que des associations \u00e9tudiantes la FAGE, l&rsquo;Union \u00e9tudiante et l&rsquo;USL. <\/p>\n\n\n\n<p>Comme chaque ann\u00e9e, le 1er mai est traditionnellement la f\u00eate internationale du travail. Cette ann\u00e9e, il prend une autre tournure avec la mont\u00e9e de plus en plus forte des r\u00e9gimes autoritaires dans le monde. Ce 1er mai est donc aussi synonyme de lutte pour nos droits, nos libert\u00e9s, la d\u00e9fense de notre d\u00e9mocratie. <\/p>\n\n\n\n<p class=\"has-white-color has-vivid-red-background-color has-text-color has-background has-link-color wp-elements-1095459e1f565da9d4b7c1b8a9a4c04f\"><strong>Le rassemblement aura lieu le 1er mai prochain, \u00e0 partir de 10h30, sur le parvis des Droits de l&rsquo;Homme \u00e0 Laval. <\/strong><\/p>\n\n\n\n<p>Soyez toutes et tous nombreux.ses pour d\u00e9fendre nos libert\u00e9s, nos valeurs d\u00e9mocratiques, en ce 1er mai !<\/p>\n\n\n\n<div data-wp-interactive=\"core\/file\" class=\"wp-block-file\"><object data-wp-bind--hidden=\"!state.hasPdfPreview\" hidden class=\"wp-block-file__embed\" data=\"https:\/\/snes53.fr\/wp-content\/uploads\/2025\/04\/2025-04-11_1er-mai-Intersyndicale-et-jeunesse-2025.pdf\" type=\"application\/pdf\" style=\"width:100%;height:600px\" aria-label=\"Contenu embarqu\u00e9 2025 04 11_1er mai Intersyndicale et jeunesse 2025.\"><\/object><a id=\"wp-block-file--media-955f63c0-080c-48ea-9b23-c0b5b86ecf44\" href=\"https:\/\/snes53.fr\/wp-content\/uploads\/2025\/04\/2025-04-11_1er-mai-Intersyndicale-et-jeunesse-2025.pdf\">2025 04 11_1er mai Intersyndicale et jeunesse 2025<\/a><a href=\"https:\/\/snes53.fr\/wp-content\/uploads\/2025\/04\/2025-04-11_1er-mai-Intersyndicale-et-jeunesse-2025.pdf\" class=\"wp-block-file__button wp-element-button\" download aria-describedby=\"wp-block-file--media-955f63c0-080c-48ea-9b23-c0b5b86ecf44\">T\u00e9l\u00e9charger<\/a><\/div>\n","protected":false},"excerpt":{"rendered":"<p>Jeudi 1er mai, un rassemblement aura lieu \u00e0 l&rsquo;initiative de la FSU, de la CGT, de Sud-Solidaires, ainsi que des associations \u00e9tudiantes la FAGE, l&rsquo;Union \u00e9tudiante et l&rsquo;USL. Comme chaque ann\u00e9e, le 1er mai est traditionnellement la f\u00eate internationale du travail. Cette ann\u00e9e, il prend une autre tournure avec la mont\u00e9e de plus en plus [&hellip;]<\/p>\n","protected":false},"author":1,"featured_media":324,"comment_status":"closed","ping_status":"open","sticky":false,"template":"","format":"standard","meta":{"footnotes":""},"categories":[5],"tags":[],"class_list":["post-323","post","type-post","status-publish","format-standard","has-post-thumbnail","hentry","category-actualites"],"yoast_head":"<!-- This site is optimized with the Yoast SEO plugin v25.3.1 - https:\/\/yoast.com\/wordpress\/plugins\/seo\/ -->\n<title>Le 1er mai \u00e0 Laval pour lutter pour la paix, les libert\u00e9s et contre l&#039;extr\u00eame-droite ! - SNES-FSU 53 - 1er syndicat du second degr\u00e9 de la Mayenne<\/title>\n<meta name=\"robots\" content=\"index, follow, max-snippet:-1, max-image-preview:large, max-video-preview:-1\" \/>\n<link rel=\"canonical\" href=\"https:\/\/snes53.fr\/index.php\/2025\/04\/19\/le-1er-mai-a-laval-pour-lutter-pour-la-paix-les-libertes-et-contre-lextreme-droite\/\" \/>\n<meta property=\"og:locale\" content=\"fr_FR\" \/>\n<meta property=\"og:type\" content=\"article\" \/>\n<meta property=\"og:title\" content=\"Le 1er mai \u00e0 Laval pour lutter pour la paix, les libert\u00e9s et contre l&#039;extr\u00eame-droite ! - SNES-FSU 53 - 1er syndicat du second degr\u00e9 de la Mayenne\" \/>\n<meta property=\"og:description\" content=\"Jeudi 1er mai, un rassemblement aura lieu \u00e0 l&rsquo;initiative de la FSU, de la CGT, de Sud-Solidaires, ainsi que des associations \u00e9tudiantes la FAGE, l&rsquo;Union \u00e9tudiante et l&rsquo;USL. Comme chaque ann\u00e9e, le 1er mai est traditionnellement la f\u00eate internationale du travail. Cette ann\u00e9e, il prend une autre tournure avec la mont\u00e9e de plus en plus [&hellip;]\" \/>\n<meta property=\"og:url\" content=\"https:\/\/snes53.fr\/index.php\/2025\/04\/19\/le-1er-mai-a-laval-pour-lutter-pour-la-paix-les-libertes-et-contre-lextreme-droite\/\" \/>\n<meta property=\"og:site_name\" content=\"SNES-FSU 53 - 1er syndicat du second degr\u00e9 de la Mayenne\" \/>\n<meta property=\"article:published_time\" content=\"2025-04-19T12:52:01+00:00\" \/>\n<meta property=\"article:modified_time\" content=\"2025-04-22T18:41:24+00:00\" \/>\n<meta property=\"og:image\" content=\"https:\/\/snes53.fr\/wp-content\/uploads\/2025\/04\/bafkreiemdll2jdluxwvrppxzxamivvzv7ll7bakpwmlhov777h56o54lym.jpg\" \/>\n\t<meta property=\"og:image:width\" content=\"940\" \/>\n\t<meta property=\"og:image:height\" content=\"788\" \/>\n\t<meta property=\"og:image:type\" content=\"image\/jpeg\" \/>\n<meta name=\"author\" content=\"SNES FSU 53\" \/>\n<meta name=\"twitter:card\" content=\"summary_large_image\" \/>\n<meta name=\"twitter:label1\" content=\"\u00c9crit par\" \/>\n\t<meta name=\"twitter:data1\" content=\"SNES FSU 53\" \/>\n\t<meta name=\"twitter:label2\" content=\"Dur\u00e9e de lecture estim\u00e9e\" \/>\n\t<meta name=\"twitter:data2\" content=\"1 minute\" \/>\n<script type=\"application\/ld+json\" class=\"yoast-schema-graph\">{\"@context\":\"https:\/\/schema.org\",\"@graph\":[{\"@type\":\"Article\",\"@id\":\"https:\/\/snes53.fr\/index.php\/2025\/04\/19\/le-1er-mai-a-laval-pour-lutter-pour-la-paix-les-libertes-et-contre-lextreme-droite\/#article\",\"isPartOf\":{\"@id\":\"https:\/\/snes53.fr\/index.php\/2025\/04\/19\/le-1er-mai-a-laval-pour-lutter-pour-la-paix-les-libertes-et-contre-lextreme-droite\/\"},\"author\":{\"name\":\"SNES FSU 53\",\"@id\":\"https:\/\/snes53.fr\/#\/schema\/person\/42a254727ba896c9c6e12c398c9a7fe1\"},\"headline\":\"Le 1er mai \u00e0 Laval pour lutter pour la paix, les libert\u00e9s et contre l&rsquo;extr\u00eame-droite !\",\"datePublished\":\"2025-04-19T12:52:01+00:00\",\"dateModified\":\"2025-04-22T18:41:24+00:00\",\"mainEntityOfPage\":{\"@id\":\"https:\/\/snes53.fr\/index.php\/2025\/04\/19\/le-1er-mai-a-laval-pour-lutter-pour-la-paix-les-libertes-et-contre-lextreme-droite\/\"},\"wordCount\":156,\"publisher\":{\"@id\":\"https:\/\/snes53.fr\/#organization\"},\"image\":{\"@id\":\"https:\/\/snes53.fr\/index.php\/2025\/04\/19\/le-1er-mai-a-laval-pour-lutter-pour-la-paix-les-libertes-et-contre-lextreme-droite\/#primaryimage\"},\"thumbnailUrl\":\"https:\/\/snes53.fr\/wp-content\/uploads\/2025\/04\/bafkreiemdll2jdluxwvrppxzxamivvzv7ll7bakpwmlhov777h56o54lym.jpg\",\"articleSection\":[\"Actualit\u00e9s\"],\"inLanguage\":\"fr-FR\"},{\"@type\":\"WebPage\",\"@id\":\"https:\/\/snes53.fr\/index.php\/2025\/04\/19\/le-1er-mai-a-laval-pour-lutter-pour-la-paix-les-libertes-et-contre-lextreme-droite\/\",\"url\":\"https:\/\/snes53.fr\/index.php\/2025\/04\/19\/le-1er-mai-a-laval-pour-lutter-pour-la-paix-les-libertes-et-contre-lextreme-droite\/\",\"name\":\"Le 1er mai \u00e0 Laval pour lutter pour la paix, les libert\u00e9s et contre l'extr\u00eame-droite ! - SNES-FSU 53 - 1er syndicat du second degr\u00e9 de la Mayenne\",\"isPartOf\":{\"@id\":\"https:\/\/snes53.fr\/#website\"},\"primaryImageOfPage\":{\"@id\":\"https:\/\/snes53.fr\/index.php\/2025\/04\/19\/le-1er-mai-a-laval-pour-lutter-pour-la-paix-les-libertes-et-contre-lextreme-droite\/#primaryimage\"},\"image\":{\"@id\":\"https:\/\/snes53.fr\/index.php\/2025\/04\/19\/le-1er-mai-a-laval-pour-lutter-pour-la-paix-les-libertes-et-contre-lextreme-droite\/#primaryimage\"},\"thumbnailUrl\":\"https:\/\/snes53.fr\/wp-content\/uploads\/2025\/04\/bafkreiemdll2jdluxwvrppxzxamivvzv7ll7bakpwmlhov777h56o54lym.jpg\",\"datePublished\":\"2025-04-19T12:52:01+00:00\",\"dateModified\":\"2025-04-22T18:41:24+00:00\",\"breadcrumb\":{\"@id\":\"https:\/\/snes53.fr\/index.php\/2025\/04\/19\/le-1er-mai-a-laval-pour-lutter-pour-la-paix-les-libertes-et-contre-lextreme-droite\/#breadcrumb\"},\"inLanguage\":\"fr-FR\",\"potentialAction\":[{\"@type\":\"ReadAction\",\"target\":[\"https:\/\/snes53.fr\/index.php\/2025\/04\/19\/le-1er-mai-a-laval-pour-lutter-pour-la-paix-les-libertes-et-contre-lextreme-droite\/\"]}]},{\"@type\":\"ImageObject\",\"inLanguage\":\"fr-FR\",\"@id\":\"https:\/\/snes53.fr\/index.php\/2025\/04\/19\/le-1er-mai-a-laval-pour-lutter-pour-la-paix-les-libertes-et-contre-lextreme-droite\/#primaryimage\",\"url\":\"https:\/\/snes53.fr\/wp-content\/uploads\/2025\/04\/bafkreiemdll2jdluxwvrppxzxamivvzv7ll7bakpwmlhov777h56o54lym.jpg\",\"contentUrl\":\"https:\/\/snes53.fr\/wp-content\/uploads\/2025\/04\/bafkreiemdll2jdluxwvrppxzxamivvzv7ll7bakpwmlhov777h56o54lym.jpg\",\"width\":940,\"height\":788},{\"@type\":\"BreadcrumbList\",\"@id\":\"https:\/\/snes53.fr\/index.php\/2025\/04\/19\/le-1er-mai-a-laval-pour-lutter-pour-la-paix-les-libertes-et-contre-lextreme-droite\/#breadcrumb\",\"itemListElement\":[{\"@type\":\"ListItem\",\"position\":1,\"name\":\"Accueil\",\"item\":\"https:\/\/snes53.fr\/\"},{\"@type\":\"ListItem\",\"position\":2,\"name\":\"Le 1er mai \u00e0 Laval pour lutter pour la paix, les libert\u00e9s et contre l&rsquo;extr\u00eame-droite !\"}]},{\"@type\":\"WebSite\",\"@id\":\"https:\/\/snes53.fr\/#website\",\"url\":\"https:\/\/snes53.fr\/\",\"name\":\"SNES-FSU 53\",\"description\":\"\",\"publisher\":{\"@id\":\"https:\/\/snes53.fr\/#organization\"},\"potentialAction\":[{\"@type\":\"SearchAction\",\"target\":{\"@type\":\"EntryPoint\",\"urlTemplate\":\"https:\/\/snes53.fr\/?s={search_term_string}\"},\"query-input\":{\"@type\":\"PropertyValueSpecification\",\"valueRequired\":true,\"valueName\":\"search_term_string\"}}],\"inLanguage\":\"fr-FR\"},{\"@type\":\"Organization\",\"@id\":\"https:\/\/snes53.fr\/#organization\",\"name\":\"SNES-FSU 53\",\"url\":\"https:\/\/snes53.fr\/\",\"logo\":{\"@type\":\"ImageObject\",\"inLanguage\":\"fr-FR\",\"@id\":\"https:\/\/snes53.fr\/#\/schema\/logo\/image\/\",\"url\":\"https:\/\/snes53.fr\/wp-content\/uploads\/2024\/07\/cropped-logo-snes-53-v2-3.png\",\"contentUrl\":\"https:\/\/snes53.fr\/wp-content\/uploads\/2024\/07\/cropped-logo-snes-53-v2-3.png\",\"width\":944,\"height\":831,\"caption\":\"SNES-FSU 53\"},\"image\":{\"@id\":\"https:\/\/snes53.fr\/#\/schema\/logo\/image\/\"}},{\"@type\":\"Person\",\"@id\":\"https:\/\/snes53.fr\/#\/schema\/person\/42a254727ba896c9c6e12c398c9a7fe1\",\"name\":\"SNES FSU 53\",\"image\":{\"@type\":\"ImageObject\",\"inLanguage\":\"fr-FR\",\"@id\":\"https:\/\/snes53.fr\/#\/schema\/person\/image\/\",\"url\":\"https:\/\/secure.gravatar.com\/avatar\/f07ff49cdac1b172208417959738d5d1fce2e5ff8a35952ea50e41b0f5cbf932?s=96&d=mm&r=g\",\"contentUrl\":\"https:\/\/secure.gravatar.com\/avatar\/f07ff49cdac1b172208417959738d5d1fce2e5ff8a35952ea50e41b0f5cbf932?s=96&d=mm&r=g\",\"caption\":\"SNES FSU 53\"},\"sameAs\":[\"http:\/\/snes53.fr\"],\"url\":\"https:\/\/snes53.fr\/index.php\/author\/admin9881\/\"}]}<\/script>\n<!-- \/ Yoast SEO plugin. -->","yoast_head_json":{"title":"Le 1er mai \u00e0 Laval pour lutter pour la paix, les libert\u00e9s et contre l'extr\u00eame-droite ! - SNES-FSU 53 - 1er syndicat du second degr\u00e9 de la Mayenne","robots":{"index":"index","follow":"follow","max-snippet":"max-snippet:-1","max-image-preview":"max-image-preview:large","max-video-preview":"max-video-preview:-1"},"canonical":"https:\/\/snes53.fr\/index.php\/2025\/04\/19\/le-1er-mai-a-laval-pour-lutter-pour-la-paix-les-libertes-et-contre-lextreme-droite\/","og_locale":"fr_FR","og_type":"article","og_title":"Le 1er mai \u00e0 Laval pour lutter pour la paix, les libert\u00e9s et contre l'extr\u00eame-droite ! - SNES-FSU 53 - 1er syndicat du second degr\u00e9 de la Mayenne","og_description":"Jeudi 1er mai, un rassemblement aura lieu \u00e0 l&rsquo;initiative de la FSU, de la CGT, de Sud-Solidaires, ainsi que des associations \u00e9tudiantes la FAGE, l&rsquo;Union \u00e9tudiante et l&rsquo;USL. Comme chaque ann\u00e9e, le 1er mai est traditionnellement la f\u00eate internationale du travail. Cette ann\u00e9e, il prend une autre tournure avec la mont\u00e9e de plus en plus [&hellip;]","og_url":"https:\/\/snes53.fr\/index.php\/2025\/04\/19\/le-1er-mai-a-laval-pour-lutter-pour-la-paix-les-libertes-et-contre-lextreme-droite\/","og_site_name":"SNES-FSU 53 - 1er syndicat du second degr\u00e9 de la Mayenne","article_published_time":"2025-04-19T12:52:01+00:00","article_modified_time":"2025-04-22T18:41:24+00:00","og_image":[{"width":940,"height":788,"url":"https:\/\/snes53.fr\/wp-content\/uploads\/2025\/04\/bafkreiemdll2jdluxwvrppxzxamivvzv7ll7bakpwmlhov777h56o54lym.jpg","type":"image\/jpeg"}],"author":"SNES FSU 53","twitter_card":"summary_large_image","twitter_misc":{"\u00c9crit par":"SNES FSU 53","Dur\u00e9e de lecture estim\u00e9e":"1 minute"},"schema":{"@context":"https:\/\/schema.org","@graph":[{"@type":"Article","@id":"https:\/\/snes53.fr\/index.php\/2025\/04\/19\/le-1er-mai-a-laval-pour-lutter-pour-la-paix-les-libertes-et-contre-lextreme-droite\/#article","isPartOf":{"@id":"https:\/\/snes53.fr\/index.php\/2025\/04\/19\/le-1er-mai-a-laval-pour-lutter-pour-la-paix-les-libertes-et-contre-lextreme-droite\/"},"author":{"name":"SNES FSU 53","@id":"https:\/\/snes53.fr\/#\/schema\/person\/42a254727ba896c9c6e12c398c9a7fe1"},"headline":"Le 1er mai \u00e0 Laval pour lutter pour la paix, les libert\u00e9s et contre l&rsquo;extr\u00eame-droite !","datePublished":"2025-04-19T12:52:01+00:00","dateModified":"2025-04-22T18:41:24+00:00","mainEntityOfPage":{"@id":"https:\/\/snes53.fr\/index.php\/2025\/04\/19\/le-1er-mai-a-laval-pour-lutter-pour-la-paix-les-libertes-et-contre-lextreme-droite\/"},"wordCount":156,"publisher":{"@id":"https:\/\/snes53.fr\/#organization"},"image":{"@id":"https:\/\/snes53.fr\/index.php\/2025\/04\/19\/le-1er-mai-a-laval-pour-lutter-pour-la-paix-les-libertes-et-contre-lextreme-droite\/#primaryimage"},"thumbnailUrl":"https:\/\/snes53.fr\/wp-content\/uploads\/2025\/04\/bafkreiemdll2jdluxwvrppxzxamivvzv7ll7bakpwmlhov777h56o54lym.jpg","articleSection":["Actualit\u00e9s"],"inLanguage":"fr-FR"},{"@type":"WebPage","@id":"https:\/\/snes53.fr\/index.php\/2025\/04\/19\/le-1er-mai-a-laval-pour-lutter-pour-la-paix-les-libertes-et-contre-lextreme-droite\/","url":"https:\/\/snes53.fr\/index.php\/2025\/04\/19\/le-1er-mai-a-laval-pour-lutter-pour-la-paix-les-libertes-et-contre-lextreme-droite\/","name":"Le 1er mai \u00e0 Laval pour lutter pour la paix, les libert\u00e9s et contre l'extr\u00eame-droite ! - SNES-FSU 53 - 1er syndicat du second degr\u00e9 de la Mayenne","isPartOf":{"@id":"https:\/\/snes53.fr\/#website"},"primaryImageOfPage":{"@id":"https:\/\/snes53.fr\/index.php\/2025\/04\/19\/le-1er-mai-a-laval-pour-lutter-pour-la-paix-les-libertes-et-contre-lextreme-droite\/#primaryimage"},"image":{"@id":"https:\/\/snes53.fr\/index.php\/2025\/04\/19\/le-1er-mai-a-laval-pour-lutter-pour-la-paix-les-libertes-et-contre-lextreme-droite\/#primaryimage"},"thumbnailUrl":"https:\/\/snes53.fr\/wp-content\/uploads\/2025\/04\/bafkreiemdll2jdluxwvrppxzxamivvzv7ll7bakpwmlhov777h56o54lym.jpg","datePublished":"2025-04-19T12:52:01+00:00","dateModified":"2025-04-22T18:41:24+00:00","breadcrumb":{"@id":"https:\/\/snes53.fr\/index.php\/2025\/04\/19\/le-1er-mai-a-laval-pour-lutter-pour-la-paix-les-libertes-et-contre-lextreme-droite\/#breadcrumb"},"inLanguage":"fr-FR","potentialAction":[{"@type":"ReadAction","target":["https:\/\/snes53.fr\/index.php\/2025\/04\/19\/le-1er-mai-a-laval-pour-lutter-pour-la-paix-les-libertes-et-contre-lextreme-droite\/"]}]},{"@type":"ImageObject","inLanguage":"fr-FR","@id":"https:\/\/snes53.fr\/index.php\/2025\/04\/19\/le-1er-mai-a-laval-pour-lutter-pour-la-paix-les-libertes-et-contre-lextreme-droite\/#primaryimage","url":"https:\/\/snes53.fr\/wp-content\/uploads\/2025\/04\/bafkreiemdll2jdluxwvrppxzxamivvzv7ll7bakpwmlhov777h56o54lym.jpg","contentUrl":"https:\/\/snes53.fr\/wp-content\/uploads\/2025\/04\/bafkreiemdll2jdluxwvrppxzxamivvzv7ll7bakpwmlhov777h56o54lym.jpg","width":940,"height":788},{"@type":"BreadcrumbList","@id":"https:\/\/snes53.fr\/index.php\/2025\/04\/19\/le-1er-mai-a-laval-pour-lutter-pour-la-paix-les-libertes-et-contre-lextreme-droite\/#breadcrumb","itemListElement":[{"@type":"ListItem","position":1,"name":"Accueil","item":"https:\/\/snes53.fr\/"},{"@type":"ListItem","position":2,"name":"Le 1er mai \u00e0 Laval pour lutter pour la paix, les libert\u00e9s et contre l&rsquo;extr\u00eame-droite !"}]},{"@type":"WebSite","@id":"https:\/\/snes53.fr\/#website","url":"https:\/\/snes53.fr\/","name":"SNES-FSU 53","description":"","publisher":{"@id":"https:\/\/snes53.fr\/#organization"},"potentialAction":[{"@type":"SearchAction","target":{"@type":"EntryPoint","urlTemplate":"https:\/\/snes53.fr\/?s={search_term_string}"},"query-input":{"@type":"PropertyValueSpecification","valueRequired":true,"valueName":"search_term_string"}}],"inLanguage":"fr-FR"},{"@type":"Organization","@id":"https:\/\/snes53.fr\/#organization","name":"SNES-FSU 53","url":"https:\/\/snes53.fr\/","logo":{"@type":"ImageObject","inLanguage":"fr-FR","@id":"https:\/\/snes53.fr\/#\/schema\/logo\/image\/","url":"https:\/\/snes53.fr\/wp-content\/uploads\/2024\/07\/cropped-logo-snes-53-v2-3.png","contentUrl":"https:\/\/snes53.fr\/wp-content\/uploads\/2024\/07\/cropped-logo-snes-53-v2-3.png","width":944,"height":831,"caption":"SNES-FSU 53"},"image":{"@id":"https:\/\/snes53.fr\/#\/schema\/logo\/image\/"}},{"@type":"Person","@id":"https:\/\/snes53.fr\/#\/schema\/person\/42a254727ba896c9c6e12c398c9a7fe1","name":"SNES FSU 53","image":{"@type":"ImageObject","inLanguage":"fr-FR","@id":"https:\/\/snes53.fr\/#\/schema\/person\/image\/","url":"https:\/\/secure.gravatar.com\/avatar\/f07ff49cdac1b172208417959738d5d1fce2e5ff8a35952ea50e41b0f5cbf932?s=96&d=mm&r=g","contentUrl":"https:\/\/secure.gravatar.com\/avatar\/f07ff49cdac1b172208417959738d5d1fce2e5ff8a35952ea50e41b0f5cbf932?s=96&d=mm&r=g","caption":"SNES FSU 53"},"sameAs":["http:\/\/snes53.fr"],"url":"https:\/\/snes53.fr\/index.php\/author\/admin9881\/"}]}},"_links":{"self":[{"href":"https:\/\/snes53.fr\/index.php\/wp-json\/wp\/v2\/posts\/323","targetHints":{"allow":["GET"]}}],"collection":[{"href":"https:\/\/snes53.fr\/index.php\/wp-json\/wp\/v2\/posts"}],"about":[{"href":"https:\/\/snes53.fr\/index.php\/wp-json\/wp\/v2\/types\/post"}],"author":[{"embeddable":true,"href":"https:\/\/snes53.fr\/index.php\/wp-json\/wp\/v2\/users\/1"}],"replies":[{"embeddable":true,"href":"https:\/\/snes53.fr\/index.php\/wp-json\/wp\/v2\/comments?post=323"}],"version-history":[{"count":2,"href":"https:\/\/snes53.fr\/index.php\/wp-json\/wp\/v2\/posts\/323\/revisions"}],"predecessor-version":[{"id":337,"href":"https:\/\/snes53.fr\/index.php\/wp-json\/wp\/v2\/posts\/323\/revisions\/337"}],"wp:featuredmedia":[{"embeddable":true,"href":"https:\/\/snes53.fr\/index.php\/wp-json\/wp\/v2\/media\/324"}],"wp:attachment":[{"href":"https:\/\/snes53.fr\/index.php\/wp-json\/wp\/v2\/media?parent=323"}],"wp:term":[{"taxonomy":"category","embeddable":true,"href":"https:\/\/snes53.fr\/index.php\/wp-json\/wp\/v2\/categories?post=323"},{"taxonomy":"post_tag","embeddable":true,"href":"https:\/\/snes53.fr\/index.php\/wp-json\/wp\/v2\/tags?post=323"}],"curies":[{"name":"wp","href":"https:\/\/api.w.org\/{rel}","templated":true}]}}