{"id":259,"date":"2025-01-31T19:12:43","date_gmt":"2025-01-31T18:12:43","guid":{"rendered":"https:\/\/snes53.fr\/?p=259"},"modified":"2025-02-04T14:21:38","modified_gmt":"2025-02-04T13:21:38","slug":"compte-rendu-du-csa-d-du-31-janvier-2025","status":"publish","type":"post","link":"https:\/\/snes53.fr\/index.php\/2025\/01\/31\/compte-rendu-du-csa-d-du-31-janvier-2025\/","title":{"rendered":"Compte-rendu du CSA-D du 31 janvier 2025"},"content":{"rendered":"\n<p>Ce vendredi 31 janvier a eu lieu la r\u00e9union du Comit\u00e9 Social d&rsquo;Administration D\u00e9partemental (CSA-D) \u00e0 la DSDEN de la Mayenne, \u00e0 Laval. Le th\u00e8me de la r\u00e9union \u00e9tait la r\u00e9partition des moyens dans le second degr\u00e9 avec la DHG, qui \u00e9tait pr\u00e9sent\u00e9e pour information aux organisations syndicales. <\/p>\n\n\n\n<p>Apr\u00e8s lecture des diff\u00e9rentes d\u00e9clarations liminaires de la part de la FSU (que vous trouverez \u00e0 la fin de cet article), de la CGT Educ&rsquo;Action et de FO, M. Vaul\u00e9on, secr\u00e9taire g\u00e9n\u00e9ral de la DSDEN (qui pr\u00e9sidait l&rsquo;instance en l&rsquo;absence d&rsquo;un.e DASEN depuis le d\u00e9part pr\u00e9cipit\u00e9 de Mme Lacoste) a rappel\u00e9 les bases de la construction d&rsquo;une DHG et de la r\u00e9partition des moyens ainsi qu&rsquo;un \u00e9tat des lieux pour la rentr\u00e9e prochaine. <\/p>\n\n\n\n<p>Dans le d\u00e9partement de la Mayenne, il est pr\u00e9vu une baisse d&rsquo;effectifs de l&rsquo;ordre de 329 \u00e9l\u00e8ves en moins pour la rentr\u00e9e 2025-2026. Dans le d\u00e9tail, cela donne : <\/p>\n\n\n\n<ul class=\"wp-block-list\">\n<li>282 \u00e9l\u00e8ves en moins en coll\u00e8ge<\/li>\n\n\n\n<li>44 \u00e9l\u00e8ves en moins en lyc\u00e9e g\u00e9n\u00e9ral et technologique<\/li>\n\n\n\n<li>21 \u00e9l\u00e8ves en plus pour les lyc\u00e9es professionnels<\/li>\n\n\n\n<li>24 \u00e9l\u00e8ves en moins pour les formations post-bac. <\/li>\n<\/ul>\n\n\n\n<p>Dans l&rsquo;acad\u00e9mie, il y aurait 59 Equivalent Temps Plein (ETP) en moins pour la rentr\u00e9e. Pour le d\u00e9partement de la Mayenne, cette baisse donnera : <\/p>\n\n\n\n<ul class=\"wp-block-list\">\n<li>-10 ETP en coll\u00e8ge<\/li>\n\n\n\n<li>&#8211; 5 ETP en lyc\u00e9e g\u00e9n\u00e9ral et technologique. <\/li>\n<\/ul>\n\n\n\n<p class=\"has-white-color has-vivid-red-background-color has-text-color has-background has-link-color wp-elements-828b1c38b27c882509d90dd7cfb7da6c\"><strong>La FSU 53 d\u00e9nonce cette \u00e9ni\u00e8me baisse des postes sous pr\u00e9texte de la baisse d\u00e9mographique. La FSU 53 r\u00e9clame de profiter de cette baisse d\u00e9mographique pour baisser le nombre d&rsquo;\u00e9l\u00e8ves par classe et rajouter des postes afin d&rsquo;am\u00e9liorer les conditions d&rsquo;enseignement. <\/strong><\/p>\n\n\n\n<p>M. Vaul\u00e9on, apr\u00e8s avoir pr\u00e9sent\u00e9 ce tableau des effectifs et des ETP, a rappel\u00e9 les r\u00e8gles de seuil pour l&rsquo;ouverture de classe : <\/p>\n\n\n\n<ul class=\"wp-block-list\">\n<li><strong>En coll\u00e8ge :<\/strong> 28 \u00e9l\u00e8ves en 6e \/ 30 \u00e9l\u00e8ves en 5e-4e-3e<\/li>\n\n\n\n<li><strong>En REP : <\/strong>24 \u00e9l\u00e8ves en 6e \/ 25 \u00e9l\u00e8ves en 5e-4e-3e. <\/li>\n\n\n\n<li><strong>En lyc\u00e9e g\u00e9n\u00e9ral et technologique : <\/strong>35 \u00e9l\u00e8ves en g\u00e9n\u00e9ral \/ 35 en fili\u00e8re tertiaire \/ 30 en fili\u00e8re industrielle. <\/li>\n<\/ul>\n\n\n\n<p>Ensuite, les groupes de niveaux sont maintenus en 6e-5e. Une \u00e9valuation nationale de ce dispositif aura lieu en ce d\u00e9but d&rsquo;ann\u00e9e 2025 et donnera ses conclusions avant juin. En 4e-3e, les groupes de niveaux ont \u00e9t\u00e9 abandonn\u00e9s pour laisser place \u00e0 plus de libert\u00e9 pour les \u00e9tablissements afin de mettre en place de l&rsquo;accompagnement personnalis\u00e9. 37.5h ont \u00e9t\u00e9 allou\u00e9s pour ces derniers dispositifs pour le d\u00e9partement de la Mayenne. <\/p>\n\n\n\n<p class=\"has-white-color has-vivid-red-background-color has-text-color has-background has-link-color wp-elements-a969e5ab30fec4416f91d58ac5fca057\"><strong>La FSU 53 d\u00e9nonce ces mesures de la r\u00e9forme du Choc des Savoirs. On connait d\u00e9j\u00e0 les conclusions de l&rsquo;enqu\u00eate, vu le peu d&rsquo;\u00e9tablissements qui ont r\u00e9ellement appliqu\u00e9 cette r\u00e9forme via les enqu\u00eates nationales que le SNES-FSU a effectu\u00e9. La FSU 53 r\u00e9clame l&rsquo;abandon de ces r\u00e9formes. <\/strong><\/p>\n\n\n\n<p>Dans le d\u00e9tail du projet de r\u00e9partition des moyens en coll\u00e8ge et lyc\u00e9e pour la rentr\u00e9e 2025 : <\/p>\n\n\n\n<p><strong>En coll\u00e8ge : <\/strong><\/p>\n\n\n\n<ul class=\"wp-block-list\">\n<li class=\"has-vivid-red-color has-text-color has-link-color wp-elements-40c3264bf16ce2d631f00792544dfd99\"><strong>12 suppressions de classes sont pr\u00e9vues <\/strong><\/li>\n<\/ul>\n\n\n\n<figure class=\"wp-block-table\"><table class=\"has-fixed-layout\"><tbody><tr><td>Coll\u00e8ge d&rsquo;Ambri\u00e8res les Vall\u00e9es<\/td><td>1 division de 6e<\/td><\/tr><tr><td>Coll\u00e8ge d&rsquo;Andouill\u00e9<\/td><td>1 division de 3e<\/td><\/tr><tr><td>Coll\u00e8ge Emmanuel de Martonne &#8211; Laval<\/td><td>1 division de 6e<\/td><\/tr><tr><td>Coll\u00e8ge d&rsquo;Ern\u00e9e<\/td><td>1 division de 3e <\/td><\/tr><tr><td>Coll\u00e8ge Jules Ferry &#8211; Mayenne<\/td><td>1 division de 5e &#8211; 1 division de 3e <\/td><\/tr><tr><td>Coll\u00e8ge Jules Renard &#8211; Laval<\/td><td>1 division de 6e<\/td><\/tr><tr><td>Coll\u00e8ge de Renaz\u00e9<\/td><td>1 division de 3e<\/td><\/tr><tr><td>Coll\u00e8ge de Meslay du Maine<\/td><td>1 division de 3e<\/td><\/tr><tr><td>Coll\u00e8ge de Lassay les Ch\u00e2teaux<\/td><td>1 division de 4e<\/td><\/tr><tr><td>Coll\u00e8ge S\u00e9vign\u00e9 &#8211; Mayenne<\/td><td>1 division de 6e<\/td><\/tr><tr><td>Coll\u00e8ge Paul Emile Victor &#8211; Ch\u00e2teau Gontier sur Mayenne<\/td><td>1 division de 3e<\/td><\/tr><\/tbody><\/table><\/figure>\n\n\n\n<ul class=\"wp-block-list\">\n<li class=\"has-vivid-green-cyan-color has-text-color has-link-color wp-elements-7bfea9af580e066cec1f003266b288af\"><strong>6 ouvertures de classe : <\/strong><\/li>\n<\/ul>\n\n\n\n<figure class=\"wp-block-table\"><table class=\"has-fixed-layout\"><tbody><tr><td>Coll\u00e8ge de Craon<\/td><td>1 division de 6e<\/td><\/tr><tr><td>Coll\u00e8ge de Port Brillet<\/td><td>1 division en 3e<\/td><\/tr><tr><td>Coll\u00e8ge de Villaines la Juhel<\/td><td>1 division de 4e<\/td><\/tr><tr><td>Coll\u00e8ge de Coss\u00e9 le Vivien<\/td><td>1 division de 3e<\/td><\/tr><tr><td>Coll\u00e8ge de Pr\u00e9 en Pail<\/td><td>1 division de 3e<\/td><\/tr><tr><td>Coll\u00e8ge Jean Rostand &#8211; Ch\u00e2teau Gontier sur Mayenne<\/td><td>1 division en 5e<\/td><\/tr><\/tbody><\/table><\/figure>\n\n\n\n<p>Dans le d\u00e9tail, la FSU 53 a interrog\u00e9 la DSDEN pour savoir si enfin, les effectifs d&rsquo;ULIS avaient \u00e9t\u00e9 int\u00e9gr\u00e9s aux effectifs globaux (car cela n&rsquo;\u00e9tait jamais fait malgr\u00e9 la circulaire de 2019). Cette ann\u00e9e, les ULIS sont enfin int\u00e9gr\u00e9s aux effectifs. Cela permet donc un r\u00e9el comptage des \u00e9l\u00e8ves dans nos \u00e9tablissements. Cela a permis, dans beaucoup de cas, de remonter les effectifs et donc atteindre les seuils d&rsquo;ouverture de classe (ex : \u00e0 S\u00e9vign\u00e9, on a une ouverture en 3e car les effectifs en ULIS ont remont\u00e9s les seuils). <\/p>\n\n\n\n<p>Au total sur la marge d&rsquo;heures restantes \u00e0 la DSDEN, il ne reste plus que 6.75h de marge qu&rsquo;il est encore possible de distribuer. En cette fin de janvier 2025 donc, il ne reste plus, pour l&rsquo;instant, de moyens pour r\u00e9ouvrir une classe. La FSU 53 restera vigilante, car il reste des points chauds dans les DHG (Coll\u00e8ge d&rsquo;Ern\u00e9e par exemple, qui est \u00e0 la limite des seuils d&rsquo;ouverture, ainsi que le coll\u00e8ge Jules Ferry \u00e0 Mayenne). <\/p>\n\n\n\n<p><strong>En lyc\u00e9e : <\/strong><\/p>\n\n\n\n<ul class=\"wp-block-list\">\n<li><strong>Lyc\u00e9e Victor Hugo &#8211; Ch\u00e2teau Gontier sur Mayenne : <\/strong>1 division en terminale g\u00e9n\u00e9rale ferm\u00e9e et une ouverture en seconde g\u00e9n\u00e9rale. La question a \u00e9t\u00e9 pos\u00e9e sur la pr\u00e9pa-seconde (qui n&rsquo;a pas ouvert cette ann\u00e9e car aucun effectif). La DSDEN a r\u00e9pondu qu&rsquo;ils ont repris les moyens attribu\u00e9s pour cette pr\u00e9pa-seconde (soit 27h) au lyc\u00e9e Victor Hugo pour l&rsquo;instant. <\/li>\n\n\n\n<li><strong>Lyc\u00e9e Ambroise Par\u00e9 &#8211; Laval : <\/strong>une classe de terminale en moins. On d\u00e9plore le fait que les classes seront charg\u00e9es (environ 34-35 \u00e9l\u00e8ves par classe)<\/li>\n\n\n\n<li><strong>Lyc\u00e9e Douanier Rousseau &#8211; Laval : <\/strong>une classe de 1\u00e8re STMG en moins et une premi\u00e8re g\u00e9n\u00e9rale en plus. 24h ont \u00e9t\u00e9 donn\u00e9s pour la DHG mais il reste encore 18h en moins sur la structure, ce qui ne permettra pas de bonnes conditions d&rsquo;enseignements (sachant que le lyc\u00e9e est en travaux depuis 2023). <\/li>\n\n\n\n<li><strong>Lyc\u00e9e Lavoisier &#8211; Mayenne :<\/strong> une classe de seconde en plus mais une classe de 1\u00e8re g\u00e9n\u00e9rale en moins ainsi qu&rsquo;une classe de terminale en moins. 29h de DHG en moins, qui avaient \u00e9t\u00e9 attribu\u00e9s en 2023-2024 car il y avait de la marge, mais la DSDEN n&rsquo;ayant plus de moyens horaires pour l&rsquo;instant, n&rsquo;est pas en capacit\u00e9 de les redonner.<\/li>\n\n\n\n<li><strong>Lyc\u00e9e Raoul Valepied &#8211; Evron :<\/strong> 20h en plus sur la DHG afin de maintenir les sp\u00e9cialit\u00e9s au lyc\u00e9e dans un territoire \u00e9loign\u00e9 des grands centres mayennais. <\/li>\n<\/ul>\n\n\n\n<div data-wp-interactive=\"core\/file\" class=\"wp-block-file\"><object data-wp-bind--hidden=\"!state.hasPdfPreview\" hidden class=\"wp-block-file__embed\" data=\"https:\/\/snes53.fr\/wp-content\/uploads\/2025\/01\/V2-Document-de-travail-CSASD-2nd-degre-DHG-du-31-01-25.pdf\" type=\"application\/pdf\" style=\"width:100%;height:600px\" aria-label=\"Contenu embarqu\u00e9 V2 Document de travail CSASD 2nd degr\u00e9 DHG du 31-01-25.\"><\/object><a id=\"wp-block-file--media-39cbcf03-6b05-4b79-a192-f853068c67bb\" href=\"https:\/\/snes53.fr\/wp-content\/uploads\/2025\/01\/V2-Document-de-travail-CSASD-2nd-degre-DHG-du-31-01-25.pdf\">V2 Document de travail CSASD 2nd degr\u00e9 DHG du 31-01-25<\/a><a href=\"https:\/\/snes53.fr\/wp-content\/uploads\/2025\/01\/V2-Document-de-travail-CSASD-2nd-degre-DHG-du-31-01-25.pdf\" class=\"wp-block-file__button wp-element-button\" download aria-describedby=\"wp-block-file--media-39cbcf03-6b05-4b79-a192-f853068c67bb\">T\u00e9l\u00e9charger<\/a><\/div>\n\n\n\n<div data-wp-interactive=\"core\/file\" class=\"wp-block-file\"><object data-wp-bind--hidden=\"!state.hasPdfPreview\" hidden class=\"wp-block-file__embed\" data=\"https:\/\/snes53.fr\/wp-content\/uploads\/2025\/01\/Declaration-liminaire-CSA-D-31-01-25.pdf\" type=\"application\/pdf\" style=\"width:100%;height:600px\" aria-label=\"Contenu embarqu\u00e9 D\u00e9claration liminaire CSA D 31 01 25.\"><\/object><a id=\"wp-block-file--media-2b80d571-c2c4-4295-9f79-78545b23a42a\" href=\"https:\/\/snes53.fr\/wp-content\/uploads\/2025\/01\/Declaration-liminaire-CSA-D-31-01-25.pdf\">D\u00e9claration liminaire CSA D 31 01 25<\/a><a href=\"https:\/\/snes53.fr\/wp-content\/uploads\/2025\/01\/Declaration-liminaire-CSA-D-31-01-25.pdf\" class=\"wp-block-file__button wp-element-button\" download aria-describedby=\"wp-block-file--media-2b80d571-c2c4-4295-9f79-78545b23a42a\">T\u00e9l\u00e9charger<\/a><\/div>\n","protected":false},"excerpt":{"rendered":"<p>Ce vendredi 31 janvier a eu lieu la r\u00e9union du Comit\u00e9 Social d&rsquo;Administration D\u00e9partemental (CSA-D) \u00e0 la DSDEN de la Mayenne, \u00e0 Laval. Le th\u00e8me de la r\u00e9union \u00e9tait la r\u00e9partition des moyens dans le second degr\u00e9 avec la DHG, qui \u00e9tait pr\u00e9sent\u00e9e pour information aux organisations syndicales. Apr\u00e8s lecture des diff\u00e9rentes d\u00e9clarations liminaires de [&hellip;]<\/p>\n","protected":false},"author":1,"featured_media":261,"comment_status":"closed","ping_status":"open","sticky":false,"template":"","format":"standard","meta":{"footnotes":""},"categories":[5,9],"tags":[],"class_list":["post-259","post","type-post","status-publish","format-standard","has-post-thumbnail","hentry","category-actualites","category-csa-d"],"yoast_head":"<!-- This site is optimized with the Yoast SEO plugin v25.3.1 - https:\/\/yoast.com\/wordpress\/plugins\/seo\/ -->\n<title>Compte-rendu du CSA-D du 31 janvier 2025 - SNES-FSU 53 - 1er syndicat du second degr\u00e9 de la Mayenne<\/title>\n<meta name=\"robots\" content=\"index, follow, max-snippet:-1, max-image-preview:large, max-video-preview:-1\" \/>\n<link rel=\"canonical\" href=\"https:\/\/snes53.fr\/index.php\/2025\/01\/31\/compte-rendu-du-csa-d-du-31-janvier-2025\/\" \/>\n<meta property=\"og:locale\" content=\"fr_FR\" \/>\n<meta property=\"og:type\" content=\"article\" \/>\n<meta property=\"og:title\" content=\"Compte-rendu du CSA-D du 31 janvier 2025 - SNES-FSU 53 - 1er syndicat du second degr\u00e9 de la Mayenne\" \/>\n<meta property=\"og:description\" content=\"Ce vendredi 31 janvier a eu lieu la r\u00e9union du Comit\u00e9 Social d&rsquo;Administration D\u00e9partemental (CSA-D) \u00e0 la DSDEN de la Mayenne, \u00e0 Laval. Le th\u00e8me de la r\u00e9union \u00e9tait la r\u00e9partition des moyens dans le second degr\u00e9 avec la DHG, qui \u00e9tait pr\u00e9sent\u00e9e pour information aux organisations syndicales. Apr\u00e8s lecture des diff\u00e9rentes d\u00e9clarations liminaires de [&hellip;]\" \/>\n<meta property=\"og:url\" content=\"https:\/\/snes53.fr\/index.php\/2025\/01\/31\/compte-rendu-du-csa-d-du-31-janvier-2025\/\" \/>\n<meta property=\"og:site_name\" content=\"SNES-FSU 53 - 1er syndicat du second degr\u00e9 de la Mayenne\" \/>\n<meta property=\"article:published_time\" content=\"2025-01-31T18:12:43+00:00\" \/>\n<meta property=\"article:modified_time\" content=\"2025-02-04T13:21:38+00:00\" \/>\n<meta property=\"og:image\" content=\"https:\/\/snes53.fr\/wp-content\/uploads\/2025\/01\/csa_3.jpg\" \/>\n\t<meta property=\"og:image:width\" content=\"277\" \/>\n\t<meta property=\"og:image:height\" content=\"182\" \/>\n\t<meta property=\"og:image:type\" content=\"image\/jpeg\" \/>\n<meta name=\"author\" content=\"SNES FSU 53\" \/>\n<meta name=\"twitter:card\" content=\"summary_large_image\" \/>\n<meta name=\"twitter:label1\" content=\"\u00c9crit par\" \/>\n\t<meta name=\"twitter:data1\" content=\"SNES FSU 53\" \/>\n\t<meta name=\"twitter:label2\" content=\"Dur\u00e9e de lecture estim\u00e9e\" \/>\n\t<meta name=\"twitter:data2\" content=\"6 minutes\" \/>\n<script type=\"application\/ld+json\" class=\"yoast-schema-graph\">{\"@context\":\"https:\/\/schema.org\",\"@graph\":[{\"@type\":\"Article\",\"@id\":\"https:\/\/snes53.fr\/index.php\/2025\/01\/31\/compte-rendu-du-csa-d-du-31-janvier-2025\/#article\",\"isPartOf\":{\"@id\":\"https:\/\/snes53.fr\/index.php\/2025\/01\/31\/compte-rendu-du-csa-d-du-31-janvier-2025\/\"},\"author\":{\"name\":\"SNES FSU 53\",\"@id\":\"https:\/\/snes53.fr\/#\/schema\/person\/42a254727ba896c9c6e12c398c9a7fe1\"},\"headline\":\"Compte-rendu du CSA-D du 31 janvier 2025\",\"datePublished\":\"2025-01-31T18:12:43+00:00\",\"dateModified\":\"2025-02-04T13:21:38+00:00\",\"mainEntityOfPage\":{\"@id\":\"https:\/\/snes53.fr\/index.php\/2025\/01\/31\/compte-rendu-du-csa-d-du-31-janvier-2025\/\"},\"wordCount\":1179,\"publisher\":{\"@id\":\"https:\/\/snes53.fr\/#organization\"},\"image\":{\"@id\":\"https:\/\/snes53.fr\/index.php\/2025\/01\/31\/compte-rendu-du-csa-d-du-31-janvier-2025\/#primaryimage\"},\"thumbnailUrl\":\"https:\/\/snes53.fr\/wp-content\/uploads\/2025\/01\/csa_3.jpg\",\"articleSection\":[\"Actualit\u00e9s\",\"CSA-D\"],\"inLanguage\":\"fr-FR\"},{\"@type\":\"WebPage\",\"@id\":\"https:\/\/snes53.fr\/index.php\/2025\/01\/31\/compte-rendu-du-csa-d-du-31-janvier-2025\/\",\"url\":\"https:\/\/snes53.fr\/index.php\/2025\/01\/31\/compte-rendu-du-csa-d-du-31-janvier-2025\/\",\"name\":\"Compte-rendu du CSA-D du 31 janvier 2025 - SNES-FSU 53 - 1er syndicat du second degr\u00e9 de la Mayenne\",\"isPartOf\":{\"@id\":\"https:\/\/snes53.fr\/#website\"},\"primaryImageOfPage\":{\"@id\":\"https:\/\/snes53.fr\/index.php\/2025\/01\/31\/compte-rendu-du-csa-d-du-31-janvier-2025\/#primaryimage\"},\"image\":{\"@id\":\"https:\/\/snes53.fr\/index.php\/2025\/01\/31\/compte-rendu-du-csa-d-du-31-janvier-2025\/#primaryimage\"},\"thumbnailUrl\":\"https:\/\/snes53.fr\/wp-content\/uploads\/2025\/01\/csa_3.jpg\",\"datePublished\":\"2025-01-31T18:12:43+00:00\",\"dateModified\":\"2025-02-04T13:21:38+00:00\",\"breadcrumb\":{\"@id\":\"https:\/\/snes53.fr\/index.php\/2025\/01\/31\/compte-rendu-du-csa-d-du-31-janvier-2025\/#breadcrumb\"},\"inLanguage\":\"fr-FR\",\"potentialAction\":[{\"@type\":\"ReadAction\",\"target\":[\"https:\/\/snes53.fr\/index.php\/2025\/01\/31\/compte-rendu-du-csa-d-du-31-janvier-2025\/\"]}]},{\"@type\":\"ImageObject\",\"inLanguage\":\"fr-FR\",\"@id\":\"https:\/\/snes53.fr\/index.php\/2025\/01\/31\/compte-rendu-du-csa-d-du-31-janvier-2025\/#primaryimage\",\"url\":\"https:\/\/snes53.fr\/wp-content\/uploads\/2025\/01\/csa_3.jpg\",\"contentUrl\":\"https:\/\/snes53.fr\/wp-content\/uploads\/2025\/01\/csa_3.jpg\",\"width\":277,\"height\":182},{\"@type\":\"BreadcrumbList\",\"@id\":\"https:\/\/snes53.fr\/index.php\/2025\/01\/31\/compte-rendu-du-csa-d-du-31-janvier-2025\/#breadcrumb\",\"itemListElement\":[{\"@type\":\"ListItem\",\"position\":1,\"name\":\"Accueil\",\"item\":\"https:\/\/snes53.fr\/\"},{\"@type\":\"ListItem\",\"position\":2,\"name\":\"Compte-rendu du CSA-D du 31 janvier 2025\"}]},{\"@type\":\"WebSite\",\"@id\":\"https:\/\/snes53.fr\/#website\",\"url\":\"https:\/\/snes53.fr\/\",\"name\":\"SNES-FSU 53\",\"description\":\"\",\"publisher\":{\"@id\":\"https:\/\/snes53.fr\/#organization\"},\"potentialAction\":[{\"@type\":\"SearchAction\",\"target\":{\"@type\":\"EntryPoint\",\"urlTemplate\":\"https:\/\/snes53.fr\/?s={search_term_string}\"},\"query-input\":{\"@type\":\"PropertyValueSpecification\",\"valueRequired\":true,\"valueName\":\"search_term_string\"}}],\"inLanguage\":\"fr-FR\"},{\"@type\":\"Organization\",\"@id\":\"https:\/\/snes53.fr\/#organization\",\"name\":\"SNES-FSU 53\",\"url\":\"https:\/\/snes53.fr\/\",\"logo\":{\"@type\":\"ImageObject\",\"inLanguage\":\"fr-FR\",\"@id\":\"https:\/\/snes53.fr\/#\/schema\/logo\/image\/\",\"url\":\"https:\/\/snes53.fr\/wp-content\/uploads\/2024\/07\/cropped-logo-snes-53-v2-3.png\",\"contentUrl\":\"https:\/\/snes53.fr\/wp-content\/uploads\/2024\/07\/cropped-logo-snes-53-v2-3.png\",\"width\":944,\"height\":831,\"caption\":\"SNES-FSU 53\"},\"image\":{\"@id\":\"https:\/\/snes53.fr\/#\/schema\/logo\/image\/\"}},{\"@type\":\"Person\",\"@id\":\"https:\/\/snes53.fr\/#\/schema\/person\/42a254727ba896c9c6e12c398c9a7fe1\",\"name\":\"SNES FSU 53\",\"image\":{\"@type\":\"ImageObject\",\"inLanguage\":\"fr-FR\",\"@id\":\"https:\/\/snes53.fr\/#\/schema\/person\/image\/\",\"url\":\"https:\/\/secure.gravatar.com\/avatar\/f07ff49cdac1b172208417959738d5d1fce2e5ff8a35952ea50e41b0f5cbf932?s=96&d=mm&r=g\",\"contentUrl\":\"https:\/\/secure.gravatar.com\/avatar\/f07ff49cdac1b172208417959738d5d1fce2e5ff8a35952ea50e41b0f5cbf932?s=96&d=mm&r=g\",\"caption\":\"SNES FSU 53\"},\"sameAs\":[\"http:\/\/snes53.fr\"],\"url\":\"https:\/\/snes53.fr\/index.php\/author\/admin9881\/\"}]}<\/script>\n<!-- \/ Yoast SEO plugin. -->","yoast_head_json":{"title":"Compte-rendu du CSA-D du 31 janvier 2025 - SNES-FSU 53 - 1er syndicat du second degr\u00e9 de la Mayenne","robots":{"index":"index","follow":"follow","max-snippet":"max-snippet:-1","max-image-preview":"max-image-preview:large","max-video-preview":"max-video-preview:-1"},"canonical":"https:\/\/snes53.fr\/index.php\/2025\/01\/31\/compte-rendu-du-csa-d-du-31-janvier-2025\/","og_locale":"fr_FR","og_type":"article","og_title":"Compte-rendu du CSA-D du 31 janvier 2025 - SNES-FSU 53 - 1er syndicat du second degr\u00e9 de la Mayenne","og_description":"Ce vendredi 31 janvier a eu lieu la r\u00e9union du Comit\u00e9 Social d&rsquo;Administration D\u00e9partemental (CSA-D) \u00e0 la DSDEN de la Mayenne, \u00e0 Laval. Le th\u00e8me de la r\u00e9union \u00e9tait la r\u00e9partition des moyens dans le second degr\u00e9 avec la DHG, qui \u00e9tait pr\u00e9sent\u00e9e pour information aux organisations syndicales. Apr\u00e8s lecture des diff\u00e9rentes d\u00e9clarations liminaires de [&hellip;]","og_url":"https:\/\/snes53.fr\/index.php\/2025\/01\/31\/compte-rendu-du-csa-d-du-31-janvier-2025\/","og_site_name":"SNES-FSU 53 - 1er syndicat du second degr\u00e9 de la Mayenne","article_published_time":"2025-01-31T18:12:43+00:00","article_modified_time":"2025-02-04T13:21:38+00:00","og_image":[{"width":277,"height":182,"url":"https:\/\/snes53.fr\/wp-content\/uploads\/2025\/01\/csa_3.jpg","type":"image\/jpeg"}],"author":"SNES FSU 53","twitter_card":"summary_large_image","twitter_misc":{"\u00c9crit par":"SNES FSU 53","Dur\u00e9e de lecture estim\u00e9e":"6 minutes"},"schema":{"@context":"https:\/\/schema.org","@graph":[{"@type":"Article","@id":"https:\/\/snes53.fr\/index.php\/2025\/01\/31\/compte-rendu-du-csa-d-du-31-janvier-2025\/#article","isPartOf":{"@id":"https:\/\/snes53.fr\/index.php\/2025\/01\/31\/compte-rendu-du-csa-d-du-31-janvier-2025\/"},"author":{"name":"SNES FSU 53","@id":"https:\/\/snes53.fr\/#\/schema\/person\/42a254727ba896c9c6e12c398c9a7fe1"},"headline":"Compte-rendu du CSA-D du 31 janvier 2025","datePublished":"2025-01-31T18:12:43+00:00","dateModified":"2025-02-04T13:21:38+00:00","mainEntityOfPage":{"@id":"https:\/\/snes53.fr\/index.php\/2025\/01\/31\/compte-rendu-du-csa-d-du-31-janvier-2025\/"},"wordCount":1179,"publisher":{"@id":"https:\/\/snes53.fr\/#organization"},"image":{"@id":"https:\/\/snes53.fr\/index.php\/2025\/01\/31\/compte-rendu-du-csa-d-du-31-janvier-2025\/#primaryimage"},"thumbnailUrl":"https:\/\/snes53.fr\/wp-content\/uploads\/2025\/01\/csa_3.jpg","articleSection":["Actualit\u00e9s","CSA-D"],"inLanguage":"fr-FR"},{"@type":"WebPage","@id":"https:\/\/snes53.fr\/index.php\/2025\/01\/31\/compte-rendu-du-csa-d-du-31-janvier-2025\/","url":"https:\/\/snes53.fr\/index.php\/2025\/01\/31\/compte-rendu-du-csa-d-du-31-janvier-2025\/","name":"Compte-rendu du CSA-D du 31 janvier 2025 - SNES-FSU 53 - 1er syndicat du second degr\u00e9 de la Mayenne","isPartOf":{"@id":"https:\/\/snes53.fr\/#website"},"primaryImageOfPage":{"@id":"https:\/\/snes53.fr\/index.php\/2025\/01\/31\/compte-rendu-du-csa-d-du-31-janvier-2025\/#primaryimage"},"image":{"@id":"https:\/\/snes53.fr\/index.php\/2025\/01\/31\/compte-rendu-du-csa-d-du-31-janvier-2025\/#primaryimage"},"thumbnailUrl":"https:\/\/snes53.fr\/wp-content\/uploads\/2025\/01\/csa_3.jpg","datePublished":"2025-01-31T18:12:43+00:00","dateModified":"2025-02-04T13:21:38+00:00","breadcrumb":{"@id":"https:\/\/snes53.fr\/index.php\/2025\/01\/31\/compte-rendu-du-csa-d-du-31-janvier-2025\/#breadcrumb"},"inLanguage":"fr-FR","potentialAction":[{"@type":"ReadAction","target":["https:\/\/snes53.fr\/index.php\/2025\/01\/31\/compte-rendu-du-csa-d-du-31-janvier-2025\/"]}]},{"@type":"ImageObject","inLanguage":"fr-FR","@id":"https:\/\/snes53.fr\/index.php\/2025\/01\/31\/compte-rendu-du-csa-d-du-31-janvier-2025\/#primaryimage","url":"https:\/\/snes53.fr\/wp-content\/uploads\/2025\/01\/csa_3.jpg","contentUrl":"https:\/\/snes53.fr\/wp-content\/uploads\/2025\/01\/csa_3.jpg","width":277,"height":182},{"@type":"BreadcrumbList","@id":"https:\/\/snes53.fr\/index.php\/2025\/01\/31\/compte-rendu-du-csa-d-du-31-janvier-2025\/#breadcrumb","itemListElement":[{"@type":"ListItem","position":1,"name":"Accueil","item":"https:\/\/snes53.fr\/"},{"@type":"ListItem","position":2,"name":"Compte-rendu du CSA-D du 31 janvier 2025"}]},{"@type":"WebSite","@id":"https:\/\/snes53.fr\/#website","url":"https:\/\/snes53.fr\/","name":"SNES-FSU 53","description":"","publisher":{"@id":"https:\/\/snes53.fr\/#organization"},"potentialAction":[{"@type":"SearchAction","target":{"@type":"EntryPoint","urlTemplate":"https:\/\/snes53.fr\/?s={search_term_string}"},"query-input":{"@type":"PropertyValueSpecification","valueRequired":true,"valueName":"search_term_string"}}],"inLanguage":"fr-FR"},{"@type":"Organization","@id":"https:\/\/snes53.fr\/#organization","name":"SNES-FSU 53","url":"https:\/\/snes53.fr\/","logo":{"@type":"ImageObject","inLanguage":"fr-FR","@id":"https:\/\/snes53.fr\/#\/schema\/logo\/image\/","url":"https:\/\/snes53.fr\/wp-content\/uploads\/2024\/07\/cropped-logo-snes-53-v2-3.png","contentUrl":"https:\/\/snes53.fr\/wp-content\/uploads\/2024\/07\/cropped-logo-snes-53-v2-3.png","width":944,"height":831,"caption":"SNES-FSU 53"},"image":{"@id":"https:\/\/snes53.fr\/#\/schema\/logo\/image\/"}},{"@type":"Person","@id":"https:\/\/snes53.fr\/#\/schema\/person\/42a254727ba896c9c6e12c398c9a7fe1","name":"SNES FSU 53","image":{"@type":"ImageObject","inLanguage":"fr-FR","@id":"https:\/\/snes53.fr\/#\/schema\/person\/image\/","url":"https:\/\/secure.gravatar.com\/avatar\/f07ff49cdac1b172208417959738d5d1fce2e5ff8a35952ea50e41b0f5cbf932?s=96&d=mm&r=g","contentUrl":"https:\/\/secure.gravatar.com\/avatar\/f07ff49cdac1b172208417959738d5d1fce2e5ff8a35952ea50e41b0f5cbf932?s=96&d=mm&r=g","caption":"SNES FSU 53"},"sameAs":["http:\/\/snes53.fr"],"url":"https:\/\/snes53.fr\/index.php\/author\/admin9881\/"}]}},"_links":{"self":[{"href":"https:\/\/snes53.fr\/index.php\/wp-json\/wp\/v2\/posts\/259","targetHints":{"allow":["GET"]}}],"collection":[{"href":"https:\/\/snes53.fr\/index.php\/wp-json\/wp\/v2\/posts"}],"about":[{"href":"https:\/\/snes53.fr\/index.php\/wp-json\/wp\/v2\/types\/post"}],"author":[{"embeddable":true,"href":"https:\/\/snes53.fr\/index.php\/wp-json\/wp\/v2\/users\/1"}],"replies":[{"embeddable":true,"href":"https:\/\/snes53.fr\/index.php\/wp-json\/wp\/v2\/comments?post=259"}],"version-history":[{"count":3,"href":"https:\/\/snes53.fr\/index.php\/wp-json\/wp\/v2\/posts\/259\/revisions"}],"predecessor-version":[{"id":268,"href":"https:\/\/snes53.fr\/index.php\/wp-json\/wp\/v2\/posts\/259\/revisions\/268"}],"wp:featuredmedia":[{"embeddable":true,"href":"https:\/\/snes53.fr\/index.php\/wp-json\/wp\/v2\/media\/261"}],"wp:attachment":[{"href":"https:\/\/snes53.fr\/index.php\/wp-json\/wp\/v2\/media?parent=259"}],"wp:term":[{"taxonomy":"category","embeddable":true,"href":"https:\/\/snes53.fr\/index.php\/wp-json\/wp\/v2\/categories?post=259"},{"taxonomy":"post_tag","embeddable":true,"href":"https:\/\/snes53.fr\/index.php\/wp-json\/wp\/v2\/tags?post=259"}],"curies":[{"name":"wp","href":"https:\/\/api.w.org\/{rel}","templated":true}]}}