{"id":241,"date":"2025-01-17T11:46:34","date_gmt":"2025-01-17T10:46:34","guid":{"rendered":"https:\/\/snes53.fr\/?p=241"},"modified":"2025-01-18T10:22:44","modified_gmt":"2025-01-18T09:22:44","slug":"80-aesh-en-greve-a-laval-pour-revaloriser-leur-metier-reclamer-un-vrai-statut","status":"publish","type":"post","link":"https:\/\/snes53.fr\/index.php\/2025\/01\/17\/80-aesh-en-greve-a-laval-pour-revaloriser-leur-metier-reclamer-un-vrai-statut\/","title":{"rendered":"80 AESH en gr\u00e8ve \u00e0 Laval pour revaloriser leur m\u00e9tier, r\u00e9clamer un vrai statut !"},"content":{"rendered":"\n<p>Le jeudi 16 janvier \u00e0 Laval, un rassemblement r\u00e9unissant plus de 80 AESH, \u00e9tait organis\u00e9 devant la pr\u00e9fecture de la Mayenne. Puis, la FSU a \u00e9t\u00e9 re\u00e7ue en d\u00e9l\u00e9gation (avec Rachel Fedele, notre militante AESH au SNES-FSU 53 et Laurent Thoraval, secr\u00e9taire de la FSU 53) par la ministre en charge de l&rsquo;autonomie et du handicap, Charlotte Parmentier-Lecocq. L&rsquo;occasion a \u00e9t\u00e9 de lui faire parvenir nos revendications : un v\u00e9ritable statut pour les AESH (dans le corps des fonctionnaires de cat\u00e9gorie B), des revalorisations de salaire et des conditions de travail. <\/p>\n\n\n\n<p>Ci-dessous, retrouvez les diff\u00e9rents articles et reportages sur cette journ\u00e9e (avec le t\u00e9moignage de Rachel au micro de Ici Mayenne) : <\/p>\n\n\n\n<p><a href=\"https:\/\/www.francebleu.fr\/emissions\/l-info-d-ici-ici-mayenne\/on-ne-nous-entend-pas-les-aesh-manifestent-en-mayenne-pour-une-reconnaissance-de-leur-profession-6744132\">\u00ab\u00a0On ne nous entend pas\u00a0\u00bb : les AESH manifestent en Mayenne pour une reconnaissance de leur profession &#8211; ici<\/a><\/p>\n\n\n\n<p><a href=\"https:\/\/www.oxygeneradio.com\/laval-une-soixantaine-d-aesh-manifestent-contre-la-precarite-de-leur-metier\">Laval. Une soixantaine d&rsquo;AESH manifestent contre la pr\u00e9carit\u00e9 de leur m\u00e9tier<\/a><\/p>\n\n\n\n<p><a href=\"https:\/\/www.ouest-france.fr\/pays-de-la-loire\/laval-53000\/je-cumule-deux-emplois-a-laval-le-ras-le-bol-daccompagnants-deleves-en-situation-de-handicap-5e4ced72-d407-11ef-a472-523f8d5502d1\">\u00ab&nbsp;Je cumule deux emplois&nbsp;\u00bb: \u00e0 Laval, le ras-le-bol d\u2019accompagnants d\u2019\u00e9l\u00e8ves en situation de handicap<\/a><\/p>\n\n\n\n<blockquote class=\"bluesky-embed\" data-bluesky-uri=\"at:\/\/did:plc:t3qs3q75cw7rwjrh7gcp4na2\/app.bsky.feed.post\/3lfwgm6tc322p\" data-bluesky-cid=\"bafyreifxlrrgo4rv4ugpaokrbkqvhxlrubiiud5tflo52icoqwv3aqvnqi\"><p lang=\"fr\">Intervention impeccable de notre coll\u00e8gue \u00e0 l&#x27;antenne ce matin. www.francebleu.fr\/emissions\/l-&#8230;<br><br><a href=\"https:\/\/bsky.app\/profile\/did:plc:t3qs3q75cw7rwjrh7gcp4na2\/post\/3lfwgm6tc322p?ref_src=embed\">[image or embed]<\/a><\/p>&mdash; snes-fsu53.bsky.social (<a href=\"https:\/\/bsky.app\/profile\/did:plc:t3qs3q75cw7rwjrh7gcp4na2?ref_src=embed\">@snes-fsu53.bsky.social<\/a>) <a href=\"https:\/\/bsky.app\/profile\/did:plc:t3qs3q75cw7rwjrh7gcp4na2\/post\/3lfwgm6tc322p?ref_src=embed\">17 janvier 2025 \u00e0 10:00<\/a><\/blockquote><script async src=\"https:\/\/embed.bsky.app\/static\/embed.js\" charset=\"utf-8\"><\/script>\n\n\n\n<blockquote class=\"bluesky-embed\" data-bluesky-uri=\"at:\/\/did:plc:t3qs3q75cw7rwjrh7gcp4na2\/app.bsky.feed.post\/3lfuru343tc2h\" data-bluesky-cid=\"bafyreihmj4v73rpphwftbfy2xdll24tpvpvjgnidoch2p33uzhmlkvsvhq\"><p lang=\"fr\">. @fsu53mayenne.bsky.social fsu53.fsu.fr\/breve-rencon&#8230;<br><br><a href=\"https:\/\/bsky.app\/profile\/did:plc:t3qs3q75cw7rwjrh7gcp4na2\/post\/3lfuru343tc2h?ref_src=embed\">[image or embed]<\/a><\/p>&mdash; snes-fsu53.bsky.social (<a href=\"https:\/\/bsky.app\/profile\/did:plc:t3qs3q75cw7rwjrh7gcp4na2?ref_src=embed\">@snes-fsu53.bsky.social<\/a>) <a href=\"https:\/\/bsky.app\/profile\/did:plc:t3qs3q75cw7rwjrh7gcp4na2\/post\/3lfuru343tc2h?ref_src=embed\">16 janvier 2025 \u00e0 18:16<\/a><\/blockquote><script async src=\"https:\/\/embed.bsky.app\/static\/embed.js\" charset=\"utf-8\"><\/script>\n\n\n\n<p>Cr\u00e9dit photo : Ici Mayenne <\/p>\n\n\n\n<p><\/p>\n","protected":false},"excerpt":{"rendered":"<p>Le jeudi 16 janvier \u00e0 Laval, un rassemblement r\u00e9unissant plus de 80 AESH, \u00e9tait organis\u00e9 devant la pr\u00e9fecture de la Mayenne. Puis, la FSU a \u00e9t\u00e9 re\u00e7ue en d\u00e9l\u00e9gation (avec Rachel Fedele, notre militante AESH au SNES-FSU 53 et Laurent Thoraval, secr\u00e9taire de la FSU 53) par la ministre en charge de l&rsquo;autonomie et du [&hellip;]<\/p>\n","protected":false},"author":1,"featured_media":242,"comment_status":"closed","ping_status":"open","sticky":false,"template":"","format":"standard","meta":{"footnotes":""},"categories":[5],"tags":[],"class_list":["post-241","post","type-post","status-publish","format-standard","has-post-thumbnail","hentry","category-actualites"],"yoast_head":"<!-- This site is optimized with the Yoast SEO plugin v25.3.1 - https:\/\/yoast.com\/wordpress\/plugins\/seo\/ -->\n<title>80 AESH en gr\u00e8ve \u00e0 Laval pour revaloriser leur m\u00e9tier, r\u00e9clamer un vrai statut ! - SNES-FSU 53 - 1er syndicat du second degr\u00e9 de la Mayenne<\/title>\n<meta name=\"robots\" content=\"index, follow, max-snippet:-1, max-image-preview:large, max-video-preview:-1\" \/>\n<link rel=\"canonical\" href=\"https:\/\/snes53.fr\/index.php\/2025\/01\/17\/80-aesh-en-greve-a-laval-pour-revaloriser-leur-metier-reclamer-un-vrai-statut\/\" \/>\n<meta property=\"og:locale\" content=\"fr_FR\" \/>\n<meta property=\"og:type\" content=\"article\" \/>\n<meta property=\"og:title\" content=\"80 AESH en gr\u00e8ve \u00e0 Laval pour revaloriser leur m\u00e9tier, r\u00e9clamer un vrai statut ! - SNES-FSU 53 - 1er syndicat du second degr\u00e9 de la Mayenne\" \/>\n<meta property=\"og:description\" content=\"Le jeudi 16 janvier \u00e0 Laval, un rassemblement r\u00e9unissant plus de 80 AESH, \u00e9tait organis\u00e9 devant la pr\u00e9fecture de la Mayenne. Puis, la FSU a \u00e9t\u00e9 re\u00e7ue en d\u00e9l\u00e9gation (avec Rachel Fedele, notre militante AESH au SNES-FSU 53 et Laurent Thoraval, secr\u00e9taire de la FSU 53) par la ministre en charge de l&rsquo;autonomie et du [&hellip;]\" \/>\n<meta property=\"og:url\" content=\"https:\/\/snes53.fr\/index.php\/2025\/01\/17\/80-aesh-en-greve-a-laval-pour-revaloriser-leur-metier-reclamer-un-vrai-statut\/\" \/>\n<meta property=\"og:site_name\" content=\"SNES-FSU 53 - 1er syndicat du second degr\u00e9 de la Mayenne\" \/>\n<meta property=\"article:published_time\" content=\"2025-01-17T10:46:34+00:00\" \/>\n<meta property=\"article:modified_time\" content=\"2025-01-18T09:22:44+00:00\" \/>\n<meta property=\"og:image\" content=\"https:\/\/snes53.fr\/wp-content\/uploads\/2025\/01\/1200x680_sc_whatsapp-image-2025-01-16-at-17-33-51.webp\" \/>\n\t<meta property=\"og:image:width\" content=\"1200\" \/>\n\t<meta property=\"og:image:height\" content=\"680\" \/>\n\t<meta property=\"og:image:type\" content=\"image\/webp\" \/>\n<meta name=\"author\" content=\"SNES FSU 53\" \/>\n<meta name=\"twitter:card\" content=\"summary_large_image\" \/>\n<meta name=\"twitter:label1\" content=\"\u00c9crit par\" \/>\n\t<meta name=\"twitter:data1\" content=\"SNES FSU 53\" \/>\n\t<meta name=\"twitter:label2\" content=\"Dur\u00e9e de lecture estim\u00e9e\" \/>\n\t<meta name=\"twitter:data2\" content=\"1 minute\" \/>\n<script type=\"application\/ld+json\" class=\"yoast-schema-graph\">{\"@context\":\"https:\/\/schema.org\",\"@graph\":[{\"@type\":\"Article\",\"@id\":\"https:\/\/snes53.fr\/index.php\/2025\/01\/17\/80-aesh-en-greve-a-laval-pour-revaloriser-leur-metier-reclamer-un-vrai-statut\/#article\",\"isPartOf\":{\"@id\":\"https:\/\/snes53.fr\/index.php\/2025\/01\/17\/80-aesh-en-greve-a-laval-pour-revaloriser-leur-metier-reclamer-un-vrai-statut\/\"},\"author\":{\"name\":\"SNES FSU 53\",\"@id\":\"https:\/\/snes53.fr\/#\/schema\/person\/42a254727ba896c9c6e12c398c9a7fe1\"},\"headline\":\"80 AESH en gr\u00e8ve \u00e0 Laval pour revaloriser leur m\u00e9tier, r\u00e9clamer un vrai statut !\",\"datePublished\":\"2025-01-17T10:46:34+00:00\",\"dateModified\":\"2025-01-18T09:22:44+00:00\",\"mainEntityOfPage\":{\"@id\":\"https:\/\/snes53.fr\/index.php\/2025\/01\/17\/80-aesh-en-greve-a-laval-pour-revaloriser-leur-metier-reclamer-un-vrai-statut\/\"},\"wordCount\":234,\"publisher\":{\"@id\":\"https:\/\/snes53.fr\/#organization\"},\"image\":{\"@id\":\"https:\/\/snes53.fr\/index.php\/2025\/01\/17\/80-aesh-en-greve-a-laval-pour-revaloriser-leur-metier-reclamer-un-vrai-statut\/#primaryimage\"},\"thumbnailUrl\":\"https:\/\/snes53.fr\/wp-content\/uploads\/2025\/01\/1200x680_sc_whatsapp-image-2025-01-16-at-17-33-51.webp\",\"articleSection\":[\"Actualit\u00e9s\"],\"inLanguage\":\"fr-FR\"},{\"@type\":\"WebPage\",\"@id\":\"https:\/\/snes53.fr\/index.php\/2025\/01\/17\/80-aesh-en-greve-a-laval-pour-revaloriser-leur-metier-reclamer-un-vrai-statut\/\",\"url\":\"https:\/\/snes53.fr\/index.php\/2025\/01\/17\/80-aesh-en-greve-a-laval-pour-revaloriser-leur-metier-reclamer-un-vrai-statut\/\",\"name\":\"80 AESH en gr\u00e8ve \u00e0 Laval pour revaloriser leur m\u00e9tier, r\u00e9clamer un vrai statut ! - SNES-FSU 53 - 1er syndicat du second degr\u00e9 de la Mayenne\",\"isPartOf\":{\"@id\":\"https:\/\/snes53.fr\/#website\"},\"primaryImageOfPage\":{\"@id\":\"https:\/\/snes53.fr\/index.php\/2025\/01\/17\/80-aesh-en-greve-a-laval-pour-revaloriser-leur-metier-reclamer-un-vrai-statut\/#primaryimage\"},\"image\":{\"@id\":\"https:\/\/snes53.fr\/index.php\/2025\/01\/17\/80-aesh-en-greve-a-laval-pour-revaloriser-leur-metier-reclamer-un-vrai-statut\/#primaryimage\"},\"thumbnailUrl\":\"https:\/\/snes53.fr\/wp-content\/uploads\/2025\/01\/1200x680_sc_whatsapp-image-2025-01-16-at-17-33-51.webp\",\"datePublished\":\"2025-01-17T10:46:34+00:00\",\"dateModified\":\"2025-01-18T09:22:44+00:00\",\"breadcrumb\":{\"@id\":\"https:\/\/snes53.fr\/index.php\/2025\/01\/17\/80-aesh-en-greve-a-laval-pour-revaloriser-leur-metier-reclamer-un-vrai-statut\/#breadcrumb\"},\"inLanguage\":\"fr-FR\",\"potentialAction\":[{\"@type\":\"ReadAction\",\"target\":[\"https:\/\/snes53.fr\/index.php\/2025\/01\/17\/80-aesh-en-greve-a-laval-pour-revaloriser-leur-metier-reclamer-un-vrai-statut\/\"]}]},{\"@type\":\"ImageObject\",\"inLanguage\":\"fr-FR\",\"@id\":\"https:\/\/snes53.fr\/index.php\/2025\/01\/17\/80-aesh-en-greve-a-laval-pour-revaloriser-leur-metier-reclamer-un-vrai-statut\/#primaryimage\",\"url\":\"https:\/\/snes53.fr\/wp-content\/uploads\/2025\/01\/1200x680_sc_whatsapp-image-2025-01-16-at-17-33-51.webp\",\"contentUrl\":\"https:\/\/snes53.fr\/wp-content\/uploads\/2025\/01\/1200x680_sc_whatsapp-image-2025-01-16-at-17-33-51.webp\",\"width\":1200,\"height\":680},{\"@type\":\"BreadcrumbList\",\"@id\":\"https:\/\/snes53.fr\/index.php\/2025\/01\/17\/80-aesh-en-greve-a-laval-pour-revaloriser-leur-metier-reclamer-un-vrai-statut\/#breadcrumb\",\"itemListElement\":[{\"@type\":\"ListItem\",\"position\":1,\"name\":\"Accueil\",\"item\":\"https:\/\/snes53.fr\/\"},{\"@type\":\"ListItem\",\"position\":2,\"name\":\"80 AESH en gr\u00e8ve \u00e0 Laval pour revaloriser leur m\u00e9tier, r\u00e9clamer un vrai statut !\"}]},{\"@type\":\"WebSite\",\"@id\":\"https:\/\/snes53.fr\/#website\",\"url\":\"https:\/\/snes53.fr\/\",\"name\":\"SNES-FSU 53\",\"description\":\"\",\"publisher\":{\"@id\":\"https:\/\/snes53.fr\/#organization\"},\"potentialAction\":[{\"@type\":\"SearchAction\",\"target\":{\"@type\":\"EntryPoint\",\"urlTemplate\":\"https:\/\/snes53.fr\/?s={search_term_string}\"},\"query-input\":{\"@type\":\"PropertyValueSpecification\",\"valueRequired\":true,\"valueName\":\"search_term_string\"}}],\"inLanguage\":\"fr-FR\"},{\"@type\":\"Organization\",\"@id\":\"https:\/\/snes53.fr\/#organization\",\"name\":\"SNES-FSU 53\",\"url\":\"https:\/\/snes53.fr\/\",\"logo\":{\"@type\":\"ImageObject\",\"inLanguage\":\"fr-FR\",\"@id\":\"https:\/\/snes53.fr\/#\/schema\/logo\/image\/\",\"url\":\"https:\/\/snes53.fr\/wp-content\/uploads\/2024\/07\/cropped-logo-snes-53-v2-3.png\",\"contentUrl\":\"https:\/\/snes53.fr\/wp-content\/uploads\/2024\/07\/cropped-logo-snes-53-v2-3.png\",\"width\":944,\"height\":831,\"caption\":\"SNES-FSU 53\"},\"image\":{\"@id\":\"https:\/\/snes53.fr\/#\/schema\/logo\/image\/\"}},{\"@type\":\"Person\",\"@id\":\"https:\/\/snes53.fr\/#\/schema\/person\/42a254727ba896c9c6e12c398c9a7fe1\",\"name\":\"SNES FSU 53\",\"image\":{\"@type\":\"ImageObject\",\"inLanguage\":\"fr-FR\",\"@id\":\"https:\/\/snes53.fr\/#\/schema\/person\/image\/\",\"url\":\"https:\/\/secure.gravatar.com\/avatar\/f07ff49cdac1b172208417959738d5d1fce2e5ff8a35952ea50e41b0f5cbf932?s=96&d=mm&r=g\",\"contentUrl\":\"https:\/\/secure.gravatar.com\/avatar\/f07ff49cdac1b172208417959738d5d1fce2e5ff8a35952ea50e41b0f5cbf932?s=96&d=mm&r=g\",\"caption\":\"SNES FSU 53\"},\"sameAs\":[\"http:\/\/snes53.fr\"],\"url\":\"https:\/\/snes53.fr\/index.php\/author\/admin9881\/\"}]}<\/script>\n<!-- \/ Yoast SEO plugin. -->","yoast_head_json":{"title":"80 AESH en gr\u00e8ve \u00e0 Laval pour revaloriser leur m\u00e9tier, r\u00e9clamer un vrai statut ! - SNES-FSU 53 - 1er syndicat du second degr\u00e9 de la Mayenne","robots":{"index":"index","follow":"follow","max-snippet":"max-snippet:-1","max-image-preview":"max-image-preview:large","max-video-preview":"max-video-preview:-1"},"canonical":"https:\/\/snes53.fr\/index.php\/2025\/01\/17\/80-aesh-en-greve-a-laval-pour-revaloriser-leur-metier-reclamer-un-vrai-statut\/","og_locale":"fr_FR","og_type":"article","og_title":"80 AESH en gr\u00e8ve \u00e0 Laval pour revaloriser leur m\u00e9tier, r\u00e9clamer un vrai statut ! - SNES-FSU 53 - 1er syndicat du second degr\u00e9 de la Mayenne","og_description":"Le jeudi 16 janvier \u00e0 Laval, un rassemblement r\u00e9unissant plus de 80 AESH, \u00e9tait organis\u00e9 devant la pr\u00e9fecture de la Mayenne. Puis, la FSU a \u00e9t\u00e9 re\u00e7ue en d\u00e9l\u00e9gation (avec Rachel Fedele, notre militante AESH au SNES-FSU 53 et Laurent Thoraval, secr\u00e9taire de la FSU 53) par la ministre en charge de l&rsquo;autonomie et du [&hellip;]","og_url":"https:\/\/snes53.fr\/index.php\/2025\/01\/17\/80-aesh-en-greve-a-laval-pour-revaloriser-leur-metier-reclamer-un-vrai-statut\/","og_site_name":"SNES-FSU 53 - 1er syndicat du second degr\u00e9 de la Mayenne","article_published_time":"2025-01-17T10:46:34+00:00","article_modified_time":"2025-01-18T09:22:44+00:00","og_image":[{"width":1200,"height":680,"url":"https:\/\/snes53.fr\/wp-content\/uploads\/2025\/01\/1200x680_sc_whatsapp-image-2025-01-16-at-17-33-51.webp","type":"image\/webp"}],"author":"SNES FSU 53","twitter_card":"summary_large_image","twitter_misc":{"\u00c9crit par":"SNES FSU 53","Dur\u00e9e de lecture estim\u00e9e":"1 minute"},"schema":{"@context":"https:\/\/schema.org","@graph":[{"@type":"Article","@id":"https:\/\/snes53.fr\/index.php\/2025\/01\/17\/80-aesh-en-greve-a-laval-pour-revaloriser-leur-metier-reclamer-un-vrai-statut\/#article","isPartOf":{"@id":"https:\/\/snes53.fr\/index.php\/2025\/01\/17\/80-aesh-en-greve-a-laval-pour-revaloriser-leur-metier-reclamer-un-vrai-statut\/"},"author":{"name":"SNES FSU 53","@id":"https:\/\/snes53.fr\/#\/schema\/person\/42a254727ba896c9c6e12c398c9a7fe1"},"headline":"80 AESH en gr\u00e8ve \u00e0 Laval pour revaloriser leur m\u00e9tier, r\u00e9clamer un vrai statut !","datePublished":"2025-01-17T10:46:34+00:00","dateModified":"2025-01-18T09:22:44+00:00","mainEntityOfPage":{"@id":"https:\/\/snes53.fr\/index.php\/2025\/01\/17\/80-aesh-en-greve-a-laval-pour-revaloriser-leur-metier-reclamer-un-vrai-statut\/"},"wordCount":234,"publisher":{"@id":"https:\/\/snes53.fr\/#organization"},"image":{"@id":"https:\/\/snes53.fr\/index.php\/2025\/01\/17\/80-aesh-en-greve-a-laval-pour-revaloriser-leur-metier-reclamer-un-vrai-statut\/#primaryimage"},"thumbnailUrl":"https:\/\/snes53.fr\/wp-content\/uploads\/2025\/01\/1200x680_sc_whatsapp-image-2025-01-16-at-17-33-51.webp","articleSection":["Actualit\u00e9s"],"inLanguage":"fr-FR"},{"@type":"WebPage","@id":"https:\/\/snes53.fr\/index.php\/2025\/01\/17\/80-aesh-en-greve-a-laval-pour-revaloriser-leur-metier-reclamer-un-vrai-statut\/","url":"https:\/\/snes53.fr\/index.php\/2025\/01\/17\/80-aesh-en-greve-a-laval-pour-revaloriser-leur-metier-reclamer-un-vrai-statut\/","name":"80 AESH en gr\u00e8ve \u00e0 Laval pour revaloriser leur m\u00e9tier, r\u00e9clamer un vrai statut ! - SNES-FSU 53 - 1er syndicat du second degr\u00e9 de la Mayenne","isPartOf":{"@id":"https:\/\/snes53.fr\/#website"},"primaryImageOfPage":{"@id":"https:\/\/snes53.fr\/index.php\/2025\/01\/17\/80-aesh-en-greve-a-laval-pour-revaloriser-leur-metier-reclamer-un-vrai-statut\/#primaryimage"},"image":{"@id":"https:\/\/snes53.fr\/index.php\/2025\/01\/17\/80-aesh-en-greve-a-laval-pour-revaloriser-leur-metier-reclamer-un-vrai-statut\/#primaryimage"},"thumbnailUrl":"https:\/\/snes53.fr\/wp-content\/uploads\/2025\/01\/1200x680_sc_whatsapp-image-2025-01-16-at-17-33-51.webp","datePublished":"2025-01-17T10:46:34+00:00","dateModified":"2025-01-18T09:22:44+00:00","breadcrumb":{"@id":"https:\/\/snes53.fr\/index.php\/2025\/01\/17\/80-aesh-en-greve-a-laval-pour-revaloriser-leur-metier-reclamer-un-vrai-statut\/#breadcrumb"},"inLanguage":"fr-FR","potentialAction":[{"@type":"ReadAction","target":["https:\/\/snes53.fr\/index.php\/2025\/01\/17\/80-aesh-en-greve-a-laval-pour-revaloriser-leur-metier-reclamer-un-vrai-statut\/"]}]},{"@type":"ImageObject","inLanguage":"fr-FR","@id":"https:\/\/snes53.fr\/index.php\/2025\/01\/17\/80-aesh-en-greve-a-laval-pour-revaloriser-leur-metier-reclamer-un-vrai-statut\/#primaryimage","url":"https:\/\/snes53.fr\/wp-content\/uploads\/2025\/01\/1200x680_sc_whatsapp-image-2025-01-16-at-17-33-51.webp","contentUrl":"https:\/\/snes53.fr\/wp-content\/uploads\/2025\/01\/1200x680_sc_whatsapp-image-2025-01-16-at-17-33-51.webp","width":1200,"height":680},{"@type":"BreadcrumbList","@id":"https:\/\/snes53.fr\/index.php\/2025\/01\/17\/80-aesh-en-greve-a-laval-pour-revaloriser-leur-metier-reclamer-un-vrai-statut\/#breadcrumb","itemListElement":[{"@type":"ListItem","position":1,"name":"Accueil","item":"https:\/\/snes53.fr\/"},{"@type":"ListItem","position":2,"name":"80 AESH en gr\u00e8ve \u00e0 Laval pour revaloriser leur m\u00e9tier, r\u00e9clamer un vrai statut !"}]},{"@type":"WebSite","@id":"https:\/\/snes53.fr\/#website","url":"https:\/\/snes53.fr\/","name":"SNES-FSU 53","description":"","publisher":{"@id":"https:\/\/snes53.fr\/#organization"},"potentialAction":[{"@type":"SearchAction","target":{"@type":"EntryPoint","urlTemplate":"https:\/\/snes53.fr\/?s={search_term_string}"},"query-input":{"@type":"PropertyValueSpecification","valueRequired":true,"valueName":"search_term_string"}}],"inLanguage":"fr-FR"},{"@type":"Organization","@id":"https:\/\/snes53.fr\/#organization","name":"SNES-FSU 53","url":"https:\/\/snes53.fr\/","logo":{"@type":"ImageObject","inLanguage":"fr-FR","@id":"https:\/\/snes53.fr\/#\/schema\/logo\/image\/","url":"https:\/\/snes53.fr\/wp-content\/uploads\/2024\/07\/cropped-logo-snes-53-v2-3.png","contentUrl":"https:\/\/snes53.fr\/wp-content\/uploads\/2024\/07\/cropped-logo-snes-53-v2-3.png","width":944,"height":831,"caption":"SNES-FSU 53"},"image":{"@id":"https:\/\/snes53.fr\/#\/schema\/logo\/image\/"}},{"@type":"Person","@id":"https:\/\/snes53.fr\/#\/schema\/person\/42a254727ba896c9c6e12c398c9a7fe1","name":"SNES FSU 53","image":{"@type":"ImageObject","inLanguage":"fr-FR","@id":"https:\/\/snes53.fr\/#\/schema\/person\/image\/","url":"https:\/\/secure.gravatar.com\/avatar\/f07ff49cdac1b172208417959738d5d1fce2e5ff8a35952ea50e41b0f5cbf932?s=96&d=mm&r=g","contentUrl":"https:\/\/secure.gravatar.com\/avatar\/f07ff49cdac1b172208417959738d5d1fce2e5ff8a35952ea50e41b0f5cbf932?s=96&d=mm&r=g","caption":"SNES FSU 53"},"sameAs":["http:\/\/snes53.fr"],"url":"https:\/\/snes53.fr\/index.php\/author\/admin9881\/"}]}},"_links":{"self":[{"href":"https:\/\/snes53.fr\/index.php\/wp-json\/wp\/v2\/posts\/241","targetHints":{"allow":["GET"]}}],"collection":[{"href":"https:\/\/snes53.fr\/index.php\/wp-json\/wp\/v2\/posts"}],"about":[{"href":"https:\/\/snes53.fr\/index.php\/wp-json\/wp\/v2\/types\/post"}],"author":[{"embeddable":true,"href":"https:\/\/snes53.fr\/index.php\/wp-json\/wp\/v2\/users\/1"}],"replies":[{"embeddable":true,"href":"https:\/\/snes53.fr\/index.php\/wp-json\/wp\/v2\/comments?post=241"}],"version-history":[{"count":2,"href":"https:\/\/snes53.fr\/index.php\/wp-json\/wp\/v2\/posts\/241\/revisions"}],"predecessor-version":[{"id":250,"href":"https:\/\/snes53.fr\/index.php\/wp-json\/wp\/v2\/posts\/241\/revisions\/250"}],"wp:featuredmedia":[{"embeddable":true,"href":"https:\/\/snes53.fr\/index.php\/wp-json\/wp\/v2\/media\/242"}],"wp:attachment":[{"href":"https:\/\/snes53.fr\/index.php\/wp-json\/wp\/v2\/media?parent=241"}],"wp:term":[{"taxonomy":"category","embeddable":true,"href":"https:\/\/snes53.fr\/index.php\/wp-json\/wp\/v2\/categories?post=241"},{"taxonomy":"post_tag","embeddable":true,"href":"https:\/\/snes53.fr\/index.php\/wp-json\/wp\/v2\/tags?post=241"}],"curies":[{"name":"wp","href":"https:\/\/api.w.org\/{rel}","templated":true}]}}