{"id":230,"date":"2025-01-14T11:08:40","date_gmt":"2025-01-14T10:08:40","guid":{"rendered":"https:\/\/snes53.fr\/?p=230"},"modified":"2025-01-17T11:50:20","modified_gmt":"2025-01-17T10:50:20","slug":"la-dasen-de-la-mayenne-sur-le-depart","status":"publish","type":"post","link":"https:\/\/snes53.fr\/index.php\/2025\/01\/14\/la-dasen-de-la-mayenne-sur-le-depart\/","title":{"rendered":"La DASEN de la Mayenne sur le d\u00e9part ? (r\u00e9ponse : OUI)"},"content":{"rendered":"\n<p>Madame Brigitte Lacoste, Dasen de la Mayenne, serait en partance pour devenir conseill\u00e8re rue de Grenelle, ne pr\u00e9venant que les chefs d&rsquo;\u00e9tablissements du 2nd degr\u00e9 (donc en oubliant de dire au revoir aux directeurs d&rsquo;\u00e9coles, aux organisations syndicales, aux personnels)\u2026 c&rsquo;\u00e9tait compter sans la vigilance du SNES-FSU53. Alors Mme Lacoste, qu&rsquo;en est-il ? Nos \u00e9lu\u2022es nationaux.nales vont-iels bien vous croiser aupr\u00e8s de Madame&nbsp;la&nbsp;Ministre&nbsp;? <\/p>\n\n\n\n<p>EDIT : Depuis la publication de cet article, la DSDEN de la Mayenne a r\u00e9agit en confirmant nos informations ainsi que celles d&rsquo;AEF, par la voix de son secr\u00e9taire g\u00e9n\u00e9ral (qui suppl\u00e9e temporairement, le temps que le poste soit pourvu). Madame Lacoste a elle (enfin) r\u00e9pondu le 16 janvier dernier (suite \u00e0 la publication dans le Journal Officiel de sa nomination, qui datait du 6 janvier quand m\u00eame) en annon\u00e7ant son d\u00e9part (qui \u00e9tait d\u00e9j\u00e0 act\u00e9). Il serait bien, \u00e0 l&rsquo;avenir, communiquer un peu mieux vers les personnels et les organisations syndicales, plut\u00f4t que de l&rsquo;annoncer qu&rsquo;\u00e0 quelques personnes choisies (ici les personnels de direction du secondaire) &#8230; <\/p>\n\n\n\n<figure class=\"wp-block-image size-large\"><img loading=\"lazy\" decoding=\"async\" width=\"1024\" height=\"428\" src=\"https:\/\/snes53.fr\/wp-content\/uploads\/2025\/01\/Capture-decran-2025-01-14-111309-1024x428.png\" alt=\"\" class=\"wp-image-236\" srcset=\"https:\/\/snes53.fr\/wp-content\/uploads\/2025\/01\/Capture-decran-2025-01-14-111309-1024x428.png 1024w, https:\/\/snes53.fr\/wp-content\/uploads\/2025\/01\/Capture-decran-2025-01-14-111309-300x125.png 300w, https:\/\/snes53.fr\/wp-content\/uploads\/2025\/01\/Capture-decran-2025-01-14-111309-768x321.png 768w, https:\/\/snes53.fr\/wp-content\/uploads\/2025\/01\/Capture-decran-2025-01-14-111309-1536x641.png 1536w, https:\/\/snes53.fr\/wp-content\/uploads\/2025\/01\/Capture-decran-2025-01-14-111309.png 1897w\" sizes=\"auto, (max-width: 1024px) 100vw, 1024px\" \/><\/figure>\n\n\n\n<p><a href=\"https:\/\/www.aefinfo.fr\/depeche\/724391-brigitte-lacoste-dasen-de-la-mayenne-et-sandra-meunier-ia-ipr-creteil-vont-rejoindre-le-cabinet-d-elisabeth-borne\">Brigitte Lacoste (Dasen de la Mayenne) et Sandra Meunier (IA-IPR Cr\u00e9teil)&#8230;<\/a><\/p>\n\n\n\n<blockquote class=\"bluesky-embed\" data-bluesky-uri=\"at:\/\/did:plc:t3qs3q75cw7rwjrh7gcp4na2\/app.bsky.feed.post\/3lfp6mzni5k2n\" data-bluesky-cid=\"bafyreid7spz75pw5b2gixzn6n2buqctfzrdw6ncdnyjruun6nl5piyaxz4\"><p lang=\"fr\">Madame Brigitte Lacoste,Dasen de la Mayenne,serait en partance pour devenir conseill\u00e8re rue de Grenelle,ne pr\u00e9venant que les chefs d&#x27;\u00e9tablissements du 2nd degr\u00e9(donc en oubliant de dire au revoir aux directeurs d&#x27;\u00e9coles,aux organisations syndicales,aux personnels)&#8230; \n\nwww.aefinfo.fr\/depeche\/7243&#8230;<br><br><a href=\"https:\/\/bsky.app\/profile\/did:plc:t3qs3q75cw7rwjrh7gcp4na2\/post\/3lfp6mzni5k2n?ref_src=embed\">[image or embed]<\/a><\/p>&mdash; snes-fsu53.bsky.social (<a href=\"https:\/\/bsky.app\/profile\/did:plc:t3qs3q75cw7rwjrh7gcp4na2?ref_src=embed\">@snes-fsu53.bsky.social<\/a>) <a href=\"https:\/\/bsky.app\/profile\/did:plc:t3qs3q75cw7rwjrh7gcp4na2\/post\/3lfp6mzni5k2n?ref_src=embed\">14 janvier 2025 \u00e0 12:49<\/a><\/blockquote><script async src=\"https:\/\/embed.bsky.app\/static\/embed.js\" charset=\"utf-8\"><\/script>\n\n\n\n<blockquote class=\"twitter-tweet\"><p lang=\"und\" dir=\"ltr\">. <a href=\"https:\/\/twitter.com\/BrigitteLacost4?ref_src=twsrc%5Etfw\">@BrigitteLacost4<\/a> <a href=\"https:\/\/twitter.com\/DSDEN53?ref_src=twsrc%5Etfw\">@DSDEN53<\/a> <a href=\"https:\/\/twitter.com\/SNESFSU?ref_src=twsrc%5Etfw\">@SNESFSU<\/a> <a href=\"https:\/\/twitter.com\/Prefet53?ref_src=twsrc%5Etfw\">@Prefet53<\/a> <a href=\"https:\/\/t.co\/PmYl0fGDGu\">https:\/\/t.co\/PmYl0fGDGu<\/a><a href=\"https:\/\/t.co\/vgaOdHxfvB\">https:\/\/t.co\/vgaOdHxfvB<\/a> <a href=\"https:\/\/t.co\/WfUoNkLbiD\">pic.twitter.com\/WfUoNkLbiD<\/a><\/p>&mdash; SNES FSU 53 (@SNES_FSU53) <a href=\"https:\/\/twitter.com\/SNES_FSU53\/status\/1879134770770460823?ref_src=twsrc%5Etfw\">January 14, 2025<\/a><\/blockquote> <script async src=\"https:\/\/platform.twitter.com\/widgets.js\" charset=\"utf-8\"><\/script>\n","protected":false},"excerpt":{"rendered":"<p>Madame Brigitte Lacoste, Dasen de la Mayenne, serait en partance pour devenir conseill\u00e8re rue de Grenelle, ne pr\u00e9venant que les chefs d&rsquo;\u00e9tablissements du 2nd degr\u00e9 (donc en oubliant de dire au revoir aux directeurs d&rsquo;\u00e9coles, aux organisations syndicales, aux personnels)\u2026 c&rsquo;\u00e9tait compter sans la vigilance du SNES-FSU53. Alors Mme Lacoste, qu&rsquo;en est-il ? Nos \u00e9lu\u2022es [&hellip;]<\/p>\n","protected":false},"author":1,"featured_media":231,"comment_status":"closed","ping_status":"open","sticky":false,"template":"","format":"standard","meta":{"footnotes":""},"categories":[5],"tags":[],"class_list":["post-230","post","type-post","status-publish","format-standard","has-post-thumbnail","hentry","category-actualites"],"yoast_head":"<!-- This site is optimized with the Yoast SEO plugin v25.3.1 - https:\/\/yoast.com\/wordpress\/plugins\/seo\/ -->\n<title>La DASEN de la Mayenne sur le d\u00e9part ? (r\u00e9ponse : OUI) - SNES-FSU 53 - 1er syndicat du second degr\u00e9 de la Mayenne<\/title>\n<meta name=\"robots\" content=\"index, follow, max-snippet:-1, max-image-preview:large, max-video-preview:-1\" \/>\n<link rel=\"canonical\" href=\"https:\/\/snes53.fr\/index.php\/2025\/01\/14\/la-dasen-de-la-mayenne-sur-le-depart\/\" \/>\n<meta property=\"og:locale\" content=\"fr_FR\" \/>\n<meta property=\"og:type\" content=\"article\" \/>\n<meta property=\"og:title\" content=\"La DASEN de la Mayenne sur le d\u00e9part ? (r\u00e9ponse : OUI) - SNES-FSU 53 - 1er syndicat du second degr\u00e9 de la Mayenne\" \/>\n<meta property=\"og:description\" content=\"Madame Brigitte Lacoste, Dasen de la Mayenne, serait en partance pour devenir conseill\u00e8re rue de Grenelle, ne pr\u00e9venant que les chefs d&rsquo;\u00e9tablissements du 2nd degr\u00e9 (donc en oubliant de dire au revoir aux directeurs d&rsquo;\u00e9coles, aux organisations syndicales, aux personnels)\u2026 c&rsquo;\u00e9tait compter sans la vigilance du SNES-FSU53. Alors Mme Lacoste, qu&rsquo;en est-il ? Nos \u00e9lu\u2022es [&hellip;]\" \/>\n<meta property=\"og:url\" content=\"https:\/\/snes53.fr\/index.php\/2025\/01\/14\/la-dasen-de-la-mayenne-sur-le-depart\/\" \/>\n<meta property=\"og:site_name\" content=\"SNES-FSU 53 - 1er syndicat du second degr\u00e9 de la Mayenne\" \/>\n<meta property=\"article:published_time\" content=\"2025-01-14T10:08:40+00:00\" \/>\n<meta property=\"article:modified_time\" content=\"2025-01-17T10:50:20+00:00\" \/>\n<meta property=\"og:image\" content=\"https:\/\/snes53.fr\/wp-content\/uploads\/2025\/01\/Capture-decran-2025-01-14-110735.png\" \/>\n\t<meta property=\"og:image:width\" content=\"1557\" \/>\n\t<meta property=\"og:image:height\" content=\"875\" \/>\n\t<meta property=\"og:image:type\" content=\"image\/png\" \/>\n<meta name=\"author\" content=\"SNES FSU 53\" \/>\n<meta name=\"twitter:card\" content=\"summary_large_image\" \/>\n<meta name=\"twitter:label1\" content=\"\u00c9crit par\" \/>\n\t<meta name=\"twitter:data1\" content=\"SNES FSU 53\" \/>\n\t<meta name=\"twitter:label2\" content=\"Dur\u00e9e de lecture estim\u00e9e\" \/>\n\t<meta name=\"twitter:data2\" content=\"1 minute\" \/>\n<script type=\"application\/ld+json\" class=\"yoast-schema-graph\">{\"@context\":\"https:\/\/schema.org\",\"@graph\":[{\"@type\":\"Article\",\"@id\":\"https:\/\/snes53.fr\/index.php\/2025\/01\/14\/la-dasen-de-la-mayenne-sur-le-depart\/#article\",\"isPartOf\":{\"@id\":\"https:\/\/snes53.fr\/index.php\/2025\/01\/14\/la-dasen-de-la-mayenne-sur-le-depart\/\"},\"author\":{\"name\":\"SNES FSU 53\",\"@id\":\"https:\/\/snes53.fr\/#\/schema\/person\/42a254727ba896c9c6e12c398c9a7fe1\"},\"headline\":\"La DASEN de la Mayenne sur le d\u00e9part ? (r\u00e9ponse : OUI)\",\"datePublished\":\"2025-01-14T10:08:40+00:00\",\"dateModified\":\"2025-01-17T10:50:20+00:00\",\"mainEntityOfPage\":{\"@id\":\"https:\/\/snes53.fr\/index.php\/2025\/01\/14\/la-dasen-de-la-mayenne-sur-le-depart\/\"},\"wordCount\":300,\"publisher\":{\"@id\":\"https:\/\/snes53.fr\/#organization\"},\"image\":{\"@id\":\"https:\/\/snes53.fr\/index.php\/2025\/01\/14\/la-dasen-de-la-mayenne-sur-le-depart\/#primaryimage\"},\"thumbnailUrl\":\"https:\/\/snes53.fr\/wp-content\/uploads\/2025\/01\/Capture-decran-2025-01-14-110735.png\",\"articleSection\":[\"Actualit\u00e9s\"],\"inLanguage\":\"fr-FR\"},{\"@type\":\"WebPage\",\"@id\":\"https:\/\/snes53.fr\/index.php\/2025\/01\/14\/la-dasen-de-la-mayenne-sur-le-depart\/\",\"url\":\"https:\/\/snes53.fr\/index.php\/2025\/01\/14\/la-dasen-de-la-mayenne-sur-le-depart\/\",\"name\":\"La DASEN de la Mayenne sur le d\u00e9part ? (r\u00e9ponse : OUI) - SNES-FSU 53 - 1er syndicat du second degr\u00e9 de la Mayenne\",\"isPartOf\":{\"@id\":\"https:\/\/snes53.fr\/#website\"},\"primaryImageOfPage\":{\"@id\":\"https:\/\/snes53.fr\/index.php\/2025\/01\/14\/la-dasen-de-la-mayenne-sur-le-depart\/#primaryimage\"},\"image\":{\"@id\":\"https:\/\/snes53.fr\/index.php\/2025\/01\/14\/la-dasen-de-la-mayenne-sur-le-depart\/#primaryimage\"},\"thumbnailUrl\":\"https:\/\/snes53.fr\/wp-content\/uploads\/2025\/01\/Capture-decran-2025-01-14-110735.png\",\"datePublished\":\"2025-01-14T10:08:40+00:00\",\"dateModified\":\"2025-01-17T10:50:20+00:00\",\"breadcrumb\":{\"@id\":\"https:\/\/snes53.fr\/index.php\/2025\/01\/14\/la-dasen-de-la-mayenne-sur-le-depart\/#breadcrumb\"},\"inLanguage\":\"fr-FR\",\"potentialAction\":[{\"@type\":\"ReadAction\",\"target\":[\"https:\/\/snes53.fr\/index.php\/2025\/01\/14\/la-dasen-de-la-mayenne-sur-le-depart\/\"]}]},{\"@type\":\"ImageObject\",\"inLanguage\":\"fr-FR\",\"@id\":\"https:\/\/snes53.fr\/index.php\/2025\/01\/14\/la-dasen-de-la-mayenne-sur-le-depart\/#primaryimage\",\"url\":\"https:\/\/snes53.fr\/wp-content\/uploads\/2025\/01\/Capture-decran-2025-01-14-110735.png\",\"contentUrl\":\"https:\/\/snes53.fr\/wp-content\/uploads\/2025\/01\/Capture-decran-2025-01-14-110735.png\",\"width\":1557,\"height\":875},{\"@type\":\"BreadcrumbList\",\"@id\":\"https:\/\/snes53.fr\/index.php\/2025\/01\/14\/la-dasen-de-la-mayenne-sur-le-depart\/#breadcrumb\",\"itemListElement\":[{\"@type\":\"ListItem\",\"position\":1,\"name\":\"Accueil\",\"item\":\"https:\/\/snes53.fr\/\"},{\"@type\":\"ListItem\",\"position\":2,\"name\":\"La DASEN de la Mayenne sur le d\u00e9part ? (r\u00e9ponse : OUI)\"}]},{\"@type\":\"WebSite\",\"@id\":\"https:\/\/snes53.fr\/#website\",\"url\":\"https:\/\/snes53.fr\/\",\"name\":\"SNES-FSU 53\",\"description\":\"\",\"publisher\":{\"@id\":\"https:\/\/snes53.fr\/#organization\"},\"potentialAction\":[{\"@type\":\"SearchAction\",\"target\":{\"@type\":\"EntryPoint\",\"urlTemplate\":\"https:\/\/snes53.fr\/?s={search_term_string}\"},\"query-input\":{\"@type\":\"PropertyValueSpecification\",\"valueRequired\":true,\"valueName\":\"search_term_string\"}}],\"inLanguage\":\"fr-FR\"},{\"@type\":\"Organization\",\"@id\":\"https:\/\/snes53.fr\/#organization\",\"name\":\"SNES-FSU 53\",\"url\":\"https:\/\/snes53.fr\/\",\"logo\":{\"@type\":\"ImageObject\",\"inLanguage\":\"fr-FR\",\"@id\":\"https:\/\/snes53.fr\/#\/schema\/logo\/image\/\",\"url\":\"https:\/\/snes53.fr\/wp-content\/uploads\/2024\/07\/cropped-logo-snes-53-v2-3.png\",\"contentUrl\":\"https:\/\/snes53.fr\/wp-content\/uploads\/2024\/07\/cropped-logo-snes-53-v2-3.png\",\"width\":944,\"height\":831,\"caption\":\"SNES-FSU 53\"},\"image\":{\"@id\":\"https:\/\/snes53.fr\/#\/schema\/logo\/image\/\"}},{\"@type\":\"Person\",\"@id\":\"https:\/\/snes53.fr\/#\/schema\/person\/42a254727ba896c9c6e12c398c9a7fe1\",\"name\":\"SNES FSU 53\",\"image\":{\"@type\":\"ImageObject\",\"inLanguage\":\"fr-FR\",\"@id\":\"https:\/\/snes53.fr\/#\/schema\/person\/image\/\",\"url\":\"https:\/\/secure.gravatar.com\/avatar\/f07ff49cdac1b172208417959738d5d1fce2e5ff8a35952ea50e41b0f5cbf932?s=96&d=mm&r=g\",\"contentUrl\":\"https:\/\/secure.gravatar.com\/avatar\/f07ff49cdac1b172208417959738d5d1fce2e5ff8a35952ea50e41b0f5cbf932?s=96&d=mm&r=g\",\"caption\":\"SNES FSU 53\"},\"sameAs\":[\"http:\/\/snes53.fr\"],\"url\":\"https:\/\/snes53.fr\/index.php\/author\/admin9881\/\"}]}<\/script>\n<!-- \/ Yoast SEO plugin. -->","yoast_head_json":{"title":"La DASEN de la Mayenne sur le d\u00e9part ? (r\u00e9ponse : OUI) - SNES-FSU 53 - 1er syndicat du second degr\u00e9 de la Mayenne","robots":{"index":"index","follow":"follow","max-snippet":"max-snippet:-1","max-image-preview":"max-image-preview:large","max-video-preview":"max-video-preview:-1"},"canonical":"https:\/\/snes53.fr\/index.php\/2025\/01\/14\/la-dasen-de-la-mayenne-sur-le-depart\/","og_locale":"fr_FR","og_type":"article","og_title":"La DASEN de la Mayenne sur le d\u00e9part ? (r\u00e9ponse : OUI) - SNES-FSU 53 - 1er syndicat du second degr\u00e9 de la Mayenne","og_description":"Madame Brigitte Lacoste, Dasen de la Mayenne, serait en partance pour devenir conseill\u00e8re rue de Grenelle, ne pr\u00e9venant que les chefs d&rsquo;\u00e9tablissements du 2nd degr\u00e9 (donc en oubliant de dire au revoir aux directeurs d&rsquo;\u00e9coles, aux organisations syndicales, aux personnels)\u2026 c&rsquo;\u00e9tait compter sans la vigilance du SNES-FSU53. Alors Mme Lacoste, qu&rsquo;en est-il ? Nos \u00e9lu\u2022es [&hellip;]","og_url":"https:\/\/snes53.fr\/index.php\/2025\/01\/14\/la-dasen-de-la-mayenne-sur-le-depart\/","og_site_name":"SNES-FSU 53 - 1er syndicat du second degr\u00e9 de la Mayenne","article_published_time":"2025-01-14T10:08:40+00:00","article_modified_time":"2025-01-17T10:50:20+00:00","og_image":[{"width":1557,"height":875,"url":"https:\/\/snes53.fr\/wp-content\/uploads\/2025\/01\/Capture-decran-2025-01-14-110735.png","type":"image\/png"}],"author":"SNES FSU 53","twitter_card":"summary_large_image","twitter_misc":{"\u00c9crit par":"SNES FSU 53","Dur\u00e9e de lecture estim\u00e9e":"1 minute"},"schema":{"@context":"https:\/\/schema.org","@graph":[{"@type":"Article","@id":"https:\/\/snes53.fr\/index.php\/2025\/01\/14\/la-dasen-de-la-mayenne-sur-le-depart\/#article","isPartOf":{"@id":"https:\/\/snes53.fr\/index.php\/2025\/01\/14\/la-dasen-de-la-mayenne-sur-le-depart\/"},"author":{"name":"SNES FSU 53","@id":"https:\/\/snes53.fr\/#\/schema\/person\/42a254727ba896c9c6e12c398c9a7fe1"},"headline":"La DASEN de la Mayenne sur le d\u00e9part ? (r\u00e9ponse : OUI)","datePublished":"2025-01-14T10:08:40+00:00","dateModified":"2025-01-17T10:50:20+00:00","mainEntityOfPage":{"@id":"https:\/\/snes53.fr\/index.php\/2025\/01\/14\/la-dasen-de-la-mayenne-sur-le-depart\/"},"wordCount":300,"publisher":{"@id":"https:\/\/snes53.fr\/#organization"},"image":{"@id":"https:\/\/snes53.fr\/index.php\/2025\/01\/14\/la-dasen-de-la-mayenne-sur-le-depart\/#primaryimage"},"thumbnailUrl":"https:\/\/snes53.fr\/wp-content\/uploads\/2025\/01\/Capture-decran-2025-01-14-110735.png","articleSection":["Actualit\u00e9s"],"inLanguage":"fr-FR"},{"@type":"WebPage","@id":"https:\/\/snes53.fr\/index.php\/2025\/01\/14\/la-dasen-de-la-mayenne-sur-le-depart\/","url":"https:\/\/snes53.fr\/index.php\/2025\/01\/14\/la-dasen-de-la-mayenne-sur-le-depart\/","name":"La DASEN de la Mayenne sur le d\u00e9part ? (r\u00e9ponse : OUI) - SNES-FSU 53 - 1er syndicat du second degr\u00e9 de la Mayenne","isPartOf":{"@id":"https:\/\/snes53.fr\/#website"},"primaryImageOfPage":{"@id":"https:\/\/snes53.fr\/index.php\/2025\/01\/14\/la-dasen-de-la-mayenne-sur-le-depart\/#primaryimage"},"image":{"@id":"https:\/\/snes53.fr\/index.php\/2025\/01\/14\/la-dasen-de-la-mayenne-sur-le-depart\/#primaryimage"},"thumbnailUrl":"https:\/\/snes53.fr\/wp-content\/uploads\/2025\/01\/Capture-decran-2025-01-14-110735.png","datePublished":"2025-01-14T10:08:40+00:00","dateModified":"2025-01-17T10:50:20+00:00","breadcrumb":{"@id":"https:\/\/snes53.fr\/index.php\/2025\/01\/14\/la-dasen-de-la-mayenne-sur-le-depart\/#breadcrumb"},"inLanguage":"fr-FR","potentialAction":[{"@type":"ReadAction","target":["https:\/\/snes53.fr\/index.php\/2025\/01\/14\/la-dasen-de-la-mayenne-sur-le-depart\/"]}]},{"@type":"ImageObject","inLanguage":"fr-FR","@id":"https:\/\/snes53.fr\/index.php\/2025\/01\/14\/la-dasen-de-la-mayenne-sur-le-depart\/#primaryimage","url":"https:\/\/snes53.fr\/wp-content\/uploads\/2025\/01\/Capture-decran-2025-01-14-110735.png","contentUrl":"https:\/\/snes53.fr\/wp-content\/uploads\/2025\/01\/Capture-decran-2025-01-14-110735.png","width":1557,"height":875},{"@type":"BreadcrumbList","@id":"https:\/\/snes53.fr\/index.php\/2025\/01\/14\/la-dasen-de-la-mayenne-sur-le-depart\/#breadcrumb","itemListElement":[{"@type":"ListItem","position":1,"name":"Accueil","item":"https:\/\/snes53.fr\/"},{"@type":"ListItem","position":2,"name":"La DASEN de la Mayenne sur le d\u00e9part ? (r\u00e9ponse : OUI)"}]},{"@type":"WebSite","@id":"https:\/\/snes53.fr\/#website","url":"https:\/\/snes53.fr\/","name":"SNES-FSU 53","description":"","publisher":{"@id":"https:\/\/snes53.fr\/#organization"},"potentialAction":[{"@type":"SearchAction","target":{"@type":"EntryPoint","urlTemplate":"https:\/\/snes53.fr\/?s={search_term_string}"},"query-input":{"@type":"PropertyValueSpecification","valueRequired":true,"valueName":"search_term_string"}}],"inLanguage":"fr-FR"},{"@type":"Organization","@id":"https:\/\/snes53.fr\/#organization","name":"SNES-FSU 53","url":"https:\/\/snes53.fr\/","logo":{"@type":"ImageObject","inLanguage":"fr-FR","@id":"https:\/\/snes53.fr\/#\/schema\/logo\/image\/","url":"https:\/\/snes53.fr\/wp-content\/uploads\/2024\/07\/cropped-logo-snes-53-v2-3.png","contentUrl":"https:\/\/snes53.fr\/wp-content\/uploads\/2024\/07\/cropped-logo-snes-53-v2-3.png","width":944,"height":831,"caption":"SNES-FSU 53"},"image":{"@id":"https:\/\/snes53.fr\/#\/schema\/logo\/image\/"}},{"@type":"Person","@id":"https:\/\/snes53.fr\/#\/schema\/person\/42a254727ba896c9c6e12c398c9a7fe1","name":"SNES FSU 53","image":{"@type":"ImageObject","inLanguage":"fr-FR","@id":"https:\/\/snes53.fr\/#\/schema\/person\/image\/","url":"https:\/\/secure.gravatar.com\/avatar\/f07ff49cdac1b172208417959738d5d1fce2e5ff8a35952ea50e41b0f5cbf932?s=96&d=mm&r=g","contentUrl":"https:\/\/secure.gravatar.com\/avatar\/f07ff49cdac1b172208417959738d5d1fce2e5ff8a35952ea50e41b0f5cbf932?s=96&d=mm&r=g","caption":"SNES FSU 53"},"sameAs":["http:\/\/snes53.fr"],"url":"https:\/\/snes53.fr\/index.php\/author\/admin9881\/"}]}},"_links":{"self":[{"href":"https:\/\/snes53.fr\/index.php\/wp-json\/wp\/v2\/posts\/230","targetHints":{"allow":["GET"]}}],"collection":[{"href":"https:\/\/snes53.fr\/index.php\/wp-json\/wp\/v2\/posts"}],"about":[{"href":"https:\/\/snes53.fr\/index.php\/wp-json\/wp\/v2\/types\/post"}],"author":[{"embeddable":true,"href":"https:\/\/snes53.fr\/index.php\/wp-json\/wp\/v2\/users\/1"}],"replies":[{"embeddable":true,"href":"https:\/\/snes53.fr\/index.php\/wp-json\/wp\/v2\/comments?post=230"}],"version-history":[{"count":8,"href":"https:\/\/snes53.fr\/index.php\/wp-json\/wp\/v2\/posts\/230\/revisions"}],"predecessor-version":[{"id":245,"href":"https:\/\/snes53.fr\/index.php\/wp-json\/wp\/v2\/posts\/230\/revisions\/245"}],"wp:featuredmedia":[{"embeddable":true,"href":"https:\/\/snes53.fr\/index.php\/wp-json\/wp\/v2\/media\/231"}],"wp:attachment":[{"href":"https:\/\/snes53.fr\/index.php\/wp-json\/wp\/v2\/media?parent=230"}],"wp:term":[{"taxonomy":"category","embeddable":true,"href":"https:\/\/snes53.fr\/index.php\/wp-json\/wp\/v2\/categories?post=230"},{"taxonomy":"post_tag","embeddable":true,"href":"https:\/\/snes53.fr\/index.php\/wp-json\/wp\/v2\/tags?post=230"}],"curies":[{"name":"wp","href":"https:\/\/api.w.org\/{rel}","templated":true}]}}