{"id":211,"date":"2024-12-08T15:54:54","date_gmt":"2024-12-08T14:54:54","guid":{"rendered":"https:\/\/snes53.fr\/?p=211"},"modified":"2024-12-08T15:54:54","modified_gmt":"2024-12-08T14:54:54","slug":"compte-rendu-du-gt-amiante-du-3-decembre-2024","status":"publish","type":"post","link":"https:\/\/snes53.fr\/index.php\/2024\/12\/08\/compte-rendu-du-gt-amiante-du-3-decembre-2024\/","title":{"rendered":"Compte-rendu du GT Amiante du 3 d\u00e9cembre 2024"},"content":{"rendered":"\n<p>Le 3 d\u00e9cembre 2024, les membres de la F3SCT de la Mayenne \u00e9taient r\u00e9unis \u00e0 la DSDEN pour un groupe de travail autour de la probl\u00e9matique de l&rsquo;amiante. <\/p>\n\n\n\n<p>Apr\u00e8s une pr\u00e9sentation succinte de ce qu&rsquo;est l&rsquo;amiante, la DSDEN a pr\u00e9sent\u00e9 les risques li\u00e9s \u00e0 une exposition : <\/p>\n\n\n\n<p>Il faut retenir que seul le contact ou l&rsquo;inhalation des fibres d&rsquo;amiante (courte ou longue) pr\u00e9sentent un risque. <strong>Une seule fibre est canc\u00e9rig\u00e8ne<\/strong>. Les signes cliniques de ce contact avec l&rsquo;amiante peuvent se d\u00e9clencher plusieurs ann\u00e9es apr\u00e8s le contact (15-20-30 ans). <strong>L&rsquo;amiante est interdite depuis le 1er juillet 1997 mais ce mat\u00e9riau est toujours pr\u00e9sent dans nos \u00e9tablissements. <\/strong><br>Les signes m\u00e9dicaux sont les suivants : fibrose pulmonaire, des plaques pleurales calcifi\u00e9es, une pleur\u00e9sie exsudative b\u00e9nigne, des cancers pulmonaires, &#8230; Ce sont des maladies not\u00e9es dans le tableau des maladies professionnelles (tableau 30 et 30 bis). Pour les d\u00e9tecter, il faut faire une radio des poumons. <\/p>\n\n\n\n<p>Les documents qui permettent la tracabilit\u00e9 de l&rsquo;amiante dans le b\u00e2ti scolaire : <\/p>\n\n\n\n<ul class=\"wp-block-list\">\n<li><strong>Le DTA <\/strong>(Document Technique Amiante). Il doit \u00eatre sur le site et \u00e0 disposition du chef de service, des occupants des locaux, du m\u00e9decin de pr\u00e9vention et des repr\u00e9sentants des personnels de l&rsquo;\u00e9tablissement. Ces personnes doivent \u00eatre inform\u00e9es de l&rsquo;existence et des modalit\u00e9s du DTA. <\/li>\n\n\n\n<li><strong>La fiche r\u00e9capitulative du DTA<\/strong><\/li>\n\n\n\n<li><strong>Le RAT<\/strong> (Rep\u00e9rage Amiante avant Travaux). Ce n&rsquo;est qu&rsquo;un rep\u00e9rage visuel qui est effectu\u00e9. Donc cela peut poser probl\u00e8me par exemple pour les peintures (ce qui a \u00e9t\u00e9 relev\u00e9 par les membres de la F3SCT, car il faut des analyses chimiques). Le rep\u00e9rage avant travaux doit \u00eatre fait pour n&rsquo;importe quel chantier, que \u00e7a soit pour de petits travaux comme des travaux d&rsquo;ampleur. <\/li>\n<\/ul>\n\n\n\n<p class=\"has-vivid-red-color has-white-background-color has-text-color has-background has-link-color wp-elements-768481e572d108a0d7df82cbca8833ae\"><strong>Le DTA doit \u00eatre mis \u00e0 jour : <\/strong><\/p>\n\n\n\n<ul class=\"wp-block-list\">\n<li class=\"has-vivid-red-color has-text-color has-link-color wp-elements-1ca034a93e0a662ad18300dd8c43e10e\"><strong>Apr\u00e8s v\u00e9rification de l&rsquo;\u00e9tat de conservation, tous les 3 ans<\/strong><\/li>\n\n\n\n<li class=\"has-vivid-red-color has-text-color has-link-color wp-elements-47abdfe078ce60a242dae81863cbca4d\"><strong>Apr\u00e8s ex\u00e9cution de travaux. <\/strong><\/li>\n\n\n\n<li class=\"has-vivid-red-color has-text-color has-link-color wp-elements-8d689ae94569079f47051e3d399158ef\"><strong>Apr\u00e8s chaque mesure corrective. <\/strong><\/li>\n<\/ul>\n\n\n\n<p><strong>Le taux de r\u00e9ponse \u00e0 l&rsquo;enqu\u00eate amiante (dans tous les \u00e9tablissements scolaires) sur le b\u00e2ti scolaire est de 42%<\/strong> Nous sommes en dessous de la moyenne acad\u00e9mique qui est de 44.5% Cette enqu\u00eate donnera ses r\u00e9sultats lors du prochain F3SCT minist\u00e9riel, pr\u00e9vu en d\u00e9cembre. <\/p>\n\n\n\n<p>Le conseil d\u00e9partemental est ensuite venu pr\u00e9senter sa gestion de l&rsquo;amiante dans les coll\u00e8ges mayennais. <\/p>\n\n\n\n<p>Il nous a \u00e9voqu\u00e9 le fait que tous les DTA avaient \u00e9t\u00e9 mis \u00e0 jour au cours de l&rsquo;\u00e9t\u00e9 2024. Il y avait eu un retard dans ce travail par le conseil d\u00e9partemental. <\/p>\n\n\n\n<p>L&rsquo;amiante est pr\u00e9sente dans nos \u00e9tablissements dans les <strong>dalles vinyles au sol<\/strong>. <\/p>\n\n\n\n<p>Trois coll\u00e8ges sont not\u00e9s prioritaires dans les analyses et les travaux amiante : <\/p>\n\n\n\n<ul class=\"wp-block-list\">\n<li class=\"has-vivid-red-color has-text-color has-link-color wp-elements-3b5d7173906e8b2f3c73abe40b676a96\">Le coll\u00e8ge Volney \u00e0 Craon<\/li>\n\n\n\n<li class=\"has-vivid-red-color has-text-color has-link-color wp-elements-e9892104c66ea9ded3b1652a866761d2\">Le coll\u00e8ge Emmanuel de Martonne \u00e0 Laval<\/li>\n\n\n\n<li class=\"has-vivid-red-color has-text-color has-link-color wp-elements-bba100c53ab1fea3c2b3dd9afb48d87b\">Le coll\u00e8ge Francis Lallart \u00e0 Gorron.<\/li>\n<\/ul>\n\n\n\n<p>Le co\u00fbt estim\u00e9 des travaux est de l&rsquo;ordre de <strong>150000\u20ac\/an<\/strong> par le conseil d\u00e9partemental. Cela co\u00fbte 415\u20ac\/m\u00b2 de dalle \u00e0 d\u00e9samianter et \u00e0 remplacer par des sols souples. Les travaux auront lieu entre 2025 et 2027 : <\/p>\n\n\n\n<ul class=\"wp-block-list\">\n<li><strong>Emmanuel de Martonne : <\/strong>travaux durant l&rsquo;\u00e9t\u00e9 2025 (couloir du premier \u00e9tage)<\/li>\n\n\n\n<li><strong>Volney <\/strong>: b\u00e2timent A en 2025 \/ logements fonction en 2026. De nouvelles mesures doivent \u00eatre effectu\u00e9es par le CD 53 \u00e0 Craon car les premi\u00e8res mesures n&rsquo;ont pas \u00e9t\u00e9 faites dans des conditions d&rsquo;activit\u00e9 normales et sans prendre en compte les fibres courtes. <\/li>\n\n\n\n<li><strong>Francis Lallart :<\/strong> 2026-2027 (1er \u00e9tage plateau cours \u00e0 faire en premier, puis le 2e \u00e9tage)<\/li>\n<\/ul>\n\n\n\n<p>La DSDEN de la Mayenne pr\u00e9pare un outil de suivi dans les \u00e9tablissements pour faciliter la mise \u00e0 jour des DTA et le suivi des travaux. Les membres de la F3SCT (et Sud \u00e9ducation) ont relev\u00e9s le fait que la circulaire de 2015 pour l&rsquo;affichage obligatoire du risque amiante n&rsquo;\u00e9tait pas respect\u00e9 dans la plupart des cas. <\/p>\n\n\n\n<p class=\"has-white-color has-vivid-red-background-color has-text-color has-background has-link-color wp-elements-1c89cbb531045a44cf047ac43c3d1e87\">Le SNES-FSU, pour pr\u00e9parer cette r\u00e9union, a travaill\u00e9 avec le syndicat SUD Education 53, que l&rsquo;on remercie chaleureusement pour ce partage de connaissances et d&rsquo;informations. Une formation sera bient\u00f4t propos\u00e9e par nos camarades de SUD (au printemps 2025) sur ce sujet, auquel le SNES-FSU s&rsquo;associera. <\/p>\n\n\n\n<p>Ci-dessous, les guides officiels Education nationale et du gouvernement qui nous ont \u00e9t\u00e9 pr\u00e9sent\u00e9s sur le risque amiante. <\/p>\n\n\n\n<div data-wp-interactive=\"core\/file\" class=\"wp-block-file\"><object data-wp-bind--hidden=\"!state.hasPdfPreview\" hidden class=\"wp-block-file__embed\" data=\"https:\/\/snes53.fr\/wp-content\/uploads\/2024\/12\/guide-amiante-chef-de-service-septembre-2020-71595.pdf\" type=\"application\/pdf\" style=\"width:100%;height:600px\" aria-label=\"Contenu embarqu\u00e9 guide-amiante-chef-de-service-septembre-2020--71595.\"><\/object><a id=\"wp-block-file--media-aff78504-e751-4471-98d8-2567f8383e06\" href=\"https:\/\/snes53.fr\/wp-content\/uploads\/2024\/12\/guide-amiante-chef-de-service-septembre-2020-71595.pdf\">guide-amiante-chef-de-service-septembre-2020&#8211;71595<\/a><a href=\"https:\/\/snes53.fr\/wp-content\/uploads\/2024\/12\/guide-amiante-chef-de-service-septembre-2020-71595.pdf\" class=\"wp-block-file__button wp-element-button\" download aria-describedby=\"wp-block-file--media-aff78504-e751-4471-98d8-2567f8383e06\">T\u00e9l\u00e9charger<\/a><\/div>\n\n\n\n<div data-wp-interactive=\"core\/file\" class=\"wp-block-file\"><object data-wp-bind--hidden=\"!state.hasPdfPreview\" hidden class=\"wp-block-file__embed\" data=\"https:\/\/snes53.fr\/wp-content\/uploads\/2024\/12\/guide-amiante-agent-septembre-2020-71597.pdf\" type=\"application\/pdf\" style=\"width:100%;height:600px\" aria-label=\"Contenu embarqu\u00e9 guide-amiante-agent-septembre-2020--71597.\"><\/object><a id=\"wp-block-file--media-953b9c59-e70b-4ac6-a746-630e16b1bd6a\" href=\"https:\/\/snes53.fr\/wp-content\/uploads\/2024\/12\/guide-amiante-agent-septembre-2020-71597.pdf\">guide-amiante-agent-septembre-2020&#8211;71597<\/a><a href=\"https:\/\/snes53.fr\/wp-content\/uploads\/2024\/12\/guide-amiante-agent-septembre-2020-71597.pdf\" class=\"wp-block-file__button wp-element-button\" download aria-describedby=\"wp-block-file--media-953b9c59-e70b-4ac6-a746-630e16b1bd6a\">T\u00e9l\u00e9charger<\/a><\/div>\n","protected":false},"excerpt":{"rendered":"<p>Le 3 d\u00e9cembre 2024, les membres de la F3SCT de la Mayenne \u00e9taient r\u00e9unis \u00e0 la DSDEN pour un groupe de travail autour de la probl\u00e9matique de l&rsquo;amiante. Apr\u00e8s une pr\u00e9sentation succinte de ce qu&rsquo;est l&rsquo;amiante, la DSDEN a pr\u00e9sent\u00e9 les risques li\u00e9s \u00e0 une exposition : Il faut retenir que seul le contact ou [&hellip;]<\/p>\n","protected":false},"author":1,"featured_media":214,"comment_status":"closed","ping_status":"open","sticky":false,"template":"","format":"standard","meta":{"footnotes":""},"categories":[5,8],"tags":[],"class_list":["post-211","post","type-post","status-publish","format-standard","has-post-thumbnail","hentry","category-actualites","category-f3sct-ex-chsct"],"yoast_head":"<!-- This site is optimized with the Yoast SEO plugin v25.3.1 - https:\/\/yoast.com\/wordpress\/plugins\/seo\/ -->\n<title>Compte-rendu du GT Amiante du 3 d\u00e9cembre 2024 - SNES-FSU 53 - 1er syndicat du second degr\u00e9 de la Mayenne<\/title>\n<meta name=\"robots\" content=\"index, follow, max-snippet:-1, max-image-preview:large, max-video-preview:-1\" \/>\n<link rel=\"canonical\" href=\"https:\/\/snes53.fr\/index.php\/2024\/12\/08\/compte-rendu-du-gt-amiante-du-3-decembre-2024\/\" \/>\n<meta property=\"og:locale\" content=\"fr_FR\" \/>\n<meta property=\"og:type\" content=\"article\" \/>\n<meta property=\"og:title\" content=\"Compte-rendu du GT Amiante du 3 d\u00e9cembre 2024 - SNES-FSU 53 - 1er syndicat du second degr\u00e9 de la Mayenne\" \/>\n<meta property=\"og:description\" content=\"Le 3 d\u00e9cembre 2024, les membres de la F3SCT de la Mayenne \u00e9taient r\u00e9unis \u00e0 la DSDEN pour un groupe de travail autour de la probl\u00e9matique de l&rsquo;amiante. Apr\u00e8s une pr\u00e9sentation succinte de ce qu&rsquo;est l&rsquo;amiante, la DSDEN a pr\u00e9sent\u00e9 les risques li\u00e9s \u00e0 une exposition : Il faut retenir que seul le contact ou [&hellip;]\" \/>\n<meta property=\"og:url\" content=\"https:\/\/snes53.fr\/index.php\/2024\/12\/08\/compte-rendu-du-gt-amiante-du-3-decembre-2024\/\" \/>\n<meta property=\"og:site_name\" content=\"SNES-FSU 53 - 1er syndicat du second degr\u00e9 de la Mayenne\" \/>\n<meta property=\"article:published_time\" content=\"2024-12-08T14:54:54+00:00\" \/>\n<meta property=\"og:image\" content=\"https:\/\/snes53.fr\/wp-content\/uploads\/2024\/12\/asbest-tegels-kapot-2-1.jpg\" \/>\n\t<meta property=\"og:image:width\" content=\"840\" \/>\n\t<meta property=\"og:image:height\" content=\"640\" \/>\n\t<meta property=\"og:image:type\" content=\"image\/jpeg\" \/>\n<meta name=\"author\" content=\"SNES FSU 53\" \/>\n<meta name=\"twitter:card\" content=\"summary_large_image\" \/>\n<meta name=\"twitter:label1\" content=\"\u00c9crit par\" \/>\n\t<meta name=\"twitter:data1\" content=\"SNES FSU 53\" \/>\n\t<meta name=\"twitter:label2\" content=\"Dur\u00e9e de lecture estim\u00e9e\" \/>\n\t<meta name=\"twitter:data2\" content=\"4 minutes\" \/>\n<script type=\"application\/ld+json\" class=\"yoast-schema-graph\">{\"@context\":\"https:\/\/schema.org\",\"@graph\":[{\"@type\":\"Article\",\"@id\":\"https:\/\/snes53.fr\/index.php\/2024\/12\/08\/compte-rendu-du-gt-amiante-du-3-decembre-2024\/#article\",\"isPartOf\":{\"@id\":\"https:\/\/snes53.fr\/index.php\/2024\/12\/08\/compte-rendu-du-gt-amiante-du-3-decembre-2024\/\"},\"author\":{\"name\":\"SNES FSU 53\",\"@id\":\"https:\/\/snes53.fr\/#\/schema\/person\/42a254727ba896c9c6e12c398c9a7fe1\"},\"headline\":\"Compte-rendu du GT Amiante du 3 d\u00e9cembre 2024\",\"datePublished\":\"2024-12-08T14:54:54+00:00\",\"mainEntityOfPage\":{\"@id\":\"https:\/\/snes53.fr\/index.php\/2024\/12\/08\/compte-rendu-du-gt-amiante-du-3-decembre-2024\/\"},\"wordCount\":746,\"publisher\":{\"@id\":\"https:\/\/snes53.fr\/#organization\"},\"image\":{\"@id\":\"https:\/\/snes53.fr\/index.php\/2024\/12\/08\/compte-rendu-du-gt-amiante-du-3-decembre-2024\/#primaryimage\"},\"thumbnailUrl\":\"https:\/\/snes53.fr\/wp-content\/uploads\/2024\/12\/asbest-tegels-kapot-2-1.jpg\",\"articleSection\":[\"Actualit\u00e9s\",\"F3SCT (ex CHSCT)\"],\"inLanguage\":\"fr-FR\"},{\"@type\":\"WebPage\",\"@id\":\"https:\/\/snes53.fr\/index.php\/2024\/12\/08\/compte-rendu-du-gt-amiante-du-3-decembre-2024\/\",\"url\":\"https:\/\/snes53.fr\/index.php\/2024\/12\/08\/compte-rendu-du-gt-amiante-du-3-decembre-2024\/\",\"name\":\"Compte-rendu du GT Amiante du 3 d\u00e9cembre 2024 - SNES-FSU 53 - 1er syndicat du second degr\u00e9 de la Mayenne\",\"isPartOf\":{\"@id\":\"https:\/\/snes53.fr\/#website\"},\"primaryImageOfPage\":{\"@id\":\"https:\/\/snes53.fr\/index.php\/2024\/12\/08\/compte-rendu-du-gt-amiante-du-3-decembre-2024\/#primaryimage\"},\"image\":{\"@id\":\"https:\/\/snes53.fr\/index.php\/2024\/12\/08\/compte-rendu-du-gt-amiante-du-3-decembre-2024\/#primaryimage\"},\"thumbnailUrl\":\"https:\/\/snes53.fr\/wp-content\/uploads\/2024\/12\/asbest-tegels-kapot-2-1.jpg\",\"datePublished\":\"2024-12-08T14:54:54+00:00\",\"breadcrumb\":{\"@id\":\"https:\/\/snes53.fr\/index.php\/2024\/12\/08\/compte-rendu-du-gt-amiante-du-3-decembre-2024\/#breadcrumb\"},\"inLanguage\":\"fr-FR\",\"potentialAction\":[{\"@type\":\"ReadAction\",\"target\":[\"https:\/\/snes53.fr\/index.php\/2024\/12\/08\/compte-rendu-du-gt-amiante-du-3-decembre-2024\/\"]}]},{\"@type\":\"ImageObject\",\"inLanguage\":\"fr-FR\",\"@id\":\"https:\/\/snes53.fr\/index.php\/2024\/12\/08\/compte-rendu-du-gt-amiante-du-3-decembre-2024\/#primaryimage\",\"url\":\"https:\/\/snes53.fr\/wp-content\/uploads\/2024\/12\/asbest-tegels-kapot-2-1.jpg\",\"contentUrl\":\"https:\/\/snes53.fr\/wp-content\/uploads\/2024\/12\/asbest-tegels-kapot-2-1.jpg\",\"width\":840,\"height\":640},{\"@type\":\"BreadcrumbList\",\"@id\":\"https:\/\/snes53.fr\/index.php\/2024\/12\/08\/compte-rendu-du-gt-amiante-du-3-decembre-2024\/#breadcrumb\",\"itemListElement\":[{\"@type\":\"ListItem\",\"position\":1,\"name\":\"Accueil\",\"item\":\"https:\/\/snes53.fr\/\"},{\"@type\":\"ListItem\",\"position\":2,\"name\":\"Compte-rendu du GT Amiante du 3 d\u00e9cembre 2024\"}]},{\"@type\":\"WebSite\",\"@id\":\"https:\/\/snes53.fr\/#website\",\"url\":\"https:\/\/snes53.fr\/\",\"name\":\"SNES-FSU 53\",\"description\":\"\",\"publisher\":{\"@id\":\"https:\/\/snes53.fr\/#organization\"},\"potentialAction\":[{\"@type\":\"SearchAction\",\"target\":{\"@type\":\"EntryPoint\",\"urlTemplate\":\"https:\/\/snes53.fr\/?s={search_term_string}\"},\"query-input\":{\"@type\":\"PropertyValueSpecification\",\"valueRequired\":true,\"valueName\":\"search_term_string\"}}],\"inLanguage\":\"fr-FR\"},{\"@type\":\"Organization\",\"@id\":\"https:\/\/snes53.fr\/#organization\",\"name\":\"SNES-FSU 53\",\"url\":\"https:\/\/snes53.fr\/\",\"logo\":{\"@type\":\"ImageObject\",\"inLanguage\":\"fr-FR\",\"@id\":\"https:\/\/snes53.fr\/#\/schema\/logo\/image\/\",\"url\":\"https:\/\/snes53.fr\/wp-content\/uploads\/2024\/07\/cropped-logo-snes-53-v2-3.png\",\"contentUrl\":\"https:\/\/snes53.fr\/wp-content\/uploads\/2024\/07\/cropped-logo-snes-53-v2-3.png\",\"width\":944,\"height\":831,\"caption\":\"SNES-FSU 53\"},\"image\":{\"@id\":\"https:\/\/snes53.fr\/#\/schema\/logo\/image\/\"}},{\"@type\":\"Person\",\"@id\":\"https:\/\/snes53.fr\/#\/schema\/person\/42a254727ba896c9c6e12c398c9a7fe1\",\"name\":\"SNES FSU 53\",\"image\":{\"@type\":\"ImageObject\",\"inLanguage\":\"fr-FR\",\"@id\":\"https:\/\/snes53.fr\/#\/schema\/person\/image\/\",\"url\":\"https:\/\/secure.gravatar.com\/avatar\/f07ff49cdac1b172208417959738d5d1fce2e5ff8a35952ea50e41b0f5cbf932?s=96&d=mm&r=g\",\"contentUrl\":\"https:\/\/secure.gravatar.com\/avatar\/f07ff49cdac1b172208417959738d5d1fce2e5ff8a35952ea50e41b0f5cbf932?s=96&d=mm&r=g\",\"caption\":\"SNES FSU 53\"},\"sameAs\":[\"http:\/\/snes53.fr\"],\"url\":\"https:\/\/snes53.fr\/index.php\/author\/admin9881\/\"}]}<\/script>\n<!-- \/ Yoast SEO plugin. -->","yoast_head_json":{"title":"Compte-rendu du GT Amiante du 3 d\u00e9cembre 2024 - SNES-FSU 53 - 1er syndicat du second degr\u00e9 de la Mayenne","robots":{"index":"index","follow":"follow","max-snippet":"max-snippet:-1","max-image-preview":"max-image-preview:large","max-video-preview":"max-video-preview:-1"},"canonical":"https:\/\/snes53.fr\/index.php\/2024\/12\/08\/compte-rendu-du-gt-amiante-du-3-decembre-2024\/","og_locale":"fr_FR","og_type":"article","og_title":"Compte-rendu du GT Amiante du 3 d\u00e9cembre 2024 - SNES-FSU 53 - 1er syndicat du second degr\u00e9 de la Mayenne","og_description":"Le 3 d\u00e9cembre 2024, les membres de la F3SCT de la Mayenne \u00e9taient r\u00e9unis \u00e0 la DSDEN pour un groupe de travail autour de la probl\u00e9matique de l&rsquo;amiante. Apr\u00e8s une pr\u00e9sentation succinte de ce qu&rsquo;est l&rsquo;amiante, la DSDEN a pr\u00e9sent\u00e9 les risques li\u00e9s \u00e0 une exposition : Il faut retenir que seul le contact ou [&hellip;]","og_url":"https:\/\/snes53.fr\/index.php\/2024\/12\/08\/compte-rendu-du-gt-amiante-du-3-decembre-2024\/","og_site_name":"SNES-FSU 53 - 1er syndicat du second degr\u00e9 de la Mayenne","article_published_time":"2024-12-08T14:54:54+00:00","og_image":[{"width":840,"height":640,"url":"https:\/\/snes53.fr\/wp-content\/uploads\/2024\/12\/asbest-tegels-kapot-2-1.jpg","type":"image\/jpeg"}],"author":"SNES FSU 53","twitter_card":"summary_large_image","twitter_misc":{"\u00c9crit par":"SNES FSU 53","Dur\u00e9e de lecture estim\u00e9e":"4 minutes"},"schema":{"@context":"https:\/\/schema.org","@graph":[{"@type":"Article","@id":"https:\/\/snes53.fr\/index.php\/2024\/12\/08\/compte-rendu-du-gt-amiante-du-3-decembre-2024\/#article","isPartOf":{"@id":"https:\/\/snes53.fr\/index.php\/2024\/12\/08\/compte-rendu-du-gt-amiante-du-3-decembre-2024\/"},"author":{"name":"SNES FSU 53","@id":"https:\/\/snes53.fr\/#\/schema\/person\/42a254727ba896c9c6e12c398c9a7fe1"},"headline":"Compte-rendu du GT Amiante du 3 d\u00e9cembre 2024","datePublished":"2024-12-08T14:54:54+00:00","mainEntityOfPage":{"@id":"https:\/\/snes53.fr\/index.php\/2024\/12\/08\/compte-rendu-du-gt-amiante-du-3-decembre-2024\/"},"wordCount":746,"publisher":{"@id":"https:\/\/snes53.fr\/#organization"},"image":{"@id":"https:\/\/snes53.fr\/index.php\/2024\/12\/08\/compte-rendu-du-gt-amiante-du-3-decembre-2024\/#primaryimage"},"thumbnailUrl":"https:\/\/snes53.fr\/wp-content\/uploads\/2024\/12\/asbest-tegels-kapot-2-1.jpg","articleSection":["Actualit\u00e9s","F3SCT (ex CHSCT)"],"inLanguage":"fr-FR"},{"@type":"WebPage","@id":"https:\/\/snes53.fr\/index.php\/2024\/12\/08\/compte-rendu-du-gt-amiante-du-3-decembre-2024\/","url":"https:\/\/snes53.fr\/index.php\/2024\/12\/08\/compte-rendu-du-gt-amiante-du-3-decembre-2024\/","name":"Compte-rendu du GT Amiante du 3 d\u00e9cembre 2024 - SNES-FSU 53 - 1er syndicat du second degr\u00e9 de la Mayenne","isPartOf":{"@id":"https:\/\/snes53.fr\/#website"},"primaryImageOfPage":{"@id":"https:\/\/snes53.fr\/index.php\/2024\/12\/08\/compte-rendu-du-gt-amiante-du-3-decembre-2024\/#primaryimage"},"image":{"@id":"https:\/\/snes53.fr\/index.php\/2024\/12\/08\/compte-rendu-du-gt-amiante-du-3-decembre-2024\/#primaryimage"},"thumbnailUrl":"https:\/\/snes53.fr\/wp-content\/uploads\/2024\/12\/asbest-tegels-kapot-2-1.jpg","datePublished":"2024-12-08T14:54:54+00:00","breadcrumb":{"@id":"https:\/\/snes53.fr\/index.php\/2024\/12\/08\/compte-rendu-du-gt-amiante-du-3-decembre-2024\/#breadcrumb"},"inLanguage":"fr-FR","potentialAction":[{"@type":"ReadAction","target":["https:\/\/snes53.fr\/index.php\/2024\/12\/08\/compte-rendu-du-gt-amiante-du-3-decembre-2024\/"]}]},{"@type":"ImageObject","inLanguage":"fr-FR","@id":"https:\/\/snes53.fr\/index.php\/2024\/12\/08\/compte-rendu-du-gt-amiante-du-3-decembre-2024\/#primaryimage","url":"https:\/\/snes53.fr\/wp-content\/uploads\/2024\/12\/asbest-tegels-kapot-2-1.jpg","contentUrl":"https:\/\/snes53.fr\/wp-content\/uploads\/2024\/12\/asbest-tegels-kapot-2-1.jpg","width":840,"height":640},{"@type":"BreadcrumbList","@id":"https:\/\/snes53.fr\/index.php\/2024\/12\/08\/compte-rendu-du-gt-amiante-du-3-decembre-2024\/#breadcrumb","itemListElement":[{"@type":"ListItem","position":1,"name":"Accueil","item":"https:\/\/snes53.fr\/"},{"@type":"ListItem","position":2,"name":"Compte-rendu du GT Amiante du 3 d\u00e9cembre 2024"}]},{"@type":"WebSite","@id":"https:\/\/snes53.fr\/#website","url":"https:\/\/snes53.fr\/","name":"SNES-FSU 53","description":"","publisher":{"@id":"https:\/\/snes53.fr\/#organization"},"potentialAction":[{"@type":"SearchAction","target":{"@type":"EntryPoint","urlTemplate":"https:\/\/snes53.fr\/?s={search_term_string}"},"query-input":{"@type":"PropertyValueSpecification","valueRequired":true,"valueName":"search_term_string"}}],"inLanguage":"fr-FR"},{"@type":"Organization","@id":"https:\/\/snes53.fr\/#organization","name":"SNES-FSU 53","url":"https:\/\/snes53.fr\/","logo":{"@type":"ImageObject","inLanguage":"fr-FR","@id":"https:\/\/snes53.fr\/#\/schema\/logo\/image\/","url":"https:\/\/snes53.fr\/wp-content\/uploads\/2024\/07\/cropped-logo-snes-53-v2-3.png","contentUrl":"https:\/\/snes53.fr\/wp-content\/uploads\/2024\/07\/cropped-logo-snes-53-v2-3.png","width":944,"height":831,"caption":"SNES-FSU 53"},"image":{"@id":"https:\/\/snes53.fr\/#\/schema\/logo\/image\/"}},{"@type":"Person","@id":"https:\/\/snes53.fr\/#\/schema\/person\/42a254727ba896c9c6e12c398c9a7fe1","name":"SNES FSU 53","image":{"@type":"ImageObject","inLanguage":"fr-FR","@id":"https:\/\/snes53.fr\/#\/schema\/person\/image\/","url":"https:\/\/secure.gravatar.com\/avatar\/f07ff49cdac1b172208417959738d5d1fce2e5ff8a35952ea50e41b0f5cbf932?s=96&d=mm&r=g","contentUrl":"https:\/\/secure.gravatar.com\/avatar\/f07ff49cdac1b172208417959738d5d1fce2e5ff8a35952ea50e41b0f5cbf932?s=96&d=mm&r=g","caption":"SNES FSU 53"},"sameAs":["http:\/\/snes53.fr"],"url":"https:\/\/snes53.fr\/index.php\/author\/admin9881\/"}]}},"_links":{"self":[{"href":"https:\/\/snes53.fr\/index.php\/wp-json\/wp\/v2\/posts\/211","targetHints":{"allow":["GET"]}}],"collection":[{"href":"https:\/\/snes53.fr\/index.php\/wp-json\/wp\/v2\/posts"}],"about":[{"href":"https:\/\/snes53.fr\/index.php\/wp-json\/wp\/v2\/types\/post"}],"author":[{"embeddable":true,"href":"https:\/\/snes53.fr\/index.php\/wp-json\/wp\/v2\/users\/1"}],"replies":[{"embeddable":true,"href":"https:\/\/snes53.fr\/index.php\/wp-json\/wp\/v2\/comments?post=211"}],"version-history":[{"count":1,"href":"https:\/\/snes53.fr\/index.php\/wp-json\/wp\/v2\/posts\/211\/revisions"}],"predecessor-version":[{"id":215,"href":"https:\/\/snes53.fr\/index.php\/wp-json\/wp\/v2\/posts\/211\/revisions\/215"}],"wp:featuredmedia":[{"embeddable":true,"href":"https:\/\/snes53.fr\/index.php\/wp-json\/wp\/v2\/media\/214"}],"wp:attachment":[{"href":"https:\/\/snes53.fr\/index.php\/wp-json\/wp\/v2\/media?parent=211"}],"wp:term":[{"taxonomy":"category","embeddable":true,"href":"https:\/\/snes53.fr\/index.php\/wp-json\/wp\/v2\/categories?post=211"},{"taxonomy":"post_tag","embeddable":true,"href":"https:\/\/snes53.fr\/index.php\/wp-json\/wp\/v2\/tags?post=211"}],"curies":[{"name":"wp","href":"https:\/\/api.w.org\/{rel}","templated":true}]}}