{"id":180,"date":"2024-11-08T17:49:58","date_gmt":"2024-11-08T16:49:58","guid":{"rendered":"https:\/\/snes53.fr\/?p=180"},"modified":"2024-11-08T17:49:58","modified_gmt":"2024-11-08T16:49:58","slug":"non-aux-jours-de-carence","status":"publish","type":"post","link":"https:\/\/snes53.fr\/index.php\/2024\/11\/08\/non-aux-jours-de-carence\/","title":{"rendered":"Non aux jours de carence !"},"content":{"rendered":"\n<p>Une des mesures annonc\u00e9es par le ministre de la Fonction Publique (qu&rsquo;on devrait renommer destruction de la fonction publique) a \u00e9t\u00e9 de rajouter des jours de carence aux fonctionnaires, passant de 1 \u00e0 3, sur un pr\u00e9texte que les fonctionnaires sont plus absents que les salari\u00e9s du priv\u00e9, et pour s&rsquo;aligner sur les pratiques du priv\u00e9. <\/p>\n\n\n\n<p>La FSU d\u00e9nonce ces mesures visant une nouvelle fois \u00e0 stigmatiser toute la fonction publique, tout en pr\u00e9cisant que la majorit\u00e9 des salari\u00e9s du priv\u00e9, gr\u00e2ce \u00e0 leurs conventions collectives et leurs mutuelles (pay\u00e9es \u00e0 50% par l&#8217;employeur, ce qui n&rsquo;est toujours pas notre cas &#8230;) compensent ces jours de carence. <\/p>\n\n\n\n<p>La FSU a \u00e9t\u00e9 re\u00e7ue le jeudi 7 novembre dernier avec l&rsquo;ensemble de l&rsquo;intersyndicale au minist\u00e8re de la Fonction Publique. La r\u00e9union a \u00e9t\u00e9 tr\u00e8s tendue et le ministre n&rsquo;est pas revenu sur ses d\u00e9cisions (\u00e0 part la fin de la suppression des cat\u00e9gories). Donc pas de retour de la GIPA, pas de d\u00e9gel du point d&rsquo;indice, pas de retour sur les suppressions de poste et confirmation de ces trois jours de carence. <\/p>\n\n\n\n<p>La FSU va annoncer dans les prochains jours les actions \u00e0 suivre. Elle a depuis hier publi\u00e9 un simulateur pour se rendre compte des pertes financi\u00e8res si ces trois jours de carence (et les 90% de traitement au lieu des 100%) passaient pour 2025. Voici le lien \u00e0 visiter (et \u00e0 partager !) : <a href=\"https:\/\/fsu.fr\/calculateur-delai-de-carence-pour-maladie\/\">Calculateur d\u00e9lai de carence pour maladie &#8211; F\u00e9d\u00e9ration Syndicale Unitaire<\/a><\/p>\n\n\n\n<div data-wp-interactive=\"core\/file\" class=\"wp-block-file\"><object data-wp-bind--hidden=\"!state.hasPdfPreview\" hidden class=\"wp-block-file__embed\" data=\"https:\/\/snes53.fr\/wp-content\/uploads\/2024\/11\/Tractnovembre.pdf\" type=\"application\/pdf\" style=\"width:100%;height:600px\" aria-label=\"Contenu embarqu\u00e9 Tractnovembre.\"><\/object><a id=\"wp-block-file--media-52a91cf5-3ff8-4ce1-be53-e487d3078615\" href=\"https:\/\/snes53.fr\/wp-content\/uploads\/2024\/11\/Tractnovembre.pdf\">Tractnovembre<\/a><a href=\"https:\/\/snes53.fr\/wp-content\/uploads\/2024\/11\/Tractnovembre.pdf\" class=\"wp-block-file__button wp-element-button\" download aria-describedby=\"wp-block-file--media-52a91cf5-3ff8-4ce1-be53-e487d3078615\">T\u00e9l\u00e9charger<\/a><\/div>\n","protected":false},"excerpt":{"rendered":"<p>Une des mesures annonc\u00e9es par le ministre de la Fonction Publique (qu&rsquo;on devrait renommer destruction de la fonction publique) a \u00e9t\u00e9 de rajouter des jours de carence aux fonctionnaires, passant de 1 \u00e0 3, sur un pr\u00e9texte que les fonctionnaires sont plus absents que les salari\u00e9s du priv\u00e9, et pour s&rsquo;aligner sur les pratiques du [&hellip;]<\/p>\n","protected":false},"author":1,"featured_media":182,"comment_status":"closed","ping_status":"open","sticky":false,"template":"","format":"standard","meta":{"footnotes":""},"categories":[5],"tags":[],"class_list":["post-180","post","type-post","status-publish","format-standard","has-post-thumbnail","hentry","category-actualites"],"yoast_head":"<!-- This site is optimized with the Yoast SEO plugin v25.3.1 - https:\/\/yoast.com\/wordpress\/plugins\/seo\/ -->\n<title>Non aux jours de carence ! - SNES-FSU 53 - 1er syndicat du second degr\u00e9 de la Mayenne<\/title>\n<meta name=\"robots\" content=\"index, follow, max-snippet:-1, max-image-preview:large, max-video-preview:-1\" \/>\n<link rel=\"canonical\" href=\"https:\/\/snes53.fr\/index.php\/2024\/11\/08\/non-aux-jours-de-carence\/\" \/>\n<meta property=\"og:locale\" content=\"fr_FR\" \/>\n<meta property=\"og:type\" content=\"article\" \/>\n<meta property=\"og:title\" content=\"Non aux jours de carence ! - SNES-FSU 53 - 1er syndicat du second degr\u00e9 de la Mayenne\" \/>\n<meta property=\"og:description\" content=\"Une des mesures annonc\u00e9es par le ministre de la Fonction Publique (qu&rsquo;on devrait renommer destruction de la fonction publique) a \u00e9t\u00e9 de rajouter des jours de carence aux fonctionnaires, passant de 1 \u00e0 3, sur un pr\u00e9texte que les fonctionnaires sont plus absents que les salari\u00e9s du priv\u00e9, et pour s&rsquo;aligner sur les pratiques du [&hellip;]\" \/>\n<meta property=\"og:url\" content=\"https:\/\/snes53.fr\/index.php\/2024\/11\/08\/non-aux-jours-de-carence\/\" \/>\n<meta property=\"og:site_name\" content=\"SNES-FSU 53 - 1er syndicat du second degr\u00e9 de la Mayenne\" \/>\n<meta property=\"article:published_time\" content=\"2024-11-08T16:49:58+00:00\" \/>\n<meta property=\"og:image\" content=\"https:\/\/snes53.fr\/wp-content\/uploads\/2024\/11\/jour-de-carence-4.jpg\" \/>\n\t<meta property=\"og:image:width\" content=\"1024\" \/>\n\t<meta property=\"og:image:height\" content=\"756\" \/>\n\t<meta property=\"og:image:type\" content=\"image\/jpeg\" \/>\n<meta name=\"author\" content=\"SNES FSU 53\" \/>\n<meta name=\"twitter:card\" content=\"summary_large_image\" \/>\n<meta name=\"twitter:label1\" content=\"\u00c9crit par\" \/>\n\t<meta name=\"twitter:data1\" content=\"SNES FSU 53\" \/>\n\t<meta name=\"twitter:label2\" content=\"Dur\u00e9e de lecture estim\u00e9e\" \/>\n\t<meta name=\"twitter:data2\" content=\"1 minute\" \/>\n<script type=\"application\/ld+json\" class=\"yoast-schema-graph\">{\"@context\":\"https:\/\/schema.org\",\"@graph\":[{\"@type\":\"Article\",\"@id\":\"https:\/\/snes53.fr\/index.php\/2024\/11\/08\/non-aux-jours-de-carence\/#article\",\"isPartOf\":{\"@id\":\"https:\/\/snes53.fr\/index.php\/2024\/11\/08\/non-aux-jours-de-carence\/\"},\"author\":{\"name\":\"SNES FSU 53\",\"@id\":\"https:\/\/snes53.fr\/#\/schema\/person\/42a254727ba896c9c6e12c398c9a7fe1\"},\"headline\":\"Non aux jours de carence !\",\"datePublished\":\"2024-11-08T16:49:58+00:00\",\"mainEntityOfPage\":{\"@id\":\"https:\/\/snes53.fr\/index.php\/2024\/11\/08\/non-aux-jours-de-carence\/\"},\"wordCount\":262,\"publisher\":{\"@id\":\"https:\/\/snes53.fr\/#organization\"},\"image\":{\"@id\":\"https:\/\/snes53.fr\/index.php\/2024\/11\/08\/non-aux-jours-de-carence\/#primaryimage\"},\"thumbnailUrl\":\"https:\/\/snes53.fr\/wp-content\/uploads\/2024\/11\/jour-de-carence-4.jpg\",\"articleSection\":[\"Actualit\u00e9s\"],\"inLanguage\":\"fr-FR\"},{\"@type\":\"WebPage\",\"@id\":\"https:\/\/snes53.fr\/index.php\/2024\/11\/08\/non-aux-jours-de-carence\/\",\"url\":\"https:\/\/snes53.fr\/index.php\/2024\/11\/08\/non-aux-jours-de-carence\/\",\"name\":\"Non aux jours de carence ! - SNES-FSU 53 - 1er syndicat du second degr\u00e9 de la Mayenne\",\"isPartOf\":{\"@id\":\"https:\/\/snes53.fr\/#website\"},\"primaryImageOfPage\":{\"@id\":\"https:\/\/snes53.fr\/index.php\/2024\/11\/08\/non-aux-jours-de-carence\/#primaryimage\"},\"image\":{\"@id\":\"https:\/\/snes53.fr\/index.php\/2024\/11\/08\/non-aux-jours-de-carence\/#primaryimage\"},\"thumbnailUrl\":\"https:\/\/snes53.fr\/wp-content\/uploads\/2024\/11\/jour-de-carence-4.jpg\",\"datePublished\":\"2024-11-08T16:49:58+00:00\",\"breadcrumb\":{\"@id\":\"https:\/\/snes53.fr\/index.php\/2024\/11\/08\/non-aux-jours-de-carence\/#breadcrumb\"},\"inLanguage\":\"fr-FR\",\"potentialAction\":[{\"@type\":\"ReadAction\",\"target\":[\"https:\/\/snes53.fr\/index.php\/2024\/11\/08\/non-aux-jours-de-carence\/\"]}]},{\"@type\":\"ImageObject\",\"inLanguage\":\"fr-FR\",\"@id\":\"https:\/\/snes53.fr\/index.php\/2024\/11\/08\/non-aux-jours-de-carence\/#primaryimage\",\"url\":\"https:\/\/snes53.fr\/wp-content\/uploads\/2024\/11\/jour-de-carence-4.jpg\",\"contentUrl\":\"https:\/\/snes53.fr\/wp-content\/uploads\/2024\/11\/jour-de-carence-4.jpg\",\"width\":1024,\"height\":756},{\"@type\":\"BreadcrumbList\",\"@id\":\"https:\/\/snes53.fr\/index.php\/2024\/11\/08\/non-aux-jours-de-carence\/#breadcrumb\",\"itemListElement\":[{\"@type\":\"ListItem\",\"position\":1,\"name\":\"Accueil\",\"item\":\"https:\/\/snes53.fr\/\"},{\"@type\":\"ListItem\",\"position\":2,\"name\":\"Non aux jours de carence !\"}]},{\"@type\":\"WebSite\",\"@id\":\"https:\/\/snes53.fr\/#website\",\"url\":\"https:\/\/snes53.fr\/\",\"name\":\"SNES-FSU 53\",\"description\":\"\",\"publisher\":{\"@id\":\"https:\/\/snes53.fr\/#organization\"},\"potentialAction\":[{\"@type\":\"SearchAction\",\"target\":{\"@type\":\"EntryPoint\",\"urlTemplate\":\"https:\/\/snes53.fr\/?s={search_term_string}\"},\"query-input\":{\"@type\":\"PropertyValueSpecification\",\"valueRequired\":true,\"valueName\":\"search_term_string\"}}],\"inLanguage\":\"fr-FR\"},{\"@type\":\"Organization\",\"@id\":\"https:\/\/snes53.fr\/#organization\",\"name\":\"SNES-FSU 53\",\"url\":\"https:\/\/snes53.fr\/\",\"logo\":{\"@type\":\"ImageObject\",\"inLanguage\":\"fr-FR\",\"@id\":\"https:\/\/snes53.fr\/#\/schema\/logo\/image\/\",\"url\":\"https:\/\/snes53.fr\/wp-content\/uploads\/2024\/07\/cropped-logo-snes-53-v2-3.png\",\"contentUrl\":\"https:\/\/snes53.fr\/wp-content\/uploads\/2024\/07\/cropped-logo-snes-53-v2-3.png\",\"width\":944,\"height\":831,\"caption\":\"SNES-FSU 53\"},\"image\":{\"@id\":\"https:\/\/snes53.fr\/#\/schema\/logo\/image\/\"}},{\"@type\":\"Person\",\"@id\":\"https:\/\/snes53.fr\/#\/schema\/person\/42a254727ba896c9c6e12c398c9a7fe1\",\"name\":\"SNES FSU 53\",\"image\":{\"@type\":\"ImageObject\",\"inLanguage\":\"fr-FR\",\"@id\":\"https:\/\/snes53.fr\/#\/schema\/person\/image\/\",\"url\":\"https:\/\/secure.gravatar.com\/avatar\/f07ff49cdac1b172208417959738d5d1fce2e5ff8a35952ea50e41b0f5cbf932?s=96&d=mm&r=g\",\"contentUrl\":\"https:\/\/secure.gravatar.com\/avatar\/f07ff49cdac1b172208417959738d5d1fce2e5ff8a35952ea50e41b0f5cbf932?s=96&d=mm&r=g\",\"caption\":\"SNES FSU 53\"},\"sameAs\":[\"http:\/\/snes53.fr\"],\"url\":\"https:\/\/snes53.fr\/index.php\/author\/admin9881\/\"}]}<\/script>\n<!-- \/ Yoast SEO plugin. -->","yoast_head_json":{"title":"Non aux jours de carence ! - SNES-FSU 53 - 1er syndicat du second degr\u00e9 de la Mayenne","robots":{"index":"index","follow":"follow","max-snippet":"max-snippet:-1","max-image-preview":"max-image-preview:large","max-video-preview":"max-video-preview:-1"},"canonical":"https:\/\/snes53.fr\/index.php\/2024\/11\/08\/non-aux-jours-de-carence\/","og_locale":"fr_FR","og_type":"article","og_title":"Non aux jours de carence ! - SNES-FSU 53 - 1er syndicat du second degr\u00e9 de la Mayenne","og_description":"Une des mesures annonc\u00e9es par le ministre de la Fonction Publique (qu&rsquo;on devrait renommer destruction de la fonction publique) a \u00e9t\u00e9 de rajouter des jours de carence aux fonctionnaires, passant de 1 \u00e0 3, sur un pr\u00e9texte que les fonctionnaires sont plus absents que les salari\u00e9s du priv\u00e9, et pour s&rsquo;aligner sur les pratiques du [&hellip;]","og_url":"https:\/\/snes53.fr\/index.php\/2024\/11\/08\/non-aux-jours-de-carence\/","og_site_name":"SNES-FSU 53 - 1er syndicat du second degr\u00e9 de la Mayenne","article_published_time":"2024-11-08T16:49:58+00:00","og_image":[{"width":1024,"height":756,"url":"https:\/\/snes53.fr\/wp-content\/uploads\/2024\/11\/jour-de-carence-4.jpg","type":"image\/jpeg"}],"author":"SNES FSU 53","twitter_card":"summary_large_image","twitter_misc":{"\u00c9crit par":"SNES FSU 53","Dur\u00e9e de lecture estim\u00e9e":"1 minute"},"schema":{"@context":"https:\/\/schema.org","@graph":[{"@type":"Article","@id":"https:\/\/snes53.fr\/index.php\/2024\/11\/08\/non-aux-jours-de-carence\/#article","isPartOf":{"@id":"https:\/\/snes53.fr\/index.php\/2024\/11\/08\/non-aux-jours-de-carence\/"},"author":{"name":"SNES FSU 53","@id":"https:\/\/snes53.fr\/#\/schema\/person\/42a254727ba896c9c6e12c398c9a7fe1"},"headline":"Non aux jours de carence !","datePublished":"2024-11-08T16:49:58+00:00","mainEntityOfPage":{"@id":"https:\/\/snes53.fr\/index.php\/2024\/11\/08\/non-aux-jours-de-carence\/"},"wordCount":262,"publisher":{"@id":"https:\/\/snes53.fr\/#organization"},"image":{"@id":"https:\/\/snes53.fr\/index.php\/2024\/11\/08\/non-aux-jours-de-carence\/#primaryimage"},"thumbnailUrl":"https:\/\/snes53.fr\/wp-content\/uploads\/2024\/11\/jour-de-carence-4.jpg","articleSection":["Actualit\u00e9s"],"inLanguage":"fr-FR"},{"@type":"WebPage","@id":"https:\/\/snes53.fr\/index.php\/2024\/11\/08\/non-aux-jours-de-carence\/","url":"https:\/\/snes53.fr\/index.php\/2024\/11\/08\/non-aux-jours-de-carence\/","name":"Non aux jours de carence ! - SNES-FSU 53 - 1er syndicat du second degr\u00e9 de la Mayenne","isPartOf":{"@id":"https:\/\/snes53.fr\/#website"},"primaryImageOfPage":{"@id":"https:\/\/snes53.fr\/index.php\/2024\/11\/08\/non-aux-jours-de-carence\/#primaryimage"},"image":{"@id":"https:\/\/snes53.fr\/index.php\/2024\/11\/08\/non-aux-jours-de-carence\/#primaryimage"},"thumbnailUrl":"https:\/\/snes53.fr\/wp-content\/uploads\/2024\/11\/jour-de-carence-4.jpg","datePublished":"2024-11-08T16:49:58+00:00","breadcrumb":{"@id":"https:\/\/snes53.fr\/index.php\/2024\/11\/08\/non-aux-jours-de-carence\/#breadcrumb"},"inLanguage":"fr-FR","potentialAction":[{"@type":"ReadAction","target":["https:\/\/snes53.fr\/index.php\/2024\/11\/08\/non-aux-jours-de-carence\/"]}]},{"@type":"ImageObject","inLanguage":"fr-FR","@id":"https:\/\/snes53.fr\/index.php\/2024\/11\/08\/non-aux-jours-de-carence\/#primaryimage","url":"https:\/\/snes53.fr\/wp-content\/uploads\/2024\/11\/jour-de-carence-4.jpg","contentUrl":"https:\/\/snes53.fr\/wp-content\/uploads\/2024\/11\/jour-de-carence-4.jpg","width":1024,"height":756},{"@type":"BreadcrumbList","@id":"https:\/\/snes53.fr\/index.php\/2024\/11\/08\/non-aux-jours-de-carence\/#breadcrumb","itemListElement":[{"@type":"ListItem","position":1,"name":"Accueil","item":"https:\/\/snes53.fr\/"},{"@type":"ListItem","position":2,"name":"Non aux jours de carence !"}]},{"@type":"WebSite","@id":"https:\/\/snes53.fr\/#website","url":"https:\/\/snes53.fr\/","name":"SNES-FSU 53","description":"","publisher":{"@id":"https:\/\/snes53.fr\/#organization"},"potentialAction":[{"@type":"SearchAction","target":{"@type":"EntryPoint","urlTemplate":"https:\/\/snes53.fr\/?s={search_term_string}"},"query-input":{"@type":"PropertyValueSpecification","valueRequired":true,"valueName":"search_term_string"}}],"inLanguage":"fr-FR"},{"@type":"Organization","@id":"https:\/\/snes53.fr\/#organization","name":"SNES-FSU 53","url":"https:\/\/snes53.fr\/","logo":{"@type":"ImageObject","inLanguage":"fr-FR","@id":"https:\/\/snes53.fr\/#\/schema\/logo\/image\/","url":"https:\/\/snes53.fr\/wp-content\/uploads\/2024\/07\/cropped-logo-snes-53-v2-3.png","contentUrl":"https:\/\/snes53.fr\/wp-content\/uploads\/2024\/07\/cropped-logo-snes-53-v2-3.png","width":944,"height":831,"caption":"SNES-FSU 53"},"image":{"@id":"https:\/\/snes53.fr\/#\/schema\/logo\/image\/"}},{"@type":"Person","@id":"https:\/\/snes53.fr\/#\/schema\/person\/42a254727ba896c9c6e12c398c9a7fe1","name":"SNES FSU 53","image":{"@type":"ImageObject","inLanguage":"fr-FR","@id":"https:\/\/snes53.fr\/#\/schema\/person\/image\/","url":"https:\/\/secure.gravatar.com\/avatar\/f07ff49cdac1b172208417959738d5d1fce2e5ff8a35952ea50e41b0f5cbf932?s=96&d=mm&r=g","contentUrl":"https:\/\/secure.gravatar.com\/avatar\/f07ff49cdac1b172208417959738d5d1fce2e5ff8a35952ea50e41b0f5cbf932?s=96&d=mm&r=g","caption":"SNES FSU 53"},"sameAs":["http:\/\/snes53.fr"],"url":"https:\/\/snes53.fr\/index.php\/author\/admin9881\/"}]}},"_links":{"self":[{"href":"https:\/\/snes53.fr\/index.php\/wp-json\/wp\/v2\/posts\/180","targetHints":{"allow":["GET"]}}],"collection":[{"href":"https:\/\/snes53.fr\/index.php\/wp-json\/wp\/v2\/posts"}],"about":[{"href":"https:\/\/snes53.fr\/index.php\/wp-json\/wp\/v2\/types\/post"}],"author":[{"embeddable":true,"href":"https:\/\/snes53.fr\/index.php\/wp-json\/wp\/v2\/users\/1"}],"replies":[{"embeddable":true,"href":"https:\/\/snes53.fr\/index.php\/wp-json\/wp\/v2\/comments?post=180"}],"version-history":[{"count":1,"href":"https:\/\/snes53.fr\/index.php\/wp-json\/wp\/v2\/posts\/180\/revisions"}],"predecessor-version":[{"id":183,"href":"https:\/\/snes53.fr\/index.php\/wp-json\/wp\/v2\/posts\/180\/revisions\/183"}],"wp:featuredmedia":[{"embeddable":true,"href":"https:\/\/snes53.fr\/index.php\/wp-json\/wp\/v2\/media\/182"}],"wp:attachment":[{"href":"https:\/\/snes53.fr\/index.php\/wp-json\/wp\/v2\/media?parent=180"}],"wp:term":[{"taxonomy":"category","embeddable":true,"href":"https:\/\/snes53.fr\/index.php\/wp-json\/wp\/v2\/categories?post=180"},{"taxonomy":"post_tag","embeddable":true,"href":"https:\/\/snes53.fr\/index.php\/wp-json\/wp\/v2\/tags?post=180"}],"curies":[{"name":"wp","href":"https:\/\/api.w.org\/{rel}","templated":true}]}}