{"id":154,"date":"2024-10-13T15:48:25","date_gmt":"2024-10-13T13:48:25","guid":{"rendered":"https:\/\/snes53.fr\/?p=154"},"modified":"2024-10-13T15:48:25","modified_gmt":"2024-10-13T13:48:25","slug":"stage-aesh-le-jeudi-12-decembre-2024-a-laval","status":"publish","type":"post","link":"https:\/\/snes53.fr\/index.php\/2024\/10\/13\/stage-aesh-le-jeudi-12-decembre-2024-a-laval\/","title":{"rendered":"Stage AESH le jeudi 12 d\u00e9cembre 2024 \u00e0 Laval"},"content":{"rendered":"\n<p>La FSU 53, avec ses diff\u00e9rents syndicats (SNES-FSU, SNUIPP-FSU et SNUEP-FSU) organisent un stage \u00e0 destination des AESH le jeudi 12 d\u00e9cembre 2024 au lyc\u00e9e agricole de Laval. <\/p>\n\n\n\n<p>Ce stage, \u00e0 destination de toutes et de tous (syndiqu\u00e9 ou non) sera l&rsquo;occasion d&rsquo;\u00e9voquer les modalit\u00e9s de l&#8217;emploi d&rsquo;AESH au sein des \u00e9tablissements scolaires, les droits des AESH et comment les faire respecter. <\/p>\n\n\n\n<p>Pour rappel, toute personne a le droit \u00e0 12 jours \/ an de formation syndicale. Une journ\u00e9e de formation syndicale est sans perte de salaire ni rattrapage des temps de cours \u00ab\u00a0perdus\u00a0\u00bb. C&rsquo;est un droit ! <\/p>\n\n\n\n<p>Pour vous inscrire, compl\u00e9tez le formulaire : <a href=\"https:\/\/framaforms.org\/inscription-au-stage-syndical-aesh-1700843593\">https:\/\/framaforms.org\/inscription-au-stage-syndical-aesh-1700843593<\/a><\/p>\n\n\n\n<p>Vous avez un mois pour d\u00e9poser votre demande d&rsquo;autorisation d&rsquo;absence (donc jusqu&rsquo;au 12 novembre prochain)<\/p>\n\n\n\n<figure class=\"wp-block-image size-large\"><img loading=\"lazy\" decoding=\"async\" width=\"722\" height=\"1024\" src=\"https:\/\/snes53.fr\/wp-content\/uploads\/2024\/10\/capture_d_ecran_2024-10-11_162842-722x1024.jpg\" alt=\"\" class=\"wp-image-155\" srcset=\"https:\/\/snes53.fr\/wp-content\/uploads\/2024\/10\/capture_d_ecran_2024-10-11_162842-722x1024.jpg 722w, https:\/\/snes53.fr\/wp-content\/uploads\/2024\/10\/capture_d_ecran_2024-10-11_162842-212x300.jpg 212w, https:\/\/snes53.fr\/wp-content\/uploads\/2024\/10\/capture_d_ecran_2024-10-11_162842.jpg 756w\" sizes=\"auto, (max-width: 722px) 100vw, 722px\" \/><\/figure>\n","protected":false},"excerpt":{"rendered":"<p>La FSU 53, avec ses diff\u00e9rents syndicats (SNES-FSU, SNUIPP-FSU et SNUEP-FSU) organisent un stage \u00e0 destination des AESH le jeudi 12 d\u00e9cembre 2024 au lyc\u00e9e agricole de Laval. Ce stage, \u00e0 destination de toutes et de tous (syndiqu\u00e9 ou non) sera l&rsquo;occasion d&rsquo;\u00e9voquer les modalit\u00e9s de l&#8217;emploi d&rsquo;AESH au sein des \u00e9tablissements scolaires, les droits [&hellip;]<\/p>\n","protected":false},"author":1,"featured_media":155,"comment_status":"closed","ping_status":"open","sticky":false,"template":"","format":"standard","meta":{"footnotes":""},"categories":[5],"tags":[],"class_list":["post-154","post","type-post","status-publish","format-standard","has-post-thumbnail","hentry","category-actualites"],"yoast_head":"<!-- This site is optimized with the Yoast SEO plugin v25.3.1 - https:\/\/yoast.com\/wordpress\/plugins\/seo\/ -->\n<title>Stage AESH le jeudi 12 d\u00e9cembre 2024 \u00e0 Laval - SNES-FSU 53 - 1er syndicat du second degr\u00e9 de la Mayenne<\/title>\n<meta name=\"robots\" content=\"index, follow, max-snippet:-1, max-image-preview:large, max-video-preview:-1\" \/>\n<link rel=\"canonical\" href=\"https:\/\/snes53.fr\/index.php\/2024\/10\/13\/stage-aesh-le-jeudi-12-decembre-2024-a-laval\/\" \/>\n<meta property=\"og:locale\" content=\"fr_FR\" \/>\n<meta property=\"og:type\" content=\"article\" \/>\n<meta property=\"og:title\" content=\"Stage AESH le jeudi 12 d\u00e9cembre 2024 \u00e0 Laval - SNES-FSU 53 - 1er syndicat du second degr\u00e9 de la Mayenne\" \/>\n<meta property=\"og:description\" content=\"La FSU 53, avec ses diff\u00e9rents syndicats (SNES-FSU, SNUIPP-FSU et SNUEP-FSU) organisent un stage \u00e0 destination des AESH le jeudi 12 d\u00e9cembre 2024 au lyc\u00e9e agricole de Laval. Ce stage, \u00e0 destination de toutes et de tous (syndiqu\u00e9 ou non) sera l&rsquo;occasion d&rsquo;\u00e9voquer les modalit\u00e9s de l&#8217;emploi d&rsquo;AESH au sein des \u00e9tablissements scolaires, les droits [&hellip;]\" \/>\n<meta property=\"og:url\" content=\"https:\/\/snes53.fr\/index.php\/2024\/10\/13\/stage-aesh-le-jeudi-12-decembre-2024-a-laval\/\" \/>\n<meta property=\"og:site_name\" content=\"SNES-FSU 53 - 1er syndicat du second degr\u00e9 de la Mayenne\" \/>\n<meta property=\"article:published_time\" content=\"2024-10-13T13:48:25+00:00\" \/>\n<meta property=\"og:image\" content=\"https:\/\/snes53.fr\/wp-content\/uploads\/2024\/10\/capture_d_ecran_2024-10-11_162842.jpg\" \/>\n\t<meta property=\"og:image:width\" content=\"756\" \/>\n\t<meta property=\"og:image:height\" content=\"1072\" \/>\n\t<meta property=\"og:image:type\" content=\"image\/jpeg\" \/>\n<meta name=\"author\" content=\"SNES FSU 53\" \/>\n<meta name=\"twitter:card\" content=\"summary_large_image\" \/>\n<meta name=\"twitter:label1\" content=\"\u00c9crit par\" \/>\n\t<meta name=\"twitter:data1\" content=\"SNES FSU 53\" \/>\n\t<meta name=\"twitter:label2\" content=\"Dur\u00e9e de lecture estim\u00e9e\" \/>\n\t<meta name=\"twitter:data2\" content=\"1 minute\" \/>\n<script type=\"application\/ld+json\" class=\"yoast-schema-graph\">{\"@context\":\"https:\/\/schema.org\",\"@graph\":[{\"@type\":\"Article\",\"@id\":\"https:\/\/snes53.fr\/index.php\/2024\/10\/13\/stage-aesh-le-jeudi-12-decembre-2024-a-laval\/#article\",\"isPartOf\":{\"@id\":\"https:\/\/snes53.fr\/index.php\/2024\/10\/13\/stage-aesh-le-jeudi-12-decembre-2024-a-laval\/\"},\"author\":{\"name\":\"SNES FSU 53\",\"@id\":\"https:\/\/snes53.fr\/#\/schema\/person\/42a254727ba896c9c6e12c398c9a7fe1\"},\"headline\":\"Stage AESH le jeudi 12 d\u00e9cembre 2024 \u00e0 Laval\",\"datePublished\":\"2024-10-13T13:48:25+00:00\",\"mainEntityOfPage\":{\"@id\":\"https:\/\/snes53.fr\/index.php\/2024\/10\/13\/stage-aesh-le-jeudi-12-decembre-2024-a-laval\/\"},\"wordCount\":135,\"publisher\":{\"@id\":\"https:\/\/snes53.fr\/#organization\"},\"image\":{\"@id\":\"https:\/\/snes53.fr\/index.php\/2024\/10\/13\/stage-aesh-le-jeudi-12-decembre-2024-a-laval\/#primaryimage\"},\"thumbnailUrl\":\"https:\/\/snes53.fr\/wp-content\/uploads\/2024\/10\/capture_d_ecran_2024-10-11_162842.jpg\",\"articleSection\":[\"Actualit\u00e9s\"],\"inLanguage\":\"fr-FR\"},{\"@type\":\"WebPage\",\"@id\":\"https:\/\/snes53.fr\/index.php\/2024\/10\/13\/stage-aesh-le-jeudi-12-decembre-2024-a-laval\/\",\"url\":\"https:\/\/snes53.fr\/index.php\/2024\/10\/13\/stage-aesh-le-jeudi-12-decembre-2024-a-laval\/\",\"name\":\"Stage AESH le jeudi 12 d\u00e9cembre 2024 \u00e0 Laval - SNES-FSU 53 - 1er syndicat du second degr\u00e9 de la Mayenne\",\"isPartOf\":{\"@id\":\"https:\/\/snes53.fr\/#website\"},\"primaryImageOfPage\":{\"@id\":\"https:\/\/snes53.fr\/index.php\/2024\/10\/13\/stage-aesh-le-jeudi-12-decembre-2024-a-laval\/#primaryimage\"},\"image\":{\"@id\":\"https:\/\/snes53.fr\/index.php\/2024\/10\/13\/stage-aesh-le-jeudi-12-decembre-2024-a-laval\/#primaryimage\"},\"thumbnailUrl\":\"https:\/\/snes53.fr\/wp-content\/uploads\/2024\/10\/capture_d_ecran_2024-10-11_162842.jpg\",\"datePublished\":\"2024-10-13T13:48:25+00:00\",\"breadcrumb\":{\"@id\":\"https:\/\/snes53.fr\/index.php\/2024\/10\/13\/stage-aesh-le-jeudi-12-decembre-2024-a-laval\/#breadcrumb\"},\"inLanguage\":\"fr-FR\",\"potentialAction\":[{\"@type\":\"ReadAction\",\"target\":[\"https:\/\/snes53.fr\/index.php\/2024\/10\/13\/stage-aesh-le-jeudi-12-decembre-2024-a-laval\/\"]}]},{\"@type\":\"ImageObject\",\"inLanguage\":\"fr-FR\",\"@id\":\"https:\/\/snes53.fr\/index.php\/2024\/10\/13\/stage-aesh-le-jeudi-12-decembre-2024-a-laval\/#primaryimage\",\"url\":\"https:\/\/snes53.fr\/wp-content\/uploads\/2024\/10\/capture_d_ecran_2024-10-11_162842.jpg\",\"contentUrl\":\"https:\/\/snes53.fr\/wp-content\/uploads\/2024\/10\/capture_d_ecran_2024-10-11_162842.jpg\",\"width\":756,\"height\":1072},{\"@type\":\"BreadcrumbList\",\"@id\":\"https:\/\/snes53.fr\/index.php\/2024\/10\/13\/stage-aesh-le-jeudi-12-decembre-2024-a-laval\/#breadcrumb\",\"itemListElement\":[{\"@type\":\"ListItem\",\"position\":1,\"name\":\"Accueil\",\"item\":\"https:\/\/snes53.fr\/\"},{\"@type\":\"ListItem\",\"position\":2,\"name\":\"Stage AESH le jeudi 12 d\u00e9cembre 2024 \u00e0 Laval\"}]},{\"@type\":\"WebSite\",\"@id\":\"https:\/\/snes53.fr\/#website\",\"url\":\"https:\/\/snes53.fr\/\",\"name\":\"SNES-FSU 53\",\"description\":\"\",\"publisher\":{\"@id\":\"https:\/\/snes53.fr\/#organization\"},\"potentialAction\":[{\"@type\":\"SearchAction\",\"target\":{\"@type\":\"EntryPoint\",\"urlTemplate\":\"https:\/\/snes53.fr\/?s={search_term_string}\"},\"query-input\":{\"@type\":\"PropertyValueSpecification\",\"valueRequired\":true,\"valueName\":\"search_term_string\"}}],\"inLanguage\":\"fr-FR\"},{\"@type\":\"Organization\",\"@id\":\"https:\/\/snes53.fr\/#organization\",\"name\":\"SNES-FSU 53\",\"url\":\"https:\/\/snes53.fr\/\",\"logo\":{\"@type\":\"ImageObject\",\"inLanguage\":\"fr-FR\",\"@id\":\"https:\/\/snes53.fr\/#\/schema\/logo\/image\/\",\"url\":\"https:\/\/snes53.fr\/wp-content\/uploads\/2024\/07\/cropped-logo-snes-53-v2-3.png\",\"contentUrl\":\"https:\/\/snes53.fr\/wp-content\/uploads\/2024\/07\/cropped-logo-snes-53-v2-3.png\",\"width\":944,\"height\":831,\"caption\":\"SNES-FSU 53\"},\"image\":{\"@id\":\"https:\/\/snes53.fr\/#\/schema\/logo\/image\/\"}},{\"@type\":\"Person\",\"@id\":\"https:\/\/snes53.fr\/#\/schema\/person\/42a254727ba896c9c6e12c398c9a7fe1\",\"name\":\"SNES FSU 53\",\"image\":{\"@type\":\"ImageObject\",\"inLanguage\":\"fr-FR\",\"@id\":\"https:\/\/snes53.fr\/#\/schema\/person\/image\/\",\"url\":\"https:\/\/secure.gravatar.com\/avatar\/f07ff49cdac1b172208417959738d5d1fce2e5ff8a35952ea50e41b0f5cbf932?s=96&d=mm&r=g\",\"contentUrl\":\"https:\/\/secure.gravatar.com\/avatar\/f07ff49cdac1b172208417959738d5d1fce2e5ff8a35952ea50e41b0f5cbf932?s=96&d=mm&r=g\",\"caption\":\"SNES FSU 53\"},\"sameAs\":[\"http:\/\/snes53.fr\"],\"url\":\"https:\/\/snes53.fr\/index.php\/author\/admin9881\/\"}]}<\/script>\n<!-- \/ Yoast SEO plugin. -->","yoast_head_json":{"title":"Stage AESH le jeudi 12 d\u00e9cembre 2024 \u00e0 Laval - SNES-FSU 53 - 1er syndicat du second degr\u00e9 de la Mayenne","robots":{"index":"index","follow":"follow","max-snippet":"max-snippet:-1","max-image-preview":"max-image-preview:large","max-video-preview":"max-video-preview:-1"},"canonical":"https:\/\/snes53.fr\/index.php\/2024\/10\/13\/stage-aesh-le-jeudi-12-decembre-2024-a-laval\/","og_locale":"fr_FR","og_type":"article","og_title":"Stage AESH le jeudi 12 d\u00e9cembre 2024 \u00e0 Laval - SNES-FSU 53 - 1er syndicat du second degr\u00e9 de la Mayenne","og_description":"La FSU 53, avec ses diff\u00e9rents syndicats (SNES-FSU, SNUIPP-FSU et SNUEP-FSU) organisent un stage \u00e0 destination des AESH le jeudi 12 d\u00e9cembre 2024 au lyc\u00e9e agricole de Laval. Ce stage, \u00e0 destination de toutes et de tous (syndiqu\u00e9 ou non) sera l&rsquo;occasion d&rsquo;\u00e9voquer les modalit\u00e9s de l&#8217;emploi d&rsquo;AESH au sein des \u00e9tablissements scolaires, les droits [&hellip;]","og_url":"https:\/\/snes53.fr\/index.php\/2024\/10\/13\/stage-aesh-le-jeudi-12-decembre-2024-a-laval\/","og_site_name":"SNES-FSU 53 - 1er syndicat du second degr\u00e9 de la Mayenne","article_published_time":"2024-10-13T13:48:25+00:00","og_image":[{"width":756,"height":1072,"url":"https:\/\/snes53.fr\/wp-content\/uploads\/2024\/10\/capture_d_ecran_2024-10-11_162842.jpg","type":"image\/jpeg"}],"author":"SNES FSU 53","twitter_card":"summary_large_image","twitter_misc":{"\u00c9crit par":"SNES FSU 53","Dur\u00e9e de lecture estim\u00e9e":"1 minute"},"schema":{"@context":"https:\/\/schema.org","@graph":[{"@type":"Article","@id":"https:\/\/snes53.fr\/index.php\/2024\/10\/13\/stage-aesh-le-jeudi-12-decembre-2024-a-laval\/#article","isPartOf":{"@id":"https:\/\/snes53.fr\/index.php\/2024\/10\/13\/stage-aesh-le-jeudi-12-decembre-2024-a-laval\/"},"author":{"name":"SNES FSU 53","@id":"https:\/\/snes53.fr\/#\/schema\/person\/42a254727ba896c9c6e12c398c9a7fe1"},"headline":"Stage AESH le jeudi 12 d\u00e9cembre 2024 \u00e0 Laval","datePublished":"2024-10-13T13:48:25+00:00","mainEntityOfPage":{"@id":"https:\/\/snes53.fr\/index.php\/2024\/10\/13\/stage-aesh-le-jeudi-12-decembre-2024-a-laval\/"},"wordCount":135,"publisher":{"@id":"https:\/\/snes53.fr\/#organization"},"image":{"@id":"https:\/\/snes53.fr\/index.php\/2024\/10\/13\/stage-aesh-le-jeudi-12-decembre-2024-a-laval\/#primaryimage"},"thumbnailUrl":"https:\/\/snes53.fr\/wp-content\/uploads\/2024\/10\/capture_d_ecran_2024-10-11_162842.jpg","articleSection":["Actualit\u00e9s"],"inLanguage":"fr-FR"},{"@type":"WebPage","@id":"https:\/\/snes53.fr\/index.php\/2024\/10\/13\/stage-aesh-le-jeudi-12-decembre-2024-a-laval\/","url":"https:\/\/snes53.fr\/index.php\/2024\/10\/13\/stage-aesh-le-jeudi-12-decembre-2024-a-laval\/","name":"Stage AESH le jeudi 12 d\u00e9cembre 2024 \u00e0 Laval - SNES-FSU 53 - 1er syndicat du second degr\u00e9 de la Mayenne","isPartOf":{"@id":"https:\/\/snes53.fr\/#website"},"primaryImageOfPage":{"@id":"https:\/\/snes53.fr\/index.php\/2024\/10\/13\/stage-aesh-le-jeudi-12-decembre-2024-a-laval\/#primaryimage"},"image":{"@id":"https:\/\/snes53.fr\/index.php\/2024\/10\/13\/stage-aesh-le-jeudi-12-decembre-2024-a-laval\/#primaryimage"},"thumbnailUrl":"https:\/\/snes53.fr\/wp-content\/uploads\/2024\/10\/capture_d_ecran_2024-10-11_162842.jpg","datePublished":"2024-10-13T13:48:25+00:00","breadcrumb":{"@id":"https:\/\/snes53.fr\/index.php\/2024\/10\/13\/stage-aesh-le-jeudi-12-decembre-2024-a-laval\/#breadcrumb"},"inLanguage":"fr-FR","potentialAction":[{"@type":"ReadAction","target":["https:\/\/snes53.fr\/index.php\/2024\/10\/13\/stage-aesh-le-jeudi-12-decembre-2024-a-laval\/"]}]},{"@type":"ImageObject","inLanguage":"fr-FR","@id":"https:\/\/snes53.fr\/index.php\/2024\/10\/13\/stage-aesh-le-jeudi-12-decembre-2024-a-laval\/#primaryimage","url":"https:\/\/snes53.fr\/wp-content\/uploads\/2024\/10\/capture_d_ecran_2024-10-11_162842.jpg","contentUrl":"https:\/\/snes53.fr\/wp-content\/uploads\/2024\/10\/capture_d_ecran_2024-10-11_162842.jpg","width":756,"height":1072},{"@type":"BreadcrumbList","@id":"https:\/\/snes53.fr\/index.php\/2024\/10\/13\/stage-aesh-le-jeudi-12-decembre-2024-a-laval\/#breadcrumb","itemListElement":[{"@type":"ListItem","position":1,"name":"Accueil","item":"https:\/\/snes53.fr\/"},{"@type":"ListItem","position":2,"name":"Stage AESH le jeudi 12 d\u00e9cembre 2024 \u00e0 Laval"}]},{"@type":"WebSite","@id":"https:\/\/snes53.fr\/#website","url":"https:\/\/snes53.fr\/","name":"SNES-FSU 53","description":"","publisher":{"@id":"https:\/\/snes53.fr\/#organization"},"potentialAction":[{"@type":"SearchAction","target":{"@type":"EntryPoint","urlTemplate":"https:\/\/snes53.fr\/?s={search_term_string}"},"query-input":{"@type":"PropertyValueSpecification","valueRequired":true,"valueName":"search_term_string"}}],"inLanguage":"fr-FR"},{"@type":"Organization","@id":"https:\/\/snes53.fr\/#organization","name":"SNES-FSU 53","url":"https:\/\/snes53.fr\/","logo":{"@type":"ImageObject","inLanguage":"fr-FR","@id":"https:\/\/snes53.fr\/#\/schema\/logo\/image\/","url":"https:\/\/snes53.fr\/wp-content\/uploads\/2024\/07\/cropped-logo-snes-53-v2-3.png","contentUrl":"https:\/\/snes53.fr\/wp-content\/uploads\/2024\/07\/cropped-logo-snes-53-v2-3.png","width":944,"height":831,"caption":"SNES-FSU 53"},"image":{"@id":"https:\/\/snes53.fr\/#\/schema\/logo\/image\/"}},{"@type":"Person","@id":"https:\/\/snes53.fr\/#\/schema\/person\/42a254727ba896c9c6e12c398c9a7fe1","name":"SNES FSU 53","image":{"@type":"ImageObject","inLanguage":"fr-FR","@id":"https:\/\/snes53.fr\/#\/schema\/person\/image\/","url":"https:\/\/secure.gravatar.com\/avatar\/f07ff49cdac1b172208417959738d5d1fce2e5ff8a35952ea50e41b0f5cbf932?s=96&d=mm&r=g","contentUrl":"https:\/\/secure.gravatar.com\/avatar\/f07ff49cdac1b172208417959738d5d1fce2e5ff8a35952ea50e41b0f5cbf932?s=96&d=mm&r=g","caption":"SNES FSU 53"},"sameAs":["http:\/\/snes53.fr"],"url":"https:\/\/snes53.fr\/index.php\/author\/admin9881\/"}]}},"_links":{"self":[{"href":"https:\/\/snes53.fr\/index.php\/wp-json\/wp\/v2\/posts\/154","targetHints":{"allow":["GET"]}}],"collection":[{"href":"https:\/\/snes53.fr\/index.php\/wp-json\/wp\/v2\/posts"}],"about":[{"href":"https:\/\/snes53.fr\/index.php\/wp-json\/wp\/v2\/types\/post"}],"author":[{"embeddable":true,"href":"https:\/\/snes53.fr\/index.php\/wp-json\/wp\/v2\/users\/1"}],"replies":[{"embeddable":true,"href":"https:\/\/snes53.fr\/index.php\/wp-json\/wp\/v2\/comments?post=154"}],"version-history":[{"count":1,"href":"https:\/\/snes53.fr\/index.php\/wp-json\/wp\/v2\/posts\/154\/revisions"}],"predecessor-version":[{"id":156,"href":"https:\/\/snes53.fr\/index.php\/wp-json\/wp\/v2\/posts\/154\/revisions\/156"}],"wp:featuredmedia":[{"embeddable":true,"href":"https:\/\/snes53.fr\/index.php\/wp-json\/wp\/v2\/media\/155"}],"wp:attachment":[{"href":"https:\/\/snes53.fr\/index.php\/wp-json\/wp\/v2\/media?parent=154"}],"wp:term":[{"taxonomy":"category","embeddable":true,"href":"https:\/\/snes53.fr\/index.php\/wp-json\/wp\/v2\/categories?post=154"},{"taxonomy":"post_tag","embeddable":true,"href":"https:\/\/snes53.fr\/index.php\/wp-json\/wp\/v2\/tags?post=154"}],"curies":[{"name":"wp","href":"https:\/\/api.w.org\/{rel}","templated":true}]}}